{"id":380362,"date":"2021-06-13T18:54:29","date_gmt":"2021-06-14T00:54:29","guid":{"rendered":"https:\/\/www.zunoticia.com\/noticias-de-hidalgo\/?p=380362"},"modified":"2021-06-13T18:54:30","modified_gmt":"2021-06-14T00:54:30","slug":"por-pandemia-aumento-indice-de-obesidad","status":"publish","type":"post","link":"https:\/\/www.zunoticia.com\/noticias-de-hidalgo\/2021\/06\/13\/por-pandemia-aumento-indice-de-obesidad\/","title":{"rendered":"Por pandemia aument\u00f3 \u00edndice de obesidad"},"content":{"rendered":"<aside class=\"mashsb-container mashsb-main mashsb-stretched\"><div class=\"mashsb-box\"><div class=\"mashsb-count mash-large\" style=\"float:left\"><div class=\"counts mashsbcount\">0<\/div><span class=\"mashsb-sharetext\">SHARES<\/span><\/div><div class=\"mashsb-buttons\"><a class=\"mashicon-facebook mash-large mash-center mashsb-noshadow\" href=\"https:\/\/www.facebook.com\/sharer.php?u=https%3A%2F%2Fwww.zunoticia.com%2Fnoticias-de-hidalgo%2F2021%2F06%2F13%2Fpor-pandemia-aumento-indice-de-obesidad%2F\" target=\"_top\" rel=\"nofollow\"><span class=\"icon\"><\/span><span class=\"text\">Share<\/span><\/a><a class=\"mashicon-twitter mash-large mash-center mashsb-noshadow\" href=\"https:\/\/twitter.com\/intent\/tweet?text=&amp;url=https:\/\/www.zunoticia.com\/noticias-de-hidalgo\/2021\/06\/13\/por-pandemia-aumento-indice-de-obesidad\/\" target=\"_top\" rel=\"nofollow\"><span class=\"icon\"><\/span><span class=\"text\">Tweet<\/span><\/a><div class=\"onoffswitch2 mash-large mashsb-noshadow\" style=\"display:none\"><\/div><\/div>\n            <\/div>\n                <div style=\"clear:both\"><\/div><div class=\"mashsb-toggle-container\"><\/div><\/aside>\n            <!-- Share buttons by mashshare.net - Version: 4.0.47-->\n<p><strong>Jaltoc\u00e1n, Hgo.-<\/strong> &#8220;Hay una gran respuesta por parte de todas las mujeres que se inscribieron en el reto para bajar de peso, agradecemos la confianza que nos han tenido, esperamos y confiamos en que todas las inscritas habr\u00e1n de llegar a su peso ideal y mantener una vida saludable&#8221;<\/p>\n\n\n\n<p>Indic\u00f3 la regidora que apoya a la comisi\u00f3n de salud a cargo de la doctora&nbsp; Adriana Nava Hern\u00e1ndez, qui\u00e9n dijo que desde el pasado primero de junio dio inicio el reto para bajar de peso y llevar una vida m\u00e1s saludable, por lo que alrededor de 25 mujeres participan en este proyecto que busca que las f\u00e9minas puedan mejorar su salud, y combatir los \u00edndices de obesidad.<\/p>\n\n\n\n<p>La doctora, se\u00f1al\u00f3 que los casos de obesidad son altos en esta demarcaci\u00f3n, principalmente porque no existe una cultura de llevar una vida sana, comer sano, hacer ejercicio y que la pandemia ocasion\u00f3 que este problema creciera en gran medida, inclusive en j\u00f3venes y ni\u00f1os lo cual es preocupante, sin embargo por esa raz\u00f3n se opt\u00f3 por poner en marcha este plan de vida saludable.<\/p>\n\n\n\n<p>Este reto termina el pr\u00f3ximo primero de agosto, por lo que agradeci\u00f3 a quienes se han sumado a este programa, as\u00ed como tambi\u00e9n por el apoyo que han tenido, adem\u00e1s de que en pr\u00f3ximos meses estar\u00e1n trabajando tambi\u00e9n con los dem\u00e1s sectores poblacionales para seguir en la lucha de disminuir los \u00edndices de obesidad.<\/p>\n\n\n\n<p>&#8220;Vamos muy bien, este reto lo vamos a llevar a cabo con ni\u00f1os y con j\u00f3venes, lo que queremos es que todos nos incluyamos y que juntos podamos mejorar los h\u00e1bitos alimenticios, tenemos el asesoramiento de nutri\u00f3logos y creo que podemos lograr mucho si seguimos trabajando juntos, como te repito es alarmante el \u00edndice de obesidad principalmente en j\u00f3venes y ni\u00f1os y vamos a trabajar en ellos tambi\u00e9n&#8221; finaliz\u00f3.<\/p>\n\n\n\n<p><em>Por \u00c1ngel Silverio\/Zunoticia.<\/em><\/p>\n","protected":false},"excerpt":{"rendered":"<p>Jaltoc\u00e1n, Hgo.- &#8220;Hay una gran respuesta por parte de todas las mujeres que se inscribieron en el reto para bajar de peso, agradecemos la confianza que nos han tenido, esperamos y confiamos en que todas las inscritas habr\u00e1n de llegar a su peso ideal y mantener una vida saludable&#8221; Indic\u00f3 la regidora que apoya a&hellip; <a class=\"more-link\" href=\"https:\/\/www.zunoticia.com\/noticias-de-hidalgo\/2021\/06\/13\/por-pandemia-aumento-indice-de-obesidad\/\">Seguir leyendo <span class=\"screen-reader-text\">Por pandemia aument\u00f3 \u00edndice de obesidad<\/span><\/a><\/p>\n","protected":false},"author":12,"featured_media":380378,"comment_status":"open","ping_status":"open","sticky":false,"template":"","format":"standard","meta":{"rop_custom_images_group":[],"rop_custom_messages_group":[],"rop_publish_now":"initial","rop_publish_now_accounts":{"facebook_10159540855086992_322828327761733":""},"rop_publish_now_history":[],"rop_publish_now_status":"pending","footnotes":""},"categories":[179,200],"tags":[249],"class_list":["post-380362","post","type-post","status-publish","format-standard","has-post-thumbnail","hentry","category-huasteca","category-jaltocan","tag-jaltocan-2","entry"],"_links":{"self":[{"href":"https:\/\/www.zunoticia.com\/noticias-de-hidalgo\/wp-json\/wp\/v2\/posts\/380362","targetHints":{"allow":["GET"]}}],"collection":[{"href":"https:\/\/www.zunoticia.com\/noticias-de-hidalgo\/wp-json\/wp\/v2\/posts"}],"about":[{"href":"https:\/\/www.zunoticia.com\/noticias-de-hidalgo\/wp-json\/wp\/v2\/types\/post"}],"author":[{"embeddable":true,"href":"https:\/\/www.zunoticia.com\/noticias-de-hidalgo\/wp-json\/wp\/v2\/users\/12"}],"replies":[{"embeddable":true,"href":"https:\/\/www.zunoticia.com\/noticias-de-hidalgo\/wp-json\/wp\/v2\/comments?post=380362"}],"version-history":[{"count":1,"href":"https:\/\/www.zunoticia.com\/noticias-de-hidalgo\/wp-json\/wp\/v2\/posts\/380362\/revisions"}],"predecessor-version":[{"id":380381,"href":"https:\/\/www.zunoticia.com\/noticias-de-hidalgo\/wp-json\/wp\/v2\/posts\/380362\/revisions\/380381"}],"wp:featuredmedia":[{"embeddable":true,"href":"https:\/\/www.zunoticia.com\/noticias-de-hidalgo\/wp-json\/wp\/v2\/media\/380378"}],"wp:attachment":[{"href":"https:\/\/www.zunoticia.com\/noticias-de-hidalgo\/wp-json\/wp\/v2\/media?parent=380362"}],"wp:term":[{"taxonomy":"category","embeddable":true,"href":"https:\/\/www.zunoticia.com\/noticias-de-hidalgo\/wp-json\/wp\/v2\/categories?post=380362"},{"taxonomy":"post_tag","embeddable":true,"href":"https:\/\/www.zunoticia.com\/noticias-de-hidalgo\/wp-json\/wp\/v2\/tags?post=380362"}],"curies":[{"name":"wp","href":"https:\/\/api.w.org\/{rel}","templated":true}]}}