{"id":381982,"date":"2021-06-25T16:28:52","date_gmt":"2021-06-25T22:28:52","guid":{"rendered":"https:\/\/www.zunoticia.com\/noticias-de-hidalgo\/?p=381982"},"modified":"2021-06-25T16:28:53","modified_gmt":"2021-06-25T22:28:53","slug":"por-segundo-ano-no-hubo-festejos-al-santo-patrono-san-juan-bautista","status":"publish","type":"post","link":"https:\/\/www.zunoticia.com\/noticias-de-hidalgo\/2021\/06\/25\/por-segundo-ano-no-hubo-festejos-al-santo-patrono-san-juan-bautista\/","title":{"rendered":"Por segundo a\u00f1o no hubo festejos al Santo patrono San Juan Bautista"},"content":{"rendered":"<aside class=\"mashsb-container mashsb-main mashsb-stretched\"><div class=\"mashsb-box\"><div class=\"mashsb-count mash-large\" style=\"float:left\"><div class=\"counts mashsbcount\">0<\/div><span class=\"mashsb-sharetext\">SHARES<\/span><\/div><div class=\"mashsb-buttons\"><a class=\"mashicon-facebook mash-large mash-center mashsb-noshadow\" href=\"https:\/\/www.facebook.com\/sharer.php?u=https%3A%2F%2Fwww.zunoticia.com%2Fnoticias-de-hidalgo%2F2021%2F06%2F25%2Fpor-segundo-ano-no-hubo-festejos-al-santo-patrono-san-juan-bautista%2F\" target=\"_top\" rel=\"nofollow\"><span class=\"icon\"><\/span><span class=\"text\">Share<\/span><\/a><a class=\"mashicon-twitter mash-large mash-center mashsb-noshadow\" href=\"https:\/\/twitter.com\/intent\/tweet?text=&amp;url=https:\/\/www.zunoticia.com\/noticias-de-hidalgo\/2021\/06\/25\/por-segundo-ano-no-hubo-festejos-al-santo-patrono-san-juan-bautista\/\" target=\"_top\" rel=\"nofollow\"><span class=\"icon\"><\/span><span class=\"text\">Tweet<\/span><\/a><div class=\"onoffswitch2 mash-large mashsb-noshadow\" style=\"display:none\"><\/div><\/div>\n            <\/div>\n                <div style=\"clear:both\"><\/div><div class=\"mashsb-toggle-container\"><\/div><\/aside>\n            <!-- Share buttons by mashshare.net - Version: 4.0.47-->\n<p><strong>Yahualica, Hgo. &#8211;<\/strong> El p\u00e1rroco de la Iglesia San Juan Bautista de esta municipalidad Sim\u00f3n Hern\u00e1ndez Alvarado, dijo que por segundo a\u00f1o consecutivo no se festej\u00f3 al Santo Patrono, esto derivado de la pandemia que a\u00fan est\u00e1 latente en esta regi\u00f3n de la Huasteca por lo que solo se efectuaron misas con todas las medidas preventivas.<\/p>\n\n\n\n<p>El p\u00e1rroco resalt\u00f3 que es importante seguir aplicando las medidas preventivas contra el covid, y para evitar aglomeraciones de la gente en esta localidad no hubo festejos de su santo Patrono San Juan bautista, como se acostumbraba hacer, m\u00e1s sin embargo dijo que hubo al menos tres misas ayer en honor a \u00e9l.<\/p>\n\n\n\n<p>Esto con el prop\u00f3sito de seguir acatando las recomendaciones de las autoridades de salud, este a\u00f1o nuevamente se suspendieron estas fiestas, como se acostumbraba hacerlo con la presencia de m\u00fasica de viento, danzantes y quema de juegos pirot\u00e9cnicos. Por lo pronto llam\u00f3 a todos los cat\u00f3licos a seguir fortaleciendo su fe cat\u00f3lica a trav\u00e9s de la oraci\u00f3n.<\/p>\n\n\n\n<p><em>Por Roberto Meza\/Zunoticia<\/em><\/p>\n","protected":false},"excerpt":{"rendered":"<p>Yahualica, Hgo. &#8211; El p\u00e1rroco de la Iglesia San Juan Bautista de esta municipalidad Sim\u00f3n Hern\u00e1ndez Alvarado, dijo que por segundo a\u00f1o consecutivo no se festej\u00f3 al Santo Patrono, esto derivado de la pandemia que a\u00fan est\u00e1 latente en esta regi\u00f3n de la Huasteca por lo que solo se efectuaron misas con todas las medidas&hellip; <a class=\"more-link\" href=\"https:\/\/www.zunoticia.com\/noticias-de-hidalgo\/2021\/06\/25\/por-segundo-ano-no-hubo-festejos-al-santo-patrono-san-juan-bautista\/\">Seguir leyendo <span class=\"screen-reader-text\">Por segundo a\u00f1o no hubo festejos al Santo patrono San Juan Bautista<\/span><\/a><\/p>\n","protected":false},"author":13,"featured_media":381983,"comment_status":"open","ping_status":"open","sticky":false,"template":"","format":"standard","meta":{"rop_custom_images_group":[],"rop_custom_messages_group":[],"rop_publish_now":"initial","rop_publish_now_accounts":{"facebook_10159540855086992_322828327761733":""},"rop_publish_now_history":[],"rop_publish_now_status":"pending","footnotes":""},"categories":[179,203],"tags":[123],"class_list":["post-381982","post","type-post","status-publish","format-standard","has-post-thumbnail","hentry","category-huasteca","category-yahualica","tag-yahualica","entry"],"_links":{"self":[{"href":"https:\/\/www.zunoticia.com\/noticias-de-hidalgo\/wp-json\/wp\/v2\/posts\/381982","targetHints":{"allow":["GET"]}}],"collection":[{"href":"https:\/\/www.zunoticia.com\/noticias-de-hidalgo\/wp-json\/wp\/v2\/posts"}],"about":[{"href":"https:\/\/www.zunoticia.com\/noticias-de-hidalgo\/wp-json\/wp\/v2\/types\/post"}],"author":[{"embeddable":true,"href":"https:\/\/www.zunoticia.com\/noticias-de-hidalgo\/wp-json\/wp\/v2\/users\/13"}],"replies":[{"embeddable":true,"href":"https:\/\/www.zunoticia.com\/noticias-de-hidalgo\/wp-json\/wp\/v2\/comments?post=381982"}],"version-history":[{"count":1,"href":"https:\/\/www.zunoticia.com\/noticias-de-hidalgo\/wp-json\/wp\/v2\/posts\/381982\/revisions"}],"predecessor-version":[{"id":381984,"href":"https:\/\/www.zunoticia.com\/noticias-de-hidalgo\/wp-json\/wp\/v2\/posts\/381982\/revisions\/381984"}],"wp:featuredmedia":[{"embeddable":true,"href":"https:\/\/www.zunoticia.com\/noticias-de-hidalgo\/wp-json\/wp\/v2\/media\/381983"}],"wp:attachment":[{"href":"https:\/\/www.zunoticia.com\/noticias-de-hidalgo\/wp-json\/wp\/v2\/media?parent=381982"}],"wp:term":[{"taxonomy":"category","embeddable":true,"href":"https:\/\/www.zunoticia.com\/noticias-de-hidalgo\/wp-json\/wp\/v2\/categories?post=381982"},{"taxonomy":"post_tag","embeddable":true,"href":"https:\/\/www.zunoticia.com\/noticias-de-hidalgo\/wp-json\/wp\/v2\/tags?post=381982"}],"curies":[{"name":"wp","href":"https:\/\/api.w.org\/{rel}","templated":true}]}}