{"id":382258,"date":"2021-06-28T13:09:16","date_gmt":"2021-06-28T19:09:16","guid":{"rendered":"https:\/\/www.zunoticia.com\/noticias-de-hidalgo\/?p=382258"},"modified":"2021-06-28T13:09:17","modified_gmt":"2021-06-28T19:09:17","slug":"funcionarios-de-orizatlan-presentes-en-la-asamblea-regional-del-inpi-en-huejutla","status":"publish","type":"post","link":"https:\/\/www.zunoticia.com\/noticias-de-hidalgo\/2021\/06\/28\/funcionarios-de-orizatlan-presentes-en-la-asamblea-regional-del-inpi-en-huejutla\/","title":{"rendered":"Funcionarios de Orizatl\u00e1n presentes en la asamblea regional del INPI en Huejutla"},"content":{"rendered":"<aside class=\"mashsb-container mashsb-main mashsb-stretched\"><div class=\"mashsb-box\"><div class=\"mashsb-count mash-large\" style=\"float:left\"><div class=\"counts mashsbcount\">0<\/div><span class=\"mashsb-sharetext\">SHARES<\/span><\/div><div class=\"mashsb-buttons\"><a class=\"mashicon-facebook mash-large mash-center mashsb-noshadow\" href=\"https:\/\/www.facebook.com\/sharer.php?u=https%3A%2F%2Fwww.zunoticia.com%2Fnoticias-de-hidalgo%2F2021%2F06%2F28%2Ffuncionarios-de-orizatlan-presentes-en-la-asamblea-regional-del-inpi-en-huejutla%2F\" target=\"_top\" rel=\"nofollow\"><span class=\"icon\"><\/span><span class=\"text\">Share<\/span><\/a><a class=\"mashicon-twitter mash-large mash-center mashsb-noshadow\" href=\"https:\/\/twitter.com\/intent\/tweet?text=&amp;url=https:\/\/www.zunoticia.com\/noticias-de-hidalgo\/2021\/06\/28\/funcionarios-de-orizatlan-presentes-en-la-asamblea-regional-del-inpi-en-huejutla\/\" target=\"_top\" rel=\"nofollow\"><span class=\"icon\"><\/span><span class=\"text\">Tweet<\/span><\/a><div class=\"onoffswitch2 mash-large mashsb-noshadow\" style=\"display:none\"><\/div><\/div>\n            <\/div>\n                <div style=\"clear:both\"><\/div><div class=\"mashsb-toggle-container\"><\/div><\/aside>\n            <!-- Share buttons by mashshare.net - Version: 4.0.47-->\n<p><strong>Huejutla, Hgo. &#8211;<\/strong> El d\u00eda de ayer en la Universidad Polit\u00e9cnica de Huejutla, se llev\u00f3 a cabo la Asamblea Regional de Seguimiento del Proceso de Reforma Constitucional sobre Derechos de los Pueblos Ind\u00edgenas y Afromexicanos.<\/p>\n\n\n\n<p>A dicho evento asistieron el Profesor Camilo Melo Rivera Secretario Municipal en representaci\u00f3n de la alcaldesa Erika Saab, Lic. Joseph Omegar Castillo Ram\u00edrez Coordinador Jur\u00eddico, la Bi\u00f3loga Hilda Hern\u00e1ndez Hern\u00e1ndez Titular de Asuntos Religiosos, los cuales fueron testigos de la Asamblea Regional de los derechos ind\u00edgenas.<\/p>\n\n\n\n<figure class=\"wp-block-image size-large\"><img fetchpriority=\"high\" decoding=\"async\" width=\"1024\" height=\"682\" src=\"https:\/\/www.zunoticia.com\/noticias-de-hidalgo\/wp-content\/uploads\/2021\/06\/WhatsApp-Image-2021-06-28-at-2.03.35-PM-1-1024x682.jpeg\" alt=\"\" class=\"wp-image-382260\" srcset=\"https:\/\/www.zunoticia.com\/noticias-de-hidalgo\/wp-content\/uploads\/2021\/06\/WhatsApp-Image-2021-06-28-at-2.03.35-PM-1-1024x682.jpeg 1024w, https:\/\/www.zunoticia.com\/noticias-de-hidalgo\/wp-content\/uploads\/2021\/06\/WhatsApp-Image-2021-06-28-at-2.03.35-PM-1-300x200.jpeg 300w, https:\/\/www.zunoticia.com\/noticias-de-hidalgo\/wp-content\/uploads\/2021\/06\/WhatsApp-Image-2021-06-28-at-2.03.35-PM-1-768x512.jpeg 768w, https:\/\/www.zunoticia.com\/noticias-de-hidalgo\/wp-content\/uploads\/2021\/06\/WhatsApp-Image-2021-06-28-at-2.03.35-PM-1.jpeg 1280w\" sizes=\"(max-width: 1024px) 100vw, 1024px\" \/><\/figure>\n\n\n\n<p>En el mismo acto se cont\u00f3 con la presencia del alcalde de Huejutla Daniel Andrade Zurutuza, as\u00ed como Ricardo Avil\u00e9s Cano en representaci\u00f3n de Olga S\u00e1nchez Cordero Secretaria de Gobernaci\u00f3n, as\u00ed como distinguidas personalidades y representantes de los quince municipios de la Sierra y Huasteca Hidalguense.<\/p>\n\n\n\n<p>Por su parte Ricardo Avil\u00e9s Cano en su participaci\u00f3n agradeci\u00f3 a los presentes y mencion\u00f3 la importancia de la participaci\u00f3n del foro democr\u00e1tico.<\/p>\n\n\n\n<p><em>Por Redacci\u00f3n\/Zunoticia<\/em><\/p>\n","protected":false},"excerpt":{"rendered":"<p>Huejutla, Hgo. &#8211; El d\u00eda de ayer en la Universidad Polit\u00e9cnica de Huejutla, se llev\u00f3 a cabo la Asamblea Regional de Seguimiento del Proceso de Reforma Constitucional sobre Derechos de los Pueblos Ind\u00edgenas y Afromexicanos. A dicho evento asistieron el Profesor Camilo Melo Rivera Secretario Municipal en representaci\u00f3n de la alcaldesa Erika Saab, Lic. Joseph&hellip; <a class=\"more-link\" href=\"https:\/\/www.zunoticia.com\/noticias-de-hidalgo\/2021\/06\/28\/funcionarios-de-orizatlan-presentes-en-la-asamblea-regional-del-inpi-en-huejutla\/\">Seguir leyendo <span class=\"screen-reader-text\">Funcionarios de Orizatl\u00e1n presentes en la asamblea regional del INPI en Huejutla<\/span><\/a><\/p>\n","protected":false},"author":13,"featured_media":382259,"comment_status":"open","ping_status":"open","sticky":false,"template":"","format":"standard","meta":{"rop_custom_images_group":[],"rop_custom_messages_group":[],"rop_publish_now":"initial","rop_publish_now_accounts":{"facebook_10159540855086992_322828327761733":""},"rop_publish_now_history":[],"rop_publish_now_status":"pending","footnotes":""},"categories":[179,181],"tags":[121],"class_list":["post-382258","post","type-post","status-publish","format-standard","has-post-thumbnail","hentry","category-huasteca","category-huejutla","tag-huejutla","entry"],"_links":{"self":[{"href":"https:\/\/www.zunoticia.com\/noticias-de-hidalgo\/wp-json\/wp\/v2\/posts\/382258","targetHints":{"allow":["GET"]}}],"collection":[{"href":"https:\/\/www.zunoticia.com\/noticias-de-hidalgo\/wp-json\/wp\/v2\/posts"}],"about":[{"href":"https:\/\/www.zunoticia.com\/noticias-de-hidalgo\/wp-json\/wp\/v2\/types\/post"}],"author":[{"embeddable":true,"href":"https:\/\/www.zunoticia.com\/noticias-de-hidalgo\/wp-json\/wp\/v2\/users\/13"}],"replies":[{"embeddable":true,"href":"https:\/\/www.zunoticia.com\/noticias-de-hidalgo\/wp-json\/wp\/v2\/comments?post=382258"}],"version-history":[{"count":1,"href":"https:\/\/www.zunoticia.com\/noticias-de-hidalgo\/wp-json\/wp\/v2\/posts\/382258\/revisions"}],"predecessor-version":[{"id":382261,"href":"https:\/\/www.zunoticia.com\/noticias-de-hidalgo\/wp-json\/wp\/v2\/posts\/382258\/revisions\/382261"}],"wp:featuredmedia":[{"embeddable":true,"href":"https:\/\/www.zunoticia.com\/noticias-de-hidalgo\/wp-json\/wp\/v2\/media\/382259"}],"wp:attachment":[{"href":"https:\/\/www.zunoticia.com\/noticias-de-hidalgo\/wp-json\/wp\/v2\/media?parent=382258"}],"wp:term":[{"taxonomy":"category","embeddable":true,"href":"https:\/\/www.zunoticia.com\/noticias-de-hidalgo\/wp-json\/wp\/v2\/categories?post=382258"},{"taxonomy":"post_tag","embeddable":true,"href":"https:\/\/www.zunoticia.com\/noticias-de-hidalgo\/wp-json\/wp\/v2\/tags?post=382258"}],"curies":[{"name":"wp","href":"https:\/\/api.w.org\/{rel}","templated":true}]}}