{"id":382272,"date":"2021-06-28T13:39:24","date_gmt":"2021-06-28T19:39:24","guid":{"rendered":"https:\/\/www.zunoticia.com\/noticias-de-hidalgo\/?p=382272"},"modified":"2021-06-28T13:39:25","modified_gmt":"2021-06-28T19:39:25","slug":"el-fantasma-de-la-inflacion-azota-a-mexico","status":"publish","type":"post","link":"https:\/\/www.zunoticia.com\/noticias-de-hidalgo\/2021\/06\/28\/el-fantasma-de-la-inflacion-azota-a-mexico\/","title":{"rendered":"El fantasma de la Inflaci\u00f3n azota a M\u00e9xico"},"content":{"rendered":"<aside class=\"mashsb-container mashsb-main mashsb-stretched\"><div class=\"mashsb-box\"><div class=\"mashsb-count mash-large\" style=\"float:left\"><div class=\"counts mashsbcount\">0<\/div><span class=\"mashsb-sharetext\">SHARES<\/span><\/div><div class=\"mashsb-buttons\"><a class=\"mashicon-facebook mash-large mash-center mashsb-noshadow\" href=\"https:\/\/www.facebook.com\/sharer.php?u=https%3A%2F%2Fwww.zunoticia.com%2Fnoticias-de-hidalgo%2F2021%2F06%2F28%2Fel-fantasma-de-la-inflacion-azota-a-mexico%2F\" target=\"_top\" rel=\"nofollow\"><span class=\"icon\"><\/span><span class=\"text\">Share<\/span><\/a><a class=\"mashicon-twitter mash-large mash-center mashsb-noshadow\" href=\"https:\/\/twitter.com\/intent\/tweet?text=&amp;url=https:\/\/www.zunoticia.com\/noticias-de-hidalgo\/2021\/06\/28\/el-fantasma-de-la-inflacion-azota-a-mexico\/\" target=\"_top\" rel=\"nofollow\"><span class=\"icon\"><\/span><span class=\"text\">Tweet<\/span><\/a><div class=\"onoffswitch2 mash-large mashsb-noshadow\" style=\"display:none\"><\/div><\/div>\n            <\/div>\n                <div style=\"clear:both\"><\/div><div class=\"mashsb-toggle-container\"><\/div><\/aside>\n            <!-- Share buttons by mashshare.net - Version: 4.0.47-->\n<p><strong>Ciudad de M\u00e9xico. &#8211;<\/strong> La Alianza Nacional de Peque\u00f1os Comerciantes (ANPEC) considera que el elevado costo energ\u00e9tico, prohibiciones comerciales, restricciones y factores clim\u00e1ticos, sumado a la ultrademanda de alimentos, producto de la actual pandemia, es el coctel perfecto para recibir el segundo semestre del a\u00f1o con notables alzas de precios que contin\u00faan debilitando el poder adquisitivo de las familias mexicanas.<\/p>\n\n\n\n<p>\u201cLa inflaci\u00f3n reportada por INEGI que reporta para la primera quincena de junio de 6.02% (inflaci\u00f3n subyacente) y 10.61% de la inflaci\u00f3n no subyacente (servicios y alimentos) confirma los sondeos de mercado que mes a mes realiza ANPEC para establecer la variaci\u00f3n de precios en los productos de la canasta b\u00e1sica\u201d, declar\u00f3 Cuauht\u00e9moc Rivera, presidente de ANPEC.<\/p>\n\n\n\n<p>El alza energ\u00e9tica es el principal factor que ha detonado la espiral inflacionaria en el pa\u00eds. En el \u00faltimo a\u00f1o las gasolinas han aumentado el 22%; gas LP 30%; la energ\u00eda el\u00e9ctrica 12%, factores que impactan los costos de producci\u00f3n y suministro.<\/p>\n\n\n\n<p>\u201cAunado a esto, el factor clim\u00e1tico juega un papel determinante, la prolongada sequ\u00eda que afecta a m\u00e1s de un 80% del territorio nacional nos ha obligado a importar m\u00e1s granos y eso ha elevado su costo, como, por ejemplo: el ma\u00edz, elevando el costo de la tortilla un 10% en el \u00faltimo a\u00f1o\u201d, coment\u00f3 Rivera.<\/p>\n\n\n\n<p>Los precios de los c\u00e1rnicos tambi\u00e9n se han disparado: puerco 15%, pollo 30% y res 11%. La pandemia tambi\u00e9n ha provocado mayor inflaci\u00f3n, con las restricciones y prohibiciones comerciales que se han impuesto, provocando una ultrademanda en el consumo de los productos esenciales que eleva su costo.<\/p>\n\n\n\n<p>\u201cEl problema de la inflaci\u00f3n en nuestro pa\u00eds ha ido tomando tonalidades graves y esto lo evidencia. El sorpresivo aumento de la tasa de inter\u00e9s de 4% a 4.5% que anuncio Banxico en los \u00faltimos d\u00edas, con la intenci\u00f3n de contener la inflaci\u00f3n\u201d, agreg\u00f3 Rivera.<\/p>\n\n\n\n<p>Sin embargo, lo m\u00e1s dram\u00e1tico de este escenario es el pron\u00f3stico que anunciar\u00e1 INEGI al sentenciar que ser\u00e1 hasta el 3er trimestre del 2022 cuando \u201ctal vez\u201d podr\u00edamos volver a una tasa de inflaci\u00f3n de 3%, originalmente prevista previo a la pandemia.<\/p>\n\n\n\n<p>Esto confirma la sensaci\u00f3n t\u00e9rmica de mercado que ANPEC ha venido reportando al prever que cerraremos el 2021 con una mayor inflaci\u00f3n sin visos de poder controlarla.<\/p>\n\n\n\n<p>Lamentablemente todo indica que los precios de los alimentos y servicios seguir\u00e1n subiendo, abatiendo el consumo privado de los consumidores mexicanos, afectando a\u00fan m\u00e1s la ya vilipendiada econom\u00eda familiar.<\/p>\n\n\n\n<p><em>Por Redacci\u00f3n\/Zunoticia<\/em><\/p>\n","protected":false},"excerpt":{"rendered":"<p>Ciudad de M\u00e9xico. &#8211; La Alianza Nacional de Peque\u00f1os Comerciantes (ANPEC) considera que el elevado costo energ\u00e9tico, prohibiciones comerciales, restricciones y factores clim\u00e1ticos, sumado a la ultrademanda de alimentos, producto de la actual pandemia, es el coctel perfecto para recibir el segundo semestre del a\u00f1o con notables alzas de precios que contin\u00faan debilitando el poder&hellip; <a class=\"more-link\" href=\"https:\/\/www.zunoticia.com\/noticias-de-hidalgo\/2021\/06\/28\/el-fantasma-de-la-inflacion-azota-a-mexico\/\">Seguir leyendo <span class=\"screen-reader-text\">El fantasma de la Inflaci\u00f3n azota a M\u00e9xico<\/span><\/a><\/p>\n","protected":false},"author":13,"featured_media":382273,"comment_status":"open","ping_status":"open","sticky":false,"template":"","format":"standard","meta":{"rop_custom_images_group":[],"rop_custom_messages_group":[],"rop_publish_now":"initial","rop_publish_now_accounts":{"facebook_10159540855086992_322828327761733":""},"rop_publish_now_history":[],"rop_publish_now_status":"pending","footnotes":""},"categories":[218],"tags":[217],"class_list":["post-382272","post","type-post","status-publish","format-standard","has-post-thumbnail","hentry","category-nacional","tag-nacional","entry"],"_links":{"self":[{"href":"https:\/\/www.zunoticia.com\/noticias-de-hidalgo\/wp-json\/wp\/v2\/posts\/382272","targetHints":{"allow":["GET"]}}],"collection":[{"href":"https:\/\/www.zunoticia.com\/noticias-de-hidalgo\/wp-json\/wp\/v2\/posts"}],"about":[{"href":"https:\/\/www.zunoticia.com\/noticias-de-hidalgo\/wp-json\/wp\/v2\/types\/post"}],"author":[{"embeddable":true,"href":"https:\/\/www.zunoticia.com\/noticias-de-hidalgo\/wp-json\/wp\/v2\/users\/13"}],"replies":[{"embeddable":true,"href":"https:\/\/www.zunoticia.com\/noticias-de-hidalgo\/wp-json\/wp\/v2\/comments?post=382272"}],"version-history":[{"count":1,"href":"https:\/\/www.zunoticia.com\/noticias-de-hidalgo\/wp-json\/wp\/v2\/posts\/382272\/revisions"}],"predecessor-version":[{"id":382274,"href":"https:\/\/www.zunoticia.com\/noticias-de-hidalgo\/wp-json\/wp\/v2\/posts\/382272\/revisions\/382274"}],"wp:featuredmedia":[{"embeddable":true,"href":"https:\/\/www.zunoticia.com\/noticias-de-hidalgo\/wp-json\/wp\/v2\/media\/382273"}],"wp:attachment":[{"href":"https:\/\/www.zunoticia.com\/noticias-de-hidalgo\/wp-json\/wp\/v2\/media?parent=382272"}],"wp:term":[{"taxonomy":"category","embeddable":true,"href":"https:\/\/www.zunoticia.com\/noticias-de-hidalgo\/wp-json\/wp\/v2\/categories?post=382272"},{"taxonomy":"post_tag","embeddable":true,"href":"https:\/\/www.zunoticia.com\/noticias-de-hidalgo\/wp-json\/wp\/v2\/tags?post=382272"}],"curies":[{"name":"wp","href":"https:\/\/api.w.org\/{rel}","templated":true}]}}