{"id":382275,"date":"2021-06-28T13:44:16","date_gmt":"2021-06-28T19:44:16","guid":{"rendered":"https:\/\/www.zunoticia.com\/noticias-de-hidalgo\/?p=382275"},"modified":"2021-06-28T13:44:17","modified_gmt":"2021-06-28T19:44:17","slug":"continuan-abiertas-las-inscripciones-para-cursos-virtuales-de-capacitacion-para-jovenes-de-15-a-18-anos","status":"publish","type":"post","link":"https:\/\/www.zunoticia.com\/noticias-de-hidalgo\/2021\/06\/28\/continuan-abiertas-las-inscripciones-para-cursos-virtuales-de-capacitacion-para-jovenes-de-15-a-18-anos\/","title":{"rendered":"Contin\u00faan abiertas las inscripciones para cursos virtuales de capacitaci\u00f3n para j\u00f3venes de 15 a 18 a\u00f1os."},"content":{"rendered":"<aside class=\"mashsb-container mashsb-main mashsb-stretched\"><div class=\"mashsb-box\"><div class=\"mashsb-count mash-large\" style=\"float:left\"><div class=\"counts mashsbcount\">0<\/div><span class=\"mashsb-sharetext\">SHARES<\/span><\/div><div class=\"mashsb-buttons\"><a class=\"mashicon-facebook mash-large mash-center mashsb-noshadow\" href=\"https:\/\/www.facebook.com\/sharer.php?u=https%3A%2F%2Fwww.zunoticia.com%2Fnoticias-de-hidalgo%2F2021%2F06%2F28%2Fcontinuan-abiertas-las-inscripciones-para-cursos-virtuales-de-capacitacion-para-jovenes-de-15-a-18-anos%2F\" target=\"_top\" rel=\"nofollow\"><span class=\"icon\"><\/span><span class=\"text\">Share<\/span><\/a><a class=\"mashicon-twitter mash-large mash-center mashsb-noshadow\" href=\"https:\/\/twitter.com\/intent\/tweet?text=&amp;url=https:\/\/www.zunoticia.com\/noticias-de-hidalgo\/2021\/06\/28\/continuan-abiertas-las-inscripciones-para-cursos-virtuales-de-capacitacion-para-jovenes-de-15-a-18-anos\/\" target=\"_top\" rel=\"nofollow\"><span class=\"icon\"><\/span><span class=\"text\">Tweet<\/span><\/a><div class=\"onoffswitch2 mash-large mashsb-noshadow\" style=\"display:none\"><\/div><\/div>\n            <\/div>\n                <div style=\"clear:both\"><\/div><div class=\"mashsb-toggle-container\"><\/div><\/aside>\n            <!-- Share buttons by mashshare.net - Version: 4.0.47-->\n<p><strong>Pachuca de Soto, Hgo. &#8211; <\/strong>La Casa de las y los Adolescentes es un espacio a trav\u00e9s del cual se pretende bridarle a este sector de la poblaci\u00f3n, herramientas que fortalezcan su proyecto de vida tal y como lo ha instruido el gobernador Omar Fayad.<\/p>\n\n\n\n<p>Derivado de lo anterior ser\u00e1n impartidos cursos de capacitaci\u00f3n dirigidos a j\u00f3venes de 15 a 18 a\u00f1os de edad interesados en el emprendimiento, a fin de que adquieran los conocimientos necesarios para comenzar un negocio propio.<\/p>\n\n\n\n<p>A trav\u00e9s de estos cursos los j\u00f3venes tendr\u00e1n la posibilidad desarrollar sus conocimientos y contar con un ingreso econ\u00f3mico, crecimiento personal y la oportunidad de trabajar con un horario que se adapte a sus necesidades.<\/p>\n\n\n\n<p>Gracias a la vinculaci\u00f3n con el Sistema DIF Hidalgo, se logr\u00f3 que los adolescentes tengan acceso a estas capacitaciones de manera totalmente gratuita. Los cursos ser\u00e1n de manera virtual y los impartir\u00e1 el Instituto de Capacitaci\u00f3n para el Trabajo del Estado de Hidalgo (ICATHI).<\/p>\n\n\n\n<p>Son ocho los cursos que se impartir\u00e1n:<\/p>\n\n\n\n<ul class=\"wp-block-list\"><li>Computaci\u00f3n b\u00e1sica e internet.<\/li><li>Elaboraci\u00f3n de quesos frescos.<\/li><li>Automaquillaje.<\/li><li>Gelatina art\u00edstica.<\/li><li>B\u00e1sicos de cocina mexicana.<\/li><li>Mec\u00e1nica b\u00e1sica automotriz.<\/li><li>Pays y canap\u00e9s.<\/li><li>U\u00f1as de gel y acr\u00edlico.<\/li><\/ul>\n\n\n\n<p>Las sesiones se realizar\u00e1n a partir de las tres de la tarde con una duraci\u00f3n de cuatro horas y dar\u00e1n inicio el d\u00eda lunes cinco de julio.<\/p>\n\n\n\n<p>Las inscripciones ser\u00e1n en l\u00ednea y concluyen el pr\u00f3ximo 2 de julio, la liga para hacerlo se encuentra en el Facebook oficial de La Casa de las y los Adolescentes \u2013 DIF Hidalgo y solo es necesario llenar un formulario con datos b\u00e1sicos y documentaci\u00f3n escaneada.<\/p>\n\n\n\n<p><em>Por Redacci\u00f3n\/Zunoticia<\/em><\/p>\n","protected":false},"excerpt":{"rendered":"<p>Pachuca de Soto, Hgo. &#8211; La Casa de las y los Adolescentes es un espacio a trav\u00e9s del cual se pretende bridarle a este sector de la poblaci\u00f3n, herramientas que fortalezcan su proyecto de vida tal y como lo ha instruido el gobernador Omar Fayad. Derivado de lo anterior ser\u00e1n impartidos cursos de capacitaci\u00f3n dirigidos&hellip; <a class=\"more-link\" href=\"https:\/\/www.zunoticia.com\/noticias-de-hidalgo\/2021\/06\/28\/continuan-abiertas-las-inscripciones-para-cursos-virtuales-de-capacitacion-para-jovenes-de-15-a-18-anos\/\">Seguir leyendo <span class=\"screen-reader-text\">Contin\u00faan abiertas las inscripciones para cursos virtuales de capacitaci\u00f3n para j\u00f3venes de 15 a 18 a\u00f1os.<\/span><\/a><\/p>\n","protected":false},"author":13,"featured_media":382276,"comment_status":"open","ping_status":"open","sticky":false,"template":"","format":"standard","meta":{"rop_custom_images_group":[],"rop_custom_messages_group":[],"rop_publish_now":"initial","rop_publish_now_accounts":{"facebook_10159540855086992_322828327761733":""},"rop_publish_now_history":[],"rop_publish_now_status":"pending","footnotes":""},"categories":[208],"tags":[214],"class_list":["post-382275","post","type-post","status-publish","format-standard","has-post-thumbnail","hentry","category-estado","tag-estado","entry"],"_links":{"self":[{"href":"https:\/\/www.zunoticia.com\/noticias-de-hidalgo\/wp-json\/wp\/v2\/posts\/382275","targetHints":{"allow":["GET"]}}],"collection":[{"href":"https:\/\/www.zunoticia.com\/noticias-de-hidalgo\/wp-json\/wp\/v2\/posts"}],"about":[{"href":"https:\/\/www.zunoticia.com\/noticias-de-hidalgo\/wp-json\/wp\/v2\/types\/post"}],"author":[{"embeddable":true,"href":"https:\/\/www.zunoticia.com\/noticias-de-hidalgo\/wp-json\/wp\/v2\/users\/13"}],"replies":[{"embeddable":true,"href":"https:\/\/www.zunoticia.com\/noticias-de-hidalgo\/wp-json\/wp\/v2\/comments?post=382275"}],"version-history":[{"count":1,"href":"https:\/\/www.zunoticia.com\/noticias-de-hidalgo\/wp-json\/wp\/v2\/posts\/382275\/revisions"}],"predecessor-version":[{"id":382277,"href":"https:\/\/www.zunoticia.com\/noticias-de-hidalgo\/wp-json\/wp\/v2\/posts\/382275\/revisions\/382277"}],"wp:featuredmedia":[{"embeddable":true,"href":"https:\/\/www.zunoticia.com\/noticias-de-hidalgo\/wp-json\/wp\/v2\/media\/382276"}],"wp:attachment":[{"href":"https:\/\/www.zunoticia.com\/noticias-de-hidalgo\/wp-json\/wp\/v2\/media?parent=382275"}],"wp:term":[{"taxonomy":"category","embeddable":true,"href":"https:\/\/www.zunoticia.com\/noticias-de-hidalgo\/wp-json\/wp\/v2\/categories?post=382275"},{"taxonomy":"post_tag","embeddable":true,"href":"https:\/\/www.zunoticia.com\/noticias-de-hidalgo\/wp-json\/wp\/v2\/tags?post=382275"}],"curies":[{"name":"wp","href":"https:\/\/api.w.org\/{rel}","templated":true}]}}