{"id":382299,"date":"2021-06-28T16:31:46","date_gmt":"2021-06-28T22:31:46","guid":{"rendered":"https:\/\/www.zunoticia.com\/noticias-de-hidalgo\/?p=382299"},"modified":"2021-06-28T16:31:47","modified_gmt":"2021-06-28T22:31:47","slug":"iniciara-el-1-de-julio-el-ano-de-la-eucaristia-como-preparativos-al-centenario-de-la-diocesis","status":"publish","type":"post","link":"https:\/\/www.zunoticia.com\/noticias-de-hidalgo\/2021\/06\/28\/iniciara-el-1-de-julio-el-ano-de-la-eucaristia-como-preparativos-al-centenario-de-la-diocesis\/","title":{"rendered":"Iniciar\u00e1 el 1 de julio el A\u00f1o de la Eucarist\u00eda como preparativos al Centenario de la Di\u00f3cesis"},"content":{"rendered":"<aside class=\"mashsb-container mashsb-main mashsb-stretched\"><div class=\"mashsb-box\"><div class=\"mashsb-count mash-large\" style=\"float:left\"><div class=\"counts mashsbcount\">0<\/div><span class=\"mashsb-sharetext\">SHARES<\/span><\/div><div class=\"mashsb-buttons\"><a class=\"mashicon-facebook mash-large mash-center mashsb-noshadow\" href=\"https:\/\/www.facebook.com\/sharer.php?u=https%3A%2F%2Fwww.zunoticia.com%2Fnoticias-de-hidalgo%2F2021%2F06%2F28%2Finiciara-el-1-de-julio-el-ano-de-la-eucaristia-como-preparativos-al-centenario-de-la-diocesis%2F\" target=\"_top\" rel=\"nofollow\"><span class=\"icon\"><\/span><span class=\"text\">Share<\/span><\/a><a class=\"mashicon-twitter mash-large mash-center mashsb-noshadow\" href=\"https:\/\/twitter.com\/intent\/tweet?text=&amp;url=https:\/\/www.zunoticia.com\/noticias-de-hidalgo\/2021\/06\/28\/iniciara-el-1-de-julio-el-ano-de-la-eucaristia-como-preparativos-al-centenario-de-la-diocesis\/\" target=\"_top\" rel=\"nofollow\"><span class=\"icon\"><\/span><span class=\"text\">Tweet<\/span><\/a><div class=\"onoffswitch2 mash-large mashsb-noshadow\" style=\"display:none\"><\/div><\/div>\n            <\/div>\n                <div style=\"clear:both\"><\/div><div class=\"mashsb-toggle-container\"><\/div><\/aside>\n            <!-- Share buttons by mashshare.net - Version: 4.0.47-->\n<p><em>Por Enedino Hern\u00e1ndez\/Zunoticia<\/em><\/p>\n\n\n\n<p><strong>Huejutla, Hidalgo.-<\/strong> Como parte de los preparativos correspondientes para la celebraci\u00f3n del Centenario de la Di\u00f3cesis de Huejutla, a partir del primero de julio se inician con las actividades religiosas del A\u00f1o de la Eucarist\u00eda en las Parroquias de la Di\u00f3cesis, confirma el Sacerdote Cat\u00f3lico, Jes\u00fas Morf\u00edn Cartagena.<\/p>\n\n\n\n<p>Por todo ello, invita a toda la poblaci\u00f3n cat\u00f3lica de la Di\u00f3cesis de Huejutla a participar y vivir en cada una de las Parroquias las diversas actividades religiosas que se realizar\u00e1n con motivo del A\u00f1o de la Eucarist\u00eda.<\/p>\n\n\n\n<p>Adelant\u00f3 que ser\u00e1 el 1 de julio del 2023 cuando se celebrar\u00e1 oficialmente el primer Centenario de la Di\u00f3cesis de Huejutla, pero que con toda oportunidad se llevar\u00e1n a cabo diversas actividades previas en las cuales se espera la entusiasta participaci\u00f3n de los fieles cat\u00f3licos.<\/p>\n\n\n\n<p>Finalmente, sugiri\u00f3 a los fieles cat\u00f3licos y a la poblaci\u00f3n en general para que pregunten con oportunidad la manera en la cual se podr\u00e1 participar en cada una de estas actividades religiosas rumbo a la celebraci\u00f3n del primer Centenario de la Di\u00f3cesis de Huejutla que es el 1 de julio del 2023.<\/p>\n","protected":false},"excerpt":{"rendered":"<p>Por Enedino Hern\u00e1ndez\/Zunoticia Huejutla, Hidalgo.- Como parte de los preparativos correspondientes para la celebraci\u00f3n del Centenario de la Di\u00f3cesis de Huejutla, a partir del primero de julio se inician con las actividades religiosas del A\u00f1o de la Eucarist\u00eda en las Parroquias de la Di\u00f3cesis, confirma el Sacerdote Cat\u00f3lico, Jes\u00fas Morf\u00edn Cartagena. Por todo ello, invita&hellip; <a class=\"more-link\" href=\"https:\/\/www.zunoticia.com\/noticias-de-hidalgo\/2021\/06\/28\/iniciara-el-1-de-julio-el-ano-de-la-eucaristia-como-preparativos-al-centenario-de-la-diocesis\/\">Seguir leyendo <span class=\"screen-reader-text\">Iniciar\u00e1 el 1 de julio el A\u00f1o de la Eucarist\u00eda como preparativos al Centenario de la Di\u00f3cesis<\/span><\/a><\/p>\n","protected":false},"author":12,"featured_media":382306,"comment_status":"open","ping_status":"open","sticky":false,"template":"","format":"standard","meta":{"rop_custom_images_group":[],"rop_custom_messages_group":[],"rop_publish_now":"initial","rop_publish_now_accounts":{"facebook_10159540855086992_322828327761733":""},"rop_publish_now_history":[],"rop_publish_now_status":"pending","footnotes":""},"categories":[179,181],"tags":[121],"class_list":["post-382299","post","type-post","status-publish","format-standard","has-post-thumbnail","hentry","category-huasteca","category-huejutla","tag-huejutla","entry"],"_links":{"self":[{"href":"https:\/\/www.zunoticia.com\/noticias-de-hidalgo\/wp-json\/wp\/v2\/posts\/382299","targetHints":{"allow":["GET"]}}],"collection":[{"href":"https:\/\/www.zunoticia.com\/noticias-de-hidalgo\/wp-json\/wp\/v2\/posts"}],"about":[{"href":"https:\/\/www.zunoticia.com\/noticias-de-hidalgo\/wp-json\/wp\/v2\/types\/post"}],"author":[{"embeddable":true,"href":"https:\/\/www.zunoticia.com\/noticias-de-hidalgo\/wp-json\/wp\/v2\/users\/12"}],"replies":[{"embeddable":true,"href":"https:\/\/www.zunoticia.com\/noticias-de-hidalgo\/wp-json\/wp\/v2\/comments?post=382299"}],"version-history":[{"count":1,"href":"https:\/\/www.zunoticia.com\/noticias-de-hidalgo\/wp-json\/wp\/v2\/posts\/382299\/revisions"}],"predecessor-version":[{"id":382307,"href":"https:\/\/www.zunoticia.com\/noticias-de-hidalgo\/wp-json\/wp\/v2\/posts\/382299\/revisions\/382307"}],"wp:featuredmedia":[{"embeddable":true,"href":"https:\/\/www.zunoticia.com\/noticias-de-hidalgo\/wp-json\/wp\/v2\/media\/382306"}],"wp:attachment":[{"href":"https:\/\/www.zunoticia.com\/noticias-de-hidalgo\/wp-json\/wp\/v2\/media?parent=382299"}],"wp:term":[{"taxonomy":"category","embeddable":true,"href":"https:\/\/www.zunoticia.com\/noticias-de-hidalgo\/wp-json\/wp\/v2\/categories?post=382299"},{"taxonomy":"post_tag","embeddable":true,"href":"https:\/\/www.zunoticia.com\/noticias-de-hidalgo\/wp-json\/wp\/v2\/tags?post=382299"}],"curies":[{"name":"wp","href":"https:\/\/api.w.org\/{rel}","templated":true}]}}