{"id":382300,"date":"2021-06-28T16:47:39","date_gmt":"2021-06-28T22:47:39","guid":{"rendered":"https:\/\/www.zunoticia.com\/noticias-de-hidalgo\/?p=382300"},"modified":"2021-06-28T16:47:39","modified_gmt":"2021-06-28T22:47:39","slug":"piden-se-investigue-muerte-de-joven-en-celda-comunitaria","status":"publish","type":"post","link":"https:\/\/www.zunoticia.com\/noticias-de-hidalgo\/2021\/06\/28\/piden-se-investigue-muerte-de-joven-en-celda-comunitaria\/","title":{"rendered":"Piden se investigue muerte de joven en celda comunitaria"},"content":{"rendered":"<aside class=\"mashsb-container mashsb-main mashsb-stretched\"><div class=\"mashsb-box\"><div class=\"mashsb-count mash-large\" style=\"float:left\"><div class=\"counts mashsbcount\">0<\/div><span class=\"mashsb-sharetext\">SHARES<\/span><\/div><div class=\"mashsb-buttons\"><a class=\"mashicon-facebook mash-large mash-center mashsb-noshadow\" href=\"https:\/\/www.facebook.com\/sharer.php?u=https%3A%2F%2Fwww.zunoticia.com%2Fnoticias-de-hidalgo%2F2021%2F06%2F28%2Fpiden-se-investigue-muerte-de-joven-en-celda-comunitaria%2F\" target=\"_top\" rel=\"nofollow\"><span class=\"icon\"><\/span><span class=\"text\">Share<\/span><\/a><a class=\"mashicon-twitter mash-large mash-center mashsb-noshadow\" href=\"https:\/\/twitter.com\/intent\/tweet?text=&amp;url=https:\/\/www.zunoticia.com\/noticias-de-hidalgo\/2021\/06\/28\/piden-se-investigue-muerte-de-joven-en-celda-comunitaria\/\" target=\"_top\" rel=\"nofollow\"><span class=\"icon\"><\/span><span class=\"text\">Tweet<\/span><\/a><div class=\"onoffswitch2 mash-large mashsb-noshadow\" style=\"display:none\"><\/div><\/div>\n            <\/div>\n                <div style=\"clear:both\"><\/div><div class=\"mashsb-toggle-container\"><\/div><\/aside>\n            <!-- Share buttons by mashshare.net - Version: 4.0.47-->\n<p><em>Por Redacci\u00f3n\/Zunoticia<\/em><\/p>\n\n\n\n<p><strong>Huejutla, Hgo.-<\/strong> Habitantes de la comunidad de Axcaco acudieron a las oficinas del ministerio p\u00fablico y derechos humanos para exigir justicia y que se investigue la muerte del joven que se suicid\u00f3 en una celda comunitaria.<\/p>\n\n\n\n<p>Como se mencion\u00f3 en la edici\u00f3n anterior los hechos ocurrieron la tarde del d\u00eda domingo 27 de junio, alrededor de las 15:00 horas en la comunidad de Ixcatl\u00e1n perteneciente a la ciudad de Huejutla, cuando autoridades de esa localidad realizaron la detenci\u00f3n de un jovencito que presuntamente se encontraba bajo los efectos del alcohol escandalizando en la v\u00eda p\u00fablica, por lo que fue asegurado en la c\u00e1rcel comunitaria.<\/p>\n\n\n\n<p>Sin embargo, despu\u00e9s de algunas horas las autoridades comunales se percataron que el joven se hab\u00eda quitado la vida al haberse ahorcado en el interior de las celdas, por lo que procedieron a dar parte a la polic\u00eda municipal y agentes de investigaci\u00f3n, quienes se trasladaron hasta el lugar donde identificaron al occiso como Silverio H.M de 20 a\u00f1os de edad con domicilio en la comunidad de Axcaco.<\/p>\n\n\n\n<p>Es por ello que la ma\u00f1ana del d\u00eda lunes habitantes de la comunidad de Axcaco se concentraron en las oficinas de derechos humanos y posteriormente se trasladaron a la agencia del ministerio p\u00fablico para pedir justicia y que se investigue la muerte de su vecino, ya que mencionan que no es posible que se presenten este tipo de casos toda vez que debe existir una autoridad que se mantenga alerta en este tipo de c\u00e1rceles para evitar situaciones de este grado.<\/p>\n","protected":false},"excerpt":{"rendered":"<p>Por Redacci\u00f3n\/Zunoticia Huejutla, Hgo.- Habitantes de la comunidad de Axcaco acudieron a las oficinas del ministerio p\u00fablico y derechos humanos para exigir justicia y que se investigue la muerte del joven que se suicid\u00f3 en una celda comunitaria. Como se mencion\u00f3 en la edici\u00f3n anterior los hechos ocurrieron la tarde del d\u00eda domingo 27 de&hellip; <a class=\"more-link\" href=\"https:\/\/www.zunoticia.com\/noticias-de-hidalgo\/2021\/06\/28\/piden-se-investigue-muerte-de-joven-en-celda-comunitaria\/\">Seguir leyendo <span class=\"screen-reader-text\">Piden se investigue muerte de joven en celda comunitaria<\/span><\/a><\/p>\n","protected":false},"author":12,"featured_media":382309,"comment_status":"open","ping_status":"open","sticky":false,"template":"","format":"standard","meta":{"rop_custom_images_group":[],"rop_custom_messages_group":[],"rop_publish_now":"initial","rop_publish_now_accounts":{"facebook_10159540855086992_322828327761733":""},"rop_publish_now_history":[],"rop_publish_now_status":"pending","footnotes":""},"categories":[179,181,178,209],"tags":[121],"class_list":["post-382300","post","type-post","status-publish","format-standard","has-post-thumbnail","hentry","category-huasteca","category-huejutla","category-policiaca","category-relevante","tag-huejutla","entry"],"_links":{"self":[{"href":"https:\/\/www.zunoticia.com\/noticias-de-hidalgo\/wp-json\/wp\/v2\/posts\/382300","targetHints":{"allow":["GET"]}}],"collection":[{"href":"https:\/\/www.zunoticia.com\/noticias-de-hidalgo\/wp-json\/wp\/v2\/posts"}],"about":[{"href":"https:\/\/www.zunoticia.com\/noticias-de-hidalgo\/wp-json\/wp\/v2\/types\/post"}],"author":[{"embeddable":true,"href":"https:\/\/www.zunoticia.com\/noticias-de-hidalgo\/wp-json\/wp\/v2\/users\/12"}],"replies":[{"embeddable":true,"href":"https:\/\/www.zunoticia.com\/noticias-de-hidalgo\/wp-json\/wp\/v2\/comments?post=382300"}],"version-history":[{"count":1,"href":"https:\/\/www.zunoticia.com\/noticias-de-hidalgo\/wp-json\/wp\/v2\/posts\/382300\/revisions"}],"predecessor-version":[{"id":382310,"href":"https:\/\/www.zunoticia.com\/noticias-de-hidalgo\/wp-json\/wp\/v2\/posts\/382300\/revisions\/382310"}],"wp:featuredmedia":[{"embeddable":true,"href":"https:\/\/www.zunoticia.com\/noticias-de-hidalgo\/wp-json\/wp\/v2\/media\/382309"}],"wp:attachment":[{"href":"https:\/\/www.zunoticia.com\/noticias-de-hidalgo\/wp-json\/wp\/v2\/media?parent=382300"}],"wp:term":[{"taxonomy":"category","embeddable":true,"href":"https:\/\/www.zunoticia.com\/noticias-de-hidalgo\/wp-json\/wp\/v2\/categories?post=382300"},{"taxonomy":"post_tag","embeddable":true,"href":"https:\/\/www.zunoticia.com\/noticias-de-hidalgo\/wp-json\/wp\/v2\/tags?post=382300"}],"curies":[{"name":"wp","href":"https:\/\/api.w.org\/{rel}","templated":true}]}}