{"id":382315,"date":"2021-06-28T17:29:15","date_gmt":"2021-06-28T23:29:15","guid":{"rendered":"https:\/\/www.zunoticia.com\/noticias-de-hidalgo\/?p=382315"},"modified":"2021-06-28T17:29:15","modified_gmt":"2021-06-28T23:29:15","slug":"motociclista-lesionado-en-choque","status":"publish","type":"post","link":"https:\/\/www.zunoticia.com\/noticias-de-hidalgo\/2021\/06\/28\/motociclista-lesionado-en-choque\/","title":{"rendered":"Motociclista lesionado en choque"},"content":{"rendered":"<aside class=\"mashsb-container mashsb-main mashsb-stretched\"><div class=\"mashsb-box\"><div class=\"mashsb-count mash-large\" style=\"float:left\"><div class=\"counts mashsbcount\">0<\/div><span class=\"mashsb-sharetext\">SHARES<\/span><\/div><div class=\"mashsb-buttons\"><a class=\"mashicon-facebook mash-large mash-center mashsb-noshadow\" href=\"https:\/\/www.facebook.com\/sharer.php?u=https%3A%2F%2Fwww.zunoticia.com%2Fnoticias-de-hidalgo%2F2021%2F06%2F28%2Fmotociclista-lesionado-en-choque%2F\" target=\"_top\" rel=\"nofollow\"><span class=\"icon\"><\/span><span class=\"text\">Share<\/span><\/a><a class=\"mashicon-twitter mash-large mash-center mashsb-noshadow\" href=\"https:\/\/twitter.com\/intent\/tweet?text=&amp;url=https:\/\/www.zunoticia.com\/noticias-de-hidalgo\/2021\/06\/28\/motociclista-lesionado-en-choque\/\" target=\"_top\" rel=\"nofollow\"><span class=\"icon\"><\/span><span class=\"text\">Tweet<\/span><\/a><div class=\"onoffswitch2 mash-large mashsb-noshadow\" style=\"display:none\"><\/div><\/div>\n            <\/div>\n                <div style=\"clear:both\"><\/div><div class=\"mashsb-toggle-container\"><\/div><\/aside>\n            <!-- Share buttons by mashshare.net - Version: 4.0.47-->\n<p><em>Por Redacci\u00f3n\/Zunoticia<\/em><\/p>\n\n\n\n<p><strong>Huejutla, Hgo.-<\/strong> Una persona del sexo masculino fue valorada por param\u00e9dicos de cruz roja al lesionarse en un choque contra un veh\u00edculo.<\/p>\n\n\n\n<p>Los hechos ocurrieron la tarde del d\u00eda lunes alrededor de las 14:20 horas sobre el bulevar Adolfo L\u00f3pez Mateos de la colonia Aviaci\u00f3n Civil a la altura de la entrada a la colonia Lugo Verduzco, cuando param\u00e9dicos de la Cruz Roja se movilizaron al ser reportado un accidente de tr\u00e1nsito, donde un hombre que conduc\u00eda una motocicleta hab\u00eda resultado lesionado.<\/p>\n\n\n\n<figure class=\"wp-block-image size-large\"><img fetchpriority=\"high\" decoding=\"async\" width=\"1024\" height=\"637\" src=\"https:\/\/www.zunoticia.com\/noticias-de-hidalgo\/wp-content\/uploads\/2021\/06\/eZy-Watermark-28-06-2021-05-40-35p.m.-1024x637.jpg\" alt=\"\" class=\"wp-image-382322\" srcset=\"https:\/\/www.zunoticia.com\/noticias-de-hidalgo\/wp-content\/uploads\/2021\/06\/eZy-Watermark-28-06-2021-05-40-35p.m.-1024x637.jpg 1024w, https:\/\/www.zunoticia.com\/noticias-de-hidalgo\/wp-content\/uploads\/2021\/06\/eZy-Watermark-28-06-2021-05-40-35p.m.-300x187.jpg 300w, https:\/\/www.zunoticia.com\/noticias-de-hidalgo\/wp-content\/uploads\/2021\/06\/eZy-Watermark-28-06-2021-05-40-35p.m.-768x478.jpg 768w, https:\/\/www.zunoticia.com\/noticias-de-hidalgo\/wp-content\/uploads\/2021\/06\/eZy-Watermark-28-06-2021-05-40-35p.m..jpg 1158w\" sizes=\"(max-width: 1024px) 100vw, 1024px\" \/><\/figure>\n\n\n\n<p>El cuerpo de auxilio valor\u00f3 en el lugar a quien se identific\u00f3 como Enrique quien presuntamente hab\u00eda sido impactado frontalmente por un veh\u00edculo del transporte p\u00fablico en modalidad de taxi, el cual intent\u00f3 ingresar a una calle sin precauci\u00f3n, lo que caus\u00f3 el impacto entre las dos unidades, posteriormente arribaron elementos de seguridad p\u00fablica municipal y estatal para tomar conocimiento y dialogar con los involucrados.<\/p>\n","protected":false},"excerpt":{"rendered":"<p>Por Redacci\u00f3n\/Zunoticia Huejutla, Hgo.- Una persona del sexo masculino fue valorada por param\u00e9dicos de cruz roja al lesionarse en un choque contra un veh\u00edculo. Los hechos ocurrieron la tarde del d\u00eda lunes alrededor de las 14:20 horas sobre el bulevar Adolfo L\u00f3pez Mateos de la colonia Aviaci\u00f3n Civil a la altura de la entrada a&hellip; <a class=\"more-link\" href=\"https:\/\/www.zunoticia.com\/noticias-de-hidalgo\/2021\/06\/28\/motociclista-lesionado-en-choque\/\">Seguir leyendo <span class=\"screen-reader-text\">Motociclista lesionado en choque<\/span><\/a><\/p>\n","protected":false},"author":12,"featured_media":382321,"comment_status":"open","ping_status":"open","sticky":false,"template":"","format":"standard","meta":{"rop_custom_images_group":[],"rop_custom_messages_group":[],"rop_publish_now":"initial","rop_publish_now_accounts":{"facebook_10159540855086992_322828327761733":""},"rop_publish_now_history":[],"rop_publish_now_status":"pending","footnotes":""},"categories":[179,181,178,209],"tags":[121],"class_list":["post-382315","post","type-post","status-publish","format-standard","has-post-thumbnail","hentry","category-huasteca","category-huejutla","category-policiaca","category-relevante","tag-huejutla","entry"],"_links":{"self":[{"href":"https:\/\/www.zunoticia.com\/noticias-de-hidalgo\/wp-json\/wp\/v2\/posts\/382315","targetHints":{"allow":["GET"]}}],"collection":[{"href":"https:\/\/www.zunoticia.com\/noticias-de-hidalgo\/wp-json\/wp\/v2\/posts"}],"about":[{"href":"https:\/\/www.zunoticia.com\/noticias-de-hidalgo\/wp-json\/wp\/v2\/types\/post"}],"author":[{"embeddable":true,"href":"https:\/\/www.zunoticia.com\/noticias-de-hidalgo\/wp-json\/wp\/v2\/users\/12"}],"replies":[{"embeddable":true,"href":"https:\/\/www.zunoticia.com\/noticias-de-hidalgo\/wp-json\/wp\/v2\/comments?post=382315"}],"version-history":[{"count":1,"href":"https:\/\/www.zunoticia.com\/noticias-de-hidalgo\/wp-json\/wp\/v2\/posts\/382315\/revisions"}],"predecessor-version":[{"id":382323,"href":"https:\/\/www.zunoticia.com\/noticias-de-hidalgo\/wp-json\/wp\/v2\/posts\/382315\/revisions\/382323"}],"wp:featuredmedia":[{"embeddable":true,"href":"https:\/\/www.zunoticia.com\/noticias-de-hidalgo\/wp-json\/wp\/v2\/media\/382321"}],"wp:attachment":[{"href":"https:\/\/www.zunoticia.com\/noticias-de-hidalgo\/wp-json\/wp\/v2\/media?parent=382315"}],"wp:term":[{"taxonomy":"category","embeddable":true,"href":"https:\/\/www.zunoticia.com\/noticias-de-hidalgo\/wp-json\/wp\/v2\/categories?post=382315"},{"taxonomy":"post_tag","embeddable":true,"href":"https:\/\/www.zunoticia.com\/noticias-de-hidalgo\/wp-json\/wp\/v2\/tags?post=382315"}],"curies":[{"name":"wp","href":"https:\/\/api.w.org\/{rel}","templated":true}]}}