{"id":382316,"date":"2021-06-28T17:11:34","date_gmt":"2021-06-28T23:11:34","guid":{"rendered":"https:\/\/www.zunoticia.com\/noticias-de-hidalgo\/?p=382316"},"modified":"2021-06-28T17:11:34","modified_gmt":"2021-06-28T23:11:34","slug":"esperamos-que-mexicanos-participen-en-consulta-ciudadana","status":"publish","type":"post","link":"https:\/\/www.zunoticia.com\/noticias-de-hidalgo\/2021\/06\/28\/esperamos-que-mexicanos-participen-en-consulta-ciudadana\/","title":{"rendered":"Esperamos que mexicanos participen en Consulta Ciudadana"},"content":{"rendered":"<aside class=\"mashsb-container mashsb-main mashsb-stretched\"><div class=\"mashsb-box\"><div class=\"mashsb-count mash-large\" style=\"float:left\"><div class=\"counts mashsbcount\">0<\/div><span class=\"mashsb-sharetext\">SHARES<\/span><\/div><div class=\"mashsb-buttons\"><a class=\"mashicon-facebook mash-large mash-center mashsb-noshadow\" href=\"https:\/\/www.facebook.com\/sharer.php?u=https%3A%2F%2Fwww.zunoticia.com%2Fnoticias-de-hidalgo%2F2021%2F06%2F28%2Fesperamos-que-mexicanos-participen-en-consulta-ciudadana%2F\" target=\"_top\" rel=\"nofollow\"><span class=\"icon\"><\/span><span class=\"text\">Share<\/span><\/a><a class=\"mashicon-twitter mash-large mash-center mashsb-noshadow\" href=\"https:\/\/twitter.com\/intent\/tweet?text=&amp;url=https:\/\/www.zunoticia.com\/noticias-de-hidalgo\/2021\/06\/28\/esperamos-que-mexicanos-participen-en-consulta-ciudadana\/\" target=\"_top\" rel=\"nofollow\"><span class=\"icon\"><\/span><span class=\"text\">Tweet<\/span><\/a><div class=\"onoffswitch2 mash-large mashsb-noshadow\" style=\"display:none\"><\/div><\/div>\n            <\/div>\n                <div style=\"clear:both\"><\/div><div class=\"mashsb-toggle-container\"><\/div><\/aside>\n            <!-- Share buttons by mashshare.net - Version: 4.0.47-->\n<p><em>Por Enedino Hern\u00e1ndez\/Zunoticia<\/em><\/p>\n\n\n\n<p><strong>Huejutla, Hidalgo.-<\/strong> S\u00f3lo es cuesti\u00f3n de que la ciudadan\u00eda responda positivamente en la Consulta Ciudadana prevista para el 1 de agosto para el respectivo enjuiciamiento de los Expresidentes de M\u00e9xico, expone el profesor de educaci\u00f3n b\u00e1sica, Felipe Hern\u00e1ndez Rubio.<\/p>\n\n\n\n<p>Se\u00f1ala que los ciudadanos tienen la oportunidad de opinar y participar en la Consulta Ciudadana que ser\u00e1 de base para saber si se les enjuicia, as\u00ed mismo detalla que con la Consulta Ciudadana se espera aprobaci\u00f3n de los ciudadanos para enjuiciar a los Expresidentes: Carlos Salinas, Ernesto Zedillo, Vicente Fox, Felipe Calder\u00f3n y Enrique Pe\u00f1a Nieto.<\/p>\n\n\n\n<p>Concluy\u00f3 diciendo que es importante que todos participen en esta Consulta Ciudadana para conocer la opini\u00f3n que tienen los ciudadanos en cuanto al trabajo de los Expresidentes de M\u00e9xico.<\/p>\n","protected":false},"excerpt":{"rendered":"<p>Por Enedino Hern\u00e1ndez\/Zunoticia Huejutla, Hidalgo.- S\u00f3lo es cuesti\u00f3n de que la ciudadan\u00eda responda positivamente en la Consulta Ciudadana prevista para el 1 de agosto para el respectivo enjuiciamiento de los Expresidentes de M\u00e9xico, expone el profesor de educaci\u00f3n b\u00e1sica, Felipe Hern\u00e1ndez Rubio. Se\u00f1ala que los ciudadanos tienen la oportunidad de opinar y participar en la&hellip; <a class=\"more-link\" href=\"https:\/\/www.zunoticia.com\/noticias-de-hidalgo\/2021\/06\/28\/esperamos-que-mexicanos-participen-en-consulta-ciudadana\/\">Seguir leyendo <span class=\"screen-reader-text\">Esperamos que mexicanos participen en Consulta Ciudadana<\/span><\/a><\/p>\n","protected":false},"author":12,"featured_media":382317,"comment_status":"open","ping_status":"open","sticky":false,"template":"","format":"standard","meta":{"rop_custom_images_group":[],"rop_custom_messages_group":[],"rop_publish_now":"initial","rop_publish_now_accounts":{"facebook_10159540855086992_322828327761733":""},"rop_publish_now_history":[],"rop_publish_now_status":"pending","footnotes":""},"categories":[179,181],"tags":[121],"class_list":["post-382316","post","type-post","status-publish","format-standard","has-post-thumbnail","hentry","category-huasteca","category-huejutla","tag-huejutla","entry"],"_links":{"self":[{"href":"https:\/\/www.zunoticia.com\/noticias-de-hidalgo\/wp-json\/wp\/v2\/posts\/382316","targetHints":{"allow":["GET"]}}],"collection":[{"href":"https:\/\/www.zunoticia.com\/noticias-de-hidalgo\/wp-json\/wp\/v2\/posts"}],"about":[{"href":"https:\/\/www.zunoticia.com\/noticias-de-hidalgo\/wp-json\/wp\/v2\/types\/post"}],"author":[{"embeddable":true,"href":"https:\/\/www.zunoticia.com\/noticias-de-hidalgo\/wp-json\/wp\/v2\/users\/12"}],"replies":[{"embeddable":true,"href":"https:\/\/www.zunoticia.com\/noticias-de-hidalgo\/wp-json\/wp\/v2\/comments?post=382316"}],"version-history":[{"count":1,"href":"https:\/\/www.zunoticia.com\/noticias-de-hidalgo\/wp-json\/wp\/v2\/posts\/382316\/revisions"}],"predecessor-version":[{"id":382319,"href":"https:\/\/www.zunoticia.com\/noticias-de-hidalgo\/wp-json\/wp\/v2\/posts\/382316\/revisions\/382319"}],"wp:featuredmedia":[{"embeddable":true,"href":"https:\/\/www.zunoticia.com\/noticias-de-hidalgo\/wp-json\/wp\/v2\/media\/382317"}],"wp:attachment":[{"href":"https:\/\/www.zunoticia.com\/noticias-de-hidalgo\/wp-json\/wp\/v2\/media?parent=382316"}],"wp:term":[{"taxonomy":"category","embeddable":true,"href":"https:\/\/www.zunoticia.com\/noticias-de-hidalgo\/wp-json\/wp\/v2\/categories?post=382316"},{"taxonomy":"post_tag","embeddable":true,"href":"https:\/\/www.zunoticia.com\/noticias-de-hidalgo\/wp-json\/wp\/v2\/tags?post=382316"}],"curies":[{"name":"wp","href":"https:\/\/api.w.org\/{rel}","templated":true}]}}