{"id":382348,"date":"2021-06-28T19:18:05","date_gmt":"2021-06-29T01:18:05","guid":{"rendered":"https:\/\/www.zunoticia.com\/noticias-de-hidalgo\/?p=382348"},"modified":"2021-06-28T19:18:06","modified_gmt":"2021-06-29T01:18:06","slug":"perros-callejeros-son-un-grave-foco-de-infeccion","status":"publish","type":"post","link":"https:\/\/www.zunoticia.com\/noticias-de-hidalgo\/2021\/06\/28\/perros-callejeros-son-un-grave-foco-de-infeccion\/","title":{"rendered":"Perros callejeros son un grave foco de infecci\u00f3n"},"content":{"rendered":"<aside class=\"mashsb-container mashsb-main mashsb-stretched\"><div class=\"mashsb-box\"><div class=\"mashsb-count mash-large\" style=\"float:left\"><div class=\"counts mashsbcount\">0<\/div><span class=\"mashsb-sharetext\">SHARES<\/span><\/div><div class=\"mashsb-buttons\"><a class=\"mashicon-facebook mash-large mash-center mashsb-noshadow\" href=\"https:\/\/www.facebook.com\/sharer.php?u=https%3A%2F%2Fwww.zunoticia.com%2Fnoticias-de-hidalgo%2F2021%2F06%2F28%2Fperros-callejeros-son-un-grave-foco-de-infeccion%2F\" target=\"_top\" rel=\"nofollow\"><span class=\"icon\"><\/span><span class=\"text\">Share<\/span><\/a><a class=\"mashicon-twitter mash-large mash-center mashsb-noshadow\" href=\"https:\/\/twitter.com\/intent\/tweet?text=&amp;url=https:\/\/www.zunoticia.com\/noticias-de-hidalgo\/2021\/06\/28\/perros-callejeros-son-un-grave-foco-de-infeccion\/\" target=\"_top\" rel=\"nofollow\"><span class=\"icon\"><\/span><span class=\"text\">Tweet<\/span><\/a><div class=\"onoffswitch2 mash-large mashsb-noshadow\" style=\"display:none\"><\/div><\/div>\n            <\/div>\n                <div style=\"clear:both\"><\/div><div class=\"mashsb-toggle-container\"><\/div><\/aside>\n            <!-- Share buttons by mashshare.net - Version: 4.0.47-->\n<p><em>Por \u00c1ngel Silverio\/Zunoticia<\/em><\/p>\n\n\n\n<p><strong>Jaltoc\u00e1n, Hgo.-<\/strong> Comerciantes de este municipio, hicieron el exhorto a las autoridades sanitarias, para que lo m\u00e1s pronto posible implementen una campa\u00f1a de esterilizaci\u00f3n canina, debido a que el n\u00famero de perros callejeros va en aumento, convirti\u00e9ndose en un grave foco de infecci\u00f3n.<\/p>\n\n\n\n<p>Lucio Romero Hern\u00e1ndez, representante del comercio en este municipio indic\u00f3, que este constante llamado es debido a que han notado que cada mes el n\u00famero de perros va en incremento y las autoridades no han actuado ante esto, \u00fanicamente se realiz\u00f3 la vacunaci\u00f3n canina y felina, lo cual dijeron se agradece pero es urgente la esterilizaci\u00f3n.<\/p>\n\n\n\n<p>&#8220;Como recordar\u00e1s a trav\u00e9s de ustedes hace poco m\u00e1s de un mes hemos venido pidiendo que se realice esto, atendieron el llamado de vacunaci\u00f3n antirr\u00e1bica y eso se lo agradecemos, pero lo que urge tambi\u00e9n es disminuir el \u00edndice de perros, son un grave foco, algunos perros est\u00e1n enfermos de sarna y se andan paseando en la calle por la zona donde se vende comida o se est\u00e1n donde se instalan los carniceros, y peor a\u00fan son peligrosos para los clientes&#8221; indic\u00f3.<\/p>\n\n\n\n<p>Este problema de salud p\u00fablica en efecto ha sido dado a conocer con anterioridad, sin embargo esperan que se atienda est\u00e1 petici\u00f3n, &#8220;Nosotros vamos a seguir insistiendo en que es necesario la creaci\u00f3n de un mercado municipal, donde nos instalemos todos, un \u00e1rea limpia para los comensales, para los clientes y nosotros como vendedores, vamos a seguir haciendo la gesti\u00f3n porque es algo que nos urge, por reacomodo y por seguridad, y salud p\u00fablica&#8221; finaliz\u00f3 el l\u00edder del comercio.<\/p>\n","protected":false},"excerpt":{"rendered":"<p>Por \u00c1ngel Silverio\/Zunoticia Jaltoc\u00e1n, Hgo.- Comerciantes de este municipio, hicieron el exhorto a las autoridades sanitarias, para que lo m\u00e1s pronto posible implementen una campa\u00f1a de esterilizaci\u00f3n canina, debido a que el n\u00famero de perros callejeros va en aumento, convirti\u00e9ndose en un grave foco de infecci\u00f3n. Lucio Romero Hern\u00e1ndez, representante del comercio en este municipio&hellip; <a class=\"more-link\" href=\"https:\/\/www.zunoticia.com\/noticias-de-hidalgo\/2021\/06\/28\/perros-callejeros-son-un-grave-foco-de-infeccion\/\">Seguir leyendo <span class=\"screen-reader-text\">Perros callejeros son un grave foco de infecci\u00f3n<\/span><\/a><\/p>\n","protected":false},"author":12,"featured_media":382350,"comment_status":"open","ping_status":"open","sticky":false,"template":"","format":"standard","meta":{"rop_custom_images_group":[],"rop_custom_messages_group":[],"rop_publish_now":"initial","rop_publish_now_accounts":{"facebook_10159540855086992_322828327761733":""},"rop_publish_now_history":[],"rop_publish_now_status":"pending","footnotes":""},"categories":[179,200],"tags":[249],"class_list":["post-382348","post","type-post","status-publish","format-standard","has-post-thumbnail","hentry","category-huasteca","category-jaltocan","tag-jaltocan-2","entry"],"_links":{"self":[{"href":"https:\/\/www.zunoticia.com\/noticias-de-hidalgo\/wp-json\/wp\/v2\/posts\/382348","targetHints":{"allow":["GET"]}}],"collection":[{"href":"https:\/\/www.zunoticia.com\/noticias-de-hidalgo\/wp-json\/wp\/v2\/posts"}],"about":[{"href":"https:\/\/www.zunoticia.com\/noticias-de-hidalgo\/wp-json\/wp\/v2\/types\/post"}],"author":[{"embeddable":true,"href":"https:\/\/www.zunoticia.com\/noticias-de-hidalgo\/wp-json\/wp\/v2\/users\/12"}],"replies":[{"embeddable":true,"href":"https:\/\/www.zunoticia.com\/noticias-de-hidalgo\/wp-json\/wp\/v2\/comments?post=382348"}],"version-history":[{"count":1,"href":"https:\/\/www.zunoticia.com\/noticias-de-hidalgo\/wp-json\/wp\/v2\/posts\/382348\/revisions"}],"predecessor-version":[{"id":382351,"href":"https:\/\/www.zunoticia.com\/noticias-de-hidalgo\/wp-json\/wp\/v2\/posts\/382348\/revisions\/382351"}],"wp:featuredmedia":[{"embeddable":true,"href":"https:\/\/www.zunoticia.com\/noticias-de-hidalgo\/wp-json\/wp\/v2\/media\/382350"}],"wp:attachment":[{"href":"https:\/\/www.zunoticia.com\/noticias-de-hidalgo\/wp-json\/wp\/v2\/media?parent=382348"}],"wp:term":[{"taxonomy":"category","embeddable":true,"href":"https:\/\/www.zunoticia.com\/noticias-de-hidalgo\/wp-json\/wp\/v2\/categories?post=382348"},{"taxonomy":"post_tag","embeddable":true,"href":"https:\/\/www.zunoticia.com\/noticias-de-hidalgo\/wp-json\/wp\/v2\/tags?post=382348"}],"curies":[{"name":"wp","href":"https:\/\/api.w.org\/{rel}","templated":true}]}}