{"id":382360,"date":"2021-06-28T23:39:53","date_gmt":"2021-06-29T05:39:53","guid":{"rendered":"https:\/\/www.zunoticia.com\/noticias-de-hidalgo\/?p=382360"},"modified":"2021-06-28T23:39:55","modified_gmt":"2021-06-29T05:39:55","slug":"espejeando-125","status":"publish","type":"post","link":"https:\/\/www.zunoticia.com\/noticias-de-hidalgo\/2021\/06\/28\/espejeando-125\/","title":{"rendered":"Espejeando"},"content":{"rendered":"<aside class=\"mashsb-container mashsb-main mashsb-stretched\"><div class=\"mashsb-box\"><div class=\"mashsb-count mash-large\" style=\"float:left\"><div class=\"counts mashsbcount\">0<\/div><span class=\"mashsb-sharetext\">SHARES<\/span><\/div><div class=\"mashsb-buttons\"><a class=\"mashicon-facebook mash-large mash-center mashsb-noshadow\" href=\"https:\/\/www.facebook.com\/sharer.php?u=https%3A%2F%2Fwww.zunoticia.com%2Fnoticias-de-hidalgo%2F2021%2F06%2F28%2Fespejeando-125%2F\" target=\"_top\" rel=\"nofollow\"><span class=\"icon\"><\/span><span class=\"text\">Share<\/span><\/a><a class=\"mashicon-twitter mash-large mash-center mashsb-noshadow\" href=\"https:\/\/twitter.com\/intent\/tweet?text=&amp;url=https:\/\/www.zunoticia.com\/noticias-de-hidalgo\/2021\/06\/28\/espejeando-125\/\" target=\"_top\" rel=\"nofollow\"><span class=\"icon\"><\/span><span class=\"text\">Tweet<\/span><\/a><div class=\"onoffswitch2 mash-large mashsb-noshadow\" style=\"display:none\"><\/div><\/div>\n            <\/div>\n                <div style=\"clear:both\"><\/div><div class=\"mashsb-toggle-container\"><\/div><\/aside>\n            <!-- Share buttons by mashshare.net - Version: 4.0.47-->\n<p>Se observaba venir esta manifestaci\u00f3n de operadores de taxis, en la que muestran un marcado distanciamiento de una realidad que vivimos los usuarios, porque defienden lo indefendible, primero, ellos no son los propietarios de la concesi\u00f3n y no se aprecia que los propietarios de \u00e9stas unidades no quieran saber d\u00f3nde anda su unidad con&nbsp; el localizador satelital, saber cu\u00e1nto cobr\u00f3 su trabajador por los servicios en el tax\u00edmetro y por supuesto, el costo de la gasolina.<\/p>\n\n\n\n<p>Es decir, dejar de pensar en la seguridad para el conductor y unidad que es un patrimonio; es un tema dif\u00edcil de creer, pero ahora se vuelve un tema dif\u00edcil por que mientras en Huejutla, bajo el pretexto de que no hay se\u00f1al de internet, se permiti\u00f3 no aceptar estas propuestas digitales de localizador satelital, cuando todas las unidades de transporte de reciente modelo lo portan, debiera ser obligatorio, pues algunas unidades de taxi se les andan zafando sus puertas y porta equipaje.<\/p>\n\n\n\n<p>El bloqueo gener\u00f3 afectaciones a ciudadanos, transportistas y automovilistas, ayer acordaron con autoridades del gobierno del estado levantar el bloqueo, liberar las arterias y seguir dialogando con Jos\u00e9 Luis Guevara Mu\u00f1oz, Secretario de Movilidad y Transporte y Juan Luis Lomel\u00ed Plasencia. La medida de la Secretar\u00eda de Movilidad y Transporte (SEMOT) es buena, beneficia m\u00e1s que afectar, sobre todo a los usuarios y a los propietarios de las unidades de motor y la concesi\u00f3n, pues es el patrimonio.<\/p>\n\n\n\n<p>El Gobierno de Hidalgo reiter\u00f3 su compromiso para mantener el di\u00e1logo anteponiendo el bienestar&nbsp;de la poblaci\u00f3n para construir juntos El Progreso, para hacer un Hidalgo m\u00e1s fuerte, con un transporte m\u00e1s&nbsp;seguro, c\u00f3modo y eficiente. Esperemos que no se mantengan esos bloqueos, la nueva crom\u00e1tica implementada es buena, vistosa y segura al identificar las unidades, nosotros los usuarios exigimos subirnos a una unidad con caracter\u00edsticas seguras \u2026\u2026\u2026\u2026\u2026. Hablando de Movilidad y de dinero, porque a los conductores de taxi no quieren que los metan en cintura, ellos quieren libertinaje, nosotros queremos seguridad y la seguridad es muy amplia, mire la Alianza Nacional de Peque\u00f1os Comerciantes (ANPEC) dio a conocer que las alzas en los energ\u00e9ticos, prohibiciones comerciales, restricciones y factores clim\u00e1ticos, la demanda de alimentos derivada de la pandemia, previa el recibir el segundo semestre del a\u00f1o con notables alzas de precios. Vaya noticia tan fuerte, como si no estuvi\u00e9ramos mal y viene m\u00e1s.<\/p>\n\n\n\n<p>La debilitaci\u00f3n del poder adquisitivo de las familias mexicanas en el pa\u00eds, INEGI ha reportado para la primera quincena de junio de 6.02 por ciento en inflaci\u00f3n subyacente y 10.61 de inflaci\u00f3n no subyacente (alimentos) confirma el anuncio de ANPEC. En el \u00faltimo a\u00f1o las gasolinas han aumentado un 22 % , gas LP 30 % energ\u00eda el\u00e9ctrica un 12 % factor que incide en los costos de producci\u00f3n.<\/p>\n\n\n\n<p>&nbsp;La tortilla elev\u00f3 su precio un 10 % y la carne se ha disparado, el puerco 15 %, pollo 30 % y res 11 %. INEGI ha anunciado que ser\u00e1 hasta el tercer trimestre del 2022 cuando podr\u00edamos volver a un 3 % de inflaci\u00f3n, es decir la oleada de alza de precios seguir\u00e1 subiendo, un panorama nada agradable.<\/p>\n\n\n\n<p>Pero localmente veamos la otra cara de la moneda, porque la visi\u00f3n nacional es una, la perspectiva comunal es peor, es decir detallar c\u00f3mo viven en la comunidad, define lo grave que es el momento de hambre al no haber trabajo, de no tener alternativas de conseguir recursos, pero adem\u00e1s si es del que gusta las tradicionales enchiladas con cecina, bistec, ya se dio cuenta que ese bistec cada vez es m\u00e1s peque\u00f1o. Hay que ser observadores, al paso que vamos solo ser\u00e1n enchiladas sin carne y sin consumidores.<\/p>\n","protected":false},"excerpt":{"rendered":"<p>Se observaba venir esta manifestaci\u00f3n de operadores de taxis, en la que muestran un marcado distanciamiento de una realidad que vivimos los usuarios, porque defienden lo indefendible, primero, ellos no son los propietarios de la concesi\u00f3n y no se aprecia que los propietarios de \u00e9stas unidades no quieran saber d\u00f3nde anda su unidad con&nbsp; el&hellip; <a class=\"more-link\" href=\"https:\/\/www.zunoticia.com\/noticias-de-hidalgo\/2021\/06\/28\/espejeando-125\/\">Seguir leyendo <span class=\"screen-reader-text\">Espejeando<\/span><\/a><\/p>\n","protected":false},"author":12,"featured_media":382367,"comment_status":"open","ping_status":"open","sticky":false,"template":"","format":"standard","meta":{"rop_custom_images_group":[],"rop_custom_messages_group":[],"rop_publish_now":"initial","rop_publish_now_accounts":{"facebook_10159540855086992_322828327761733":""},"rop_publish_now_history":[],"rop_publish_now_status":"pending","footnotes":""},"categories":[176],"tags":[205],"class_list":["post-382360","post","type-post","status-publish","format-standard","has-post-thumbnail","hentry","category-espejeando","tag-espejeando","entry"],"_links":{"self":[{"href":"https:\/\/www.zunoticia.com\/noticias-de-hidalgo\/wp-json\/wp\/v2\/posts\/382360","targetHints":{"allow":["GET"]}}],"collection":[{"href":"https:\/\/www.zunoticia.com\/noticias-de-hidalgo\/wp-json\/wp\/v2\/posts"}],"about":[{"href":"https:\/\/www.zunoticia.com\/noticias-de-hidalgo\/wp-json\/wp\/v2\/types\/post"}],"author":[{"embeddable":true,"href":"https:\/\/www.zunoticia.com\/noticias-de-hidalgo\/wp-json\/wp\/v2\/users\/12"}],"replies":[{"embeddable":true,"href":"https:\/\/www.zunoticia.com\/noticias-de-hidalgo\/wp-json\/wp\/v2\/comments?post=382360"}],"version-history":[{"count":1,"href":"https:\/\/www.zunoticia.com\/noticias-de-hidalgo\/wp-json\/wp\/v2\/posts\/382360\/revisions"}],"predecessor-version":[{"id":382368,"href":"https:\/\/www.zunoticia.com\/noticias-de-hidalgo\/wp-json\/wp\/v2\/posts\/382360\/revisions\/382368"}],"wp:featuredmedia":[{"embeddable":true,"href":"https:\/\/www.zunoticia.com\/noticias-de-hidalgo\/wp-json\/wp\/v2\/media\/382367"}],"wp:attachment":[{"href":"https:\/\/www.zunoticia.com\/noticias-de-hidalgo\/wp-json\/wp\/v2\/media?parent=382360"}],"wp:term":[{"taxonomy":"category","embeddable":true,"href":"https:\/\/www.zunoticia.com\/noticias-de-hidalgo\/wp-json\/wp\/v2\/categories?post=382360"},{"taxonomy":"post_tag","embeddable":true,"href":"https:\/\/www.zunoticia.com\/noticias-de-hidalgo\/wp-json\/wp\/v2\/tags?post=382360"}],"curies":[{"name":"wp","href":"https:\/\/api.w.org\/{rel}","templated":true}]}}