{"id":382361,"date":"2021-06-28T20:05:02","date_gmt":"2021-06-29T02:05:02","guid":{"rendered":"https:\/\/www.zunoticia.com\/noticias-de-hidalgo\/?p=382361"},"modified":"2021-06-28T20:06:25","modified_gmt":"2021-06-29T02:06:25","slug":"actualizacion-de-las-condiciones-atmosfericas","status":"publish","type":"post","link":"https:\/\/www.zunoticia.com\/noticias-de-hidalgo\/2021\/06\/28\/actualizacion-de-las-condiciones-atmosfericas\/","title":{"rendered":"Actualizaci\u00f3n de las condiciones atmosf\u00e9ricas"},"content":{"rendered":"<aside class=\"mashsb-container mashsb-main mashsb-stretched\"><div class=\"mashsb-box\"><div class=\"mashsb-count mash-large\" style=\"float:left\"><div class=\"counts mashsbcount\">0<\/div><span class=\"mashsb-sharetext\">SHARES<\/span><\/div><div class=\"mashsb-buttons\"><a class=\"mashicon-facebook mash-large mash-center mashsb-noshadow\" href=\"https:\/\/www.facebook.com\/sharer.php?u=https%3A%2F%2Fwww.zunoticia.com%2Fnoticias-de-hidalgo%2F2021%2F06%2F28%2Factualizacion-de-las-condiciones-atmosfericas%2F\" target=\"_top\" rel=\"nofollow\"><span class=\"icon\"><\/span><span class=\"text\">Share<\/span><\/a><a class=\"mashicon-twitter mash-large mash-center mashsb-noshadow\" href=\"https:\/\/twitter.com\/intent\/tweet?text=&amp;url=https:\/\/www.zunoticia.com\/noticias-de-hidalgo\/2021\/06\/28\/actualizacion-de-las-condiciones-atmosfericas\/\" target=\"_top\" rel=\"nofollow\"><span class=\"icon\"><\/span><span class=\"text\">Tweet<\/span><\/a><div class=\"onoffswitch2 mash-large mashsb-noshadow\" style=\"display:none\"><\/div><\/div>\n            <\/div>\n                <div style=\"clear:both\"><\/div><div class=\"mashsb-toggle-container\"><\/div><\/aside>\n            <!-- Share buttons by mashshare.net - Version: 4.0.47-->\n<p><strong>Pachuca de Soto, Hidalgo.-<\/strong> De acuerdo al an\u00e1lisis que realiza la Subsecretar\u00eda de Protecci\u00f3n Civil y Gesti\u00f3n de Riesgos sobre las condiciones atmosf\u00e9ricas esperadas en el estado, se observa que la interacci\u00f3n de sistemas atmosf\u00e9ricos, favorecer\u00e1 el incremento en extensi\u00f3n e intensidad de las precipitaciones. Por tanto, se prev\u00e9 temporal lluvioso a partir de hoy y por lo menos hasta el pr\u00f3ximo viernes 2 de julio, potencial de lluvias de hasta puntual muy fuertes sin descartar local intensas; as\u00ed como granizadas, actividad el\u00e9ctrica en condici\u00f3n de tormenta, aceleraci\u00f3n de los vientos con rachas iguales o superiores a los 50 km\/h y ambiente predominantemente templado.<\/p>\n\n\n\n<p>Como consecuencia de estas condiciones, se esperan efectos urbanos por colecci\u00f3n y escorrent\u00eda con eventos locales significativos, es decir, que el acumulado de agua en puntos espec\u00edficos pueda generar encharcamientos o en su caso inundaciones, crecidas en r\u00edos de respuesta r\u00e1pida y afluentes, as\u00ed como, por saturaci\u00f3n h\u00eddrica derrumbes y deslaves.<\/p>\n\n\n\n<p>Por lo anterior, se exhorta a la poblaci\u00f3n a tomar acciones preventivas y de autoprotecci\u00f3n, as\u00ed como mantenerse actualizados respecto del desarrollo de las condiciones atmosf\u00e9ricas en fuentes de comunicaci\u00f3n oficiales:<\/p>\n\n\n\n<p>Coordinaci\u00f3n General del Servicio Meteorol\u00f3gico Nacional: <a href=\"https:\/\/smn.conagua.gob.mx\/es\/\">https:\/\/smn.conagua.gob.mx\/es\/<\/a> , Coordinaci\u00f3n Nacional de Protecci\u00f3n Civil: <a href=\"https:\/\/www.facebook.com\/CNPCmx\/\">https:\/\/www.facebook.com\/CNPCmx\/<\/a> y <a href=\"https:\/\/twitter.com\/CNPC_MX\">https:\/\/twitter.com\/CNPC_MX<\/a>;<\/p>\n\n\n\n<p>Subsecretar\u00eda de Protecci\u00f3n Civil y Gesti\u00f3n de Riesgos del estado de Hidalgo: <a href=\"https:\/\/www.facebook.com\/DGPCyGRHgo\/\">https:\/\/www.facebook.com\/DGPCyGRHgo\/<\/a> &nbsp;y <a href=\"https:\/\/twitter.com\/SSPCyGRHgo\">https:\/\/twitter.com\/SSPCyGRHgo<\/a>.<\/p>\n","protected":false},"excerpt":{"rendered":"<p>Pachuca de Soto, Hidalgo.- De acuerdo al an\u00e1lisis que realiza la Subsecretar\u00eda de Protecci\u00f3n Civil y Gesti\u00f3n de Riesgos sobre las condiciones atmosf\u00e9ricas esperadas en el estado, se observa que la interacci\u00f3n de sistemas atmosf\u00e9ricos, favorecer\u00e1 el incremento en extensi\u00f3n e intensidad de las precipitaciones. Por tanto, se prev\u00e9 temporal lluvioso a partir de hoy&hellip; <a class=\"more-link\" href=\"https:\/\/www.zunoticia.com\/noticias-de-hidalgo\/2021\/06\/28\/actualizacion-de-las-condiciones-atmosfericas\/\">Seguir leyendo <span class=\"screen-reader-text\">Actualizaci\u00f3n de las condiciones atmosf\u00e9ricas<\/span><\/a><\/p>\n","protected":false},"author":12,"featured_media":382365,"comment_status":"open","ping_status":"open","sticky":false,"template":"","format":"standard","meta":{"rop_custom_images_group":[],"rop_custom_messages_group":[],"rop_publish_now":"initial","rop_publish_now_accounts":{"facebook_10159540855086992_322828327761733":""},"rop_publish_now_history":[],"rop_publish_now_status":"pending","footnotes":""},"categories":[208],"tags":[214],"class_list":["post-382361","post","type-post","status-publish","format-standard","has-post-thumbnail","hentry","category-estado","tag-estado","entry"],"_links":{"self":[{"href":"https:\/\/www.zunoticia.com\/noticias-de-hidalgo\/wp-json\/wp\/v2\/posts\/382361","targetHints":{"allow":["GET"]}}],"collection":[{"href":"https:\/\/www.zunoticia.com\/noticias-de-hidalgo\/wp-json\/wp\/v2\/posts"}],"about":[{"href":"https:\/\/www.zunoticia.com\/noticias-de-hidalgo\/wp-json\/wp\/v2\/types\/post"}],"author":[{"embeddable":true,"href":"https:\/\/www.zunoticia.com\/noticias-de-hidalgo\/wp-json\/wp\/v2\/users\/12"}],"replies":[{"embeddable":true,"href":"https:\/\/www.zunoticia.com\/noticias-de-hidalgo\/wp-json\/wp\/v2\/comments?post=382361"}],"version-history":[{"count":1,"href":"https:\/\/www.zunoticia.com\/noticias-de-hidalgo\/wp-json\/wp\/v2\/posts\/382361\/revisions"}],"predecessor-version":[{"id":382366,"href":"https:\/\/www.zunoticia.com\/noticias-de-hidalgo\/wp-json\/wp\/v2\/posts\/382361\/revisions\/382366"}],"wp:featuredmedia":[{"embeddable":true,"href":"https:\/\/www.zunoticia.com\/noticias-de-hidalgo\/wp-json\/wp\/v2\/media\/382365"}],"wp:attachment":[{"href":"https:\/\/www.zunoticia.com\/noticias-de-hidalgo\/wp-json\/wp\/v2\/media?parent=382361"}],"wp:term":[{"taxonomy":"category","embeddable":true,"href":"https:\/\/www.zunoticia.com\/noticias-de-hidalgo\/wp-json\/wp\/v2\/categories?post=382361"},{"taxonomy":"post_tag","embeddable":true,"href":"https:\/\/www.zunoticia.com\/noticias-de-hidalgo\/wp-json\/wp\/v2\/tags?post=382361"}],"curies":[{"name":"wp","href":"https:\/\/api.w.org\/{rel}","templated":true}]}}