{"id":382362,"date":"2021-06-28T19:53:54","date_gmt":"2021-06-29T01:53:54","guid":{"rendered":"https:\/\/www.zunoticia.com\/noticias-de-hidalgo\/?p=382362"},"modified":"2021-06-28T19:53:54","modified_gmt":"2021-06-29T01:53:54","slug":"gobierno-de-hidalgo-y-operadores-de-taxis-acuerdan-levantar-bloqueos-viales","status":"publish","type":"post","link":"https:\/\/www.zunoticia.com\/noticias-de-hidalgo\/2021\/06\/28\/gobierno-de-hidalgo-y-operadores-de-taxis-acuerdan-levantar-bloqueos-viales\/","title":{"rendered":"Gobierno de Hidalgo y operadores de taxis acuerdan levantar bloqueos viales"},"content":{"rendered":"<aside class=\"mashsb-container mashsb-main mashsb-stretched\"><div class=\"mashsb-box\"><div class=\"mashsb-count mash-large\" style=\"float:left\"><div class=\"counts mashsbcount\">0<\/div><span class=\"mashsb-sharetext\">SHARES<\/span><\/div><div class=\"mashsb-buttons\"><a class=\"mashicon-facebook mash-large mash-center mashsb-noshadow\" href=\"https:\/\/www.facebook.com\/sharer.php?u=https%3A%2F%2Fwww.zunoticia.com%2Fnoticias-de-hidalgo%2F2021%2F06%2F28%2Fgobierno-de-hidalgo-y-operadores-de-taxis-acuerdan-levantar-bloqueos-viales%2F\" target=\"_top\" rel=\"nofollow\"><span class=\"icon\"><\/span><span class=\"text\">Share<\/span><\/a><a class=\"mashicon-twitter mash-large mash-center mashsb-noshadow\" href=\"https:\/\/twitter.com\/intent\/tweet?text=&amp;url=https:\/\/www.zunoticia.com\/noticias-de-hidalgo\/2021\/06\/28\/gobierno-de-hidalgo-y-operadores-de-taxis-acuerdan-levantar-bloqueos-viales\/\" target=\"_top\" rel=\"nofollow\"><span class=\"icon\"><\/span><span class=\"text\">Tweet<\/span><\/a><div class=\"onoffswitch2 mash-large mashsb-noshadow\" style=\"display:none\"><\/div><\/div>\n            <\/div>\n                <div style=\"clear:both\"><\/div><div class=\"mashsb-toggle-container\"><\/div><\/aside>\n            <!-- Share buttons by mashshare.net - Version: 4.0.47-->\n<p><strong>Pachuca de Soto, Hidalgo.-<\/strong> En relaci\u00f3n a los bloqueos viales suscitados el d\u00eda de hoy en distintos puntos de la entidad, el secretario de Movilidad y Transporte, Jos\u00e9 Luis Guevara Mu\u00f1oz, y el subsecretario de Gobernaci\u00f3n, Juan Luis Lomel\u00ed Plascencia, encabezaron una reuni\u00f3n con los representantes de operadores de taxis inconformes con la medida.<\/p>\n\n\n\n<p>Derivado de esta reuni\u00f3n, se acord\u00f3 que los bloqueos viales se retirar\u00e1n a la brevedad y que se mantendr\u00e1n abiertos los canales de comunicaci\u00f3n pertinentes a efecto de no volver a generar afectaciones de esta naturaleza a la sociedad, as\u00ed como a usuarios, y continuar con los planes de modernizaci\u00f3n de los taxis donde el transportista es el eje fundamental.<\/p>\n\n\n\n<p>El Gobierno de Hidalgo reitera su compromiso para mantener el di\u00e1logo con todas y todos anteponiendo el bienestar de la poblaci\u00f3n para construir junto con ella el progreso para hacer de este un Hidalgo m\u00e1s fuerte, con un transporte m\u00e1s seguro, c\u00f3modo y eficiente.<\/p>\n","protected":false},"excerpt":{"rendered":"<p>Pachuca de Soto, Hidalgo.- En relaci\u00f3n a los bloqueos viales suscitados el d\u00eda de hoy en distintos puntos de la entidad, el secretario de Movilidad y Transporte, Jos\u00e9 Luis Guevara Mu\u00f1oz, y el subsecretario de Gobernaci\u00f3n, Juan Luis Lomel\u00ed Plascencia, encabezaron una reuni\u00f3n con los representantes de operadores de taxis inconformes con la medida. Derivado&hellip; <a class=\"more-link\" href=\"https:\/\/www.zunoticia.com\/noticias-de-hidalgo\/2021\/06\/28\/gobierno-de-hidalgo-y-operadores-de-taxis-acuerdan-levantar-bloqueos-viales\/\">Seguir leyendo <span class=\"screen-reader-text\">Gobierno de Hidalgo y operadores de taxis acuerdan levantar bloqueos viales<\/span><\/a><\/p>\n","protected":false},"author":12,"featured_media":382363,"comment_status":"open","ping_status":"open","sticky":false,"template":"","format":"standard","meta":{"rop_custom_images_group":[],"rop_custom_messages_group":[],"rop_publish_now":"initial","rop_publish_now_accounts":{"facebook_10159540855086992_322828327761733":""},"rop_publish_now_history":[],"rop_publish_now_status":"pending","footnotes":""},"categories":[208],"tags":[214],"class_list":["post-382362","post","type-post","status-publish","format-standard","has-post-thumbnail","hentry","category-estado","tag-estado","entry"],"_links":{"self":[{"href":"https:\/\/www.zunoticia.com\/noticias-de-hidalgo\/wp-json\/wp\/v2\/posts\/382362","targetHints":{"allow":["GET"]}}],"collection":[{"href":"https:\/\/www.zunoticia.com\/noticias-de-hidalgo\/wp-json\/wp\/v2\/posts"}],"about":[{"href":"https:\/\/www.zunoticia.com\/noticias-de-hidalgo\/wp-json\/wp\/v2\/types\/post"}],"author":[{"embeddable":true,"href":"https:\/\/www.zunoticia.com\/noticias-de-hidalgo\/wp-json\/wp\/v2\/users\/12"}],"replies":[{"embeddable":true,"href":"https:\/\/www.zunoticia.com\/noticias-de-hidalgo\/wp-json\/wp\/v2\/comments?post=382362"}],"version-history":[{"count":1,"href":"https:\/\/www.zunoticia.com\/noticias-de-hidalgo\/wp-json\/wp\/v2\/posts\/382362\/revisions"}],"predecessor-version":[{"id":382364,"href":"https:\/\/www.zunoticia.com\/noticias-de-hidalgo\/wp-json\/wp\/v2\/posts\/382362\/revisions\/382364"}],"wp:featuredmedia":[{"embeddable":true,"href":"https:\/\/www.zunoticia.com\/noticias-de-hidalgo\/wp-json\/wp\/v2\/media\/382363"}],"wp:attachment":[{"href":"https:\/\/www.zunoticia.com\/noticias-de-hidalgo\/wp-json\/wp\/v2\/media?parent=382362"}],"wp:term":[{"taxonomy":"category","embeddable":true,"href":"https:\/\/www.zunoticia.com\/noticias-de-hidalgo\/wp-json\/wp\/v2\/categories?post=382362"},{"taxonomy":"post_tag","embeddable":true,"href":"https:\/\/www.zunoticia.com\/noticias-de-hidalgo\/wp-json\/wp\/v2\/tags?post=382362"}],"curies":[{"name":"wp","href":"https:\/\/api.w.org\/{rel}","templated":true}]}}