{"id":382620,"date":"2021-06-30T18:37:57","date_gmt":"2021-07-01T00:37:57","guid":{"rendered":"https:\/\/www.zunoticia.com\/noticias-de-hidalgo\/?p=382620"},"modified":"2021-06-30T18:37:57","modified_gmt":"2021-07-01T00:37:57","slug":"comercio-informal-necesita-apoyo-y-un-lugar-techado-lucio-r","status":"publish","type":"post","link":"https:\/\/www.zunoticia.com\/noticias-de-hidalgo\/2021\/06\/30\/comercio-informal-necesita-apoyo-y-un-lugar-techado-lucio-r\/","title":{"rendered":"Comercio informal necesita apoyo y un lugar techado: Lucio R."},"content":{"rendered":"<aside class=\"mashsb-container mashsb-main mashsb-stretched\"><div class=\"mashsb-box\"><div class=\"mashsb-count mash-large\" style=\"float:left\"><div class=\"counts mashsbcount\">0<\/div><span class=\"mashsb-sharetext\">SHARES<\/span><\/div><div class=\"mashsb-buttons\"><a class=\"mashicon-facebook mash-large mash-center mashsb-noshadow\" href=\"https:\/\/www.facebook.com\/sharer.php?u=https%3A%2F%2Fwww.zunoticia.com%2Fnoticias-de-hidalgo%2F2021%2F06%2F30%2Fcomercio-informal-necesita-apoyo-y-un-lugar-techado-lucio-r%2F\" target=\"_top\" rel=\"nofollow\"><span class=\"icon\"><\/span><span class=\"text\">Share<\/span><\/a><a class=\"mashicon-twitter mash-large mash-center mashsb-noshadow\" href=\"https:\/\/twitter.com\/intent\/tweet?text=&amp;url=https:\/\/www.zunoticia.com\/noticias-de-hidalgo\/2021\/06\/30\/comercio-informal-necesita-apoyo-y-un-lugar-techado-lucio-r\/\" target=\"_top\" rel=\"nofollow\"><span class=\"icon\"><\/span><span class=\"text\">Tweet<\/span><\/a><div class=\"onoffswitch2 mash-large mashsb-noshadow\" style=\"display:none\"><\/div><\/div>\n            <\/div>\n                <div style=\"clear:both\"><\/div><div class=\"mashsb-toggle-container\"><\/div><\/aside>\n            <!-- Share buttons by mashshare.net - Version: 4.0.47-->\n<p><em>Por \u00c1ngel Silverio\/Zunoticia<\/em><\/p>\n\n\n\n<p><strong>Jaltoc\u00e1n, Hgo.-<\/strong> Comerciantes de este municipio, atraviesan una crisis econ\u00f3mica debido a la temporada de lluvia por lo que piden se les contemple un apoyo por parte de las autoridades, pues siguen esperando el apoyo que se les prometi\u00f3 en su momento por la pandemia.<\/p>\n\n\n\n<p>De acuerdo a lo mencionado por los comerciantes que se instalan de manera diaria y los d\u00edas de plaza, indican que debido a la temporada de lluvias se han visto afectados, pues se tienen que retirar temprano o no acudir a vender, lo que merma su econom\u00eda familiar.<\/p>\n\n\n\n<p>Lucio Romero, representante del gremio, se\u00f1al\u00f3 que muchos de sus compa\u00f1eros contin\u00faan esperando el apoyo que se les prometi\u00f3 por parte de las autoridades municipales, -&#8220;Cuando reci\u00e9n empezaba lo de la pandemia se dijo que nos dar\u00edan un apoyo, y hace poco tambi\u00e9n porque fue suspendido el carnaval, pero hasta este momento no ha habido nada, lo \u00fanico que vamos a seguir pidiendo es la construcci\u00f3n del mercado, o un lugar techado para que los compa\u00f1eros puedan seguir vendiendo a\u00fan con lluvias, ojal\u00e1 que esto si lo escuchen o que por lo menos lo tengan contemplado a realizarse, porque con los hules es un peligro&#8221;.<\/p>\n\n\n\n<p>Agreg\u00f3 que seguir\u00e1n pugnando, y haciendo la gesti\u00f3n y ser\u00e1n puntuales en recordarles a los pr\u00f3ximos legisladores para que cumplan con su palabra, -&#8220;Los que ganaron se comprometieron con los compa\u00f1eros, con los artesanos, esperamos que cumplan su palabra, y que hagan tambi\u00e9n la gesti\u00f3n de recursos para este mercado que necesitamos, ah\u00ed vamos a ver si es cierto que de verdad quer\u00edan el puesto para apoyar a los que trabajamos, esperamos que as\u00ed sea&#8221;.<\/p>\n","protected":false},"excerpt":{"rendered":"<p>Por \u00c1ngel Silverio\/Zunoticia Jaltoc\u00e1n, Hgo.- Comerciantes de este municipio, atraviesan una crisis econ\u00f3mica debido a la temporada de lluvia por lo que piden se les contemple un apoyo por parte de las autoridades, pues siguen esperando el apoyo que se les prometi\u00f3 en su momento por la pandemia. De acuerdo a lo mencionado por los&hellip; <a class=\"more-link\" href=\"https:\/\/www.zunoticia.com\/noticias-de-hidalgo\/2021\/06\/30\/comercio-informal-necesita-apoyo-y-un-lugar-techado-lucio-r\/\">Seguir leyendo <span class=\"screen-reader-text\">Comercio informal necesita apoyo y un lugar techado: Lucio R.<\/span><\/a><\/p>\n","protected":false},"author":12,"featured_media":382621,"comment_status":"open","ping_status":"open","sticky":false,"template":"","format":"standard","meta":{"rop_custom_images_group":[],"rop_custom_messages_group":[],"rop_publish_now":"initial","rop_publish_now_accounts":{"facebook_10159540855086992_322828327761733":""},"rop_publish_now_history":[],"rop_publish_now_status":"pending","footnotes":""},"categories":[179,200],"tags":[249],"class_list":["post-382620","post","type-post","status-publish","format-standard","has-post-thumbnail","hentry","category-huasteca","category-jaltocan","tag-jaltocan-2","entry"],"_links":{"self":[{"href":"https:\/\/www.zunoticia.com\/noticias-de-hidalgo\/wp-json\/wp\/v2\/posts\/382620","targetHints":{"allow":["GET"]}}],"collection":[{"href":"https:\/\/www.zunoticia.com\/noticias-de-hidalgo\/wp-json\/wp\/v2\/posts"}],"about":[{"href":"https:\/\/www.zunoticia.com\/noticias-de-hidalgo\/wp-json\/wp\/v2\/types\/post"}],"author":[{"embeddable":true,"href":"https:\/\/www.zunoticia.com\/noticias-de-hidalgo\/wp-json\/wp\/v2\/users\/12"}],"replies":[{"embeddable":true,"href":"https:\/\/www.zunoticia.com\/noticias-de-hidalgo\/wp-json\/wp\/v2\/comments?post=382620"}],"version-history":[{"count":1,"href":"https:\/\/www.zunoticia.com\/noticias-de-hidalgo\/wp-json\/wp\/v2\/posts\/382620\/revisions"}],"predecessor-version":[{"id":382622,"href":"https:\/\/www.zunoticia.com\/noticias-de-hidalgo\/wp-json\/wp\/v2\/posts\/382620\/revisions\/382622"}],"wp:featuredmedia":[{"embeddable":true,"href":"https:\/\/www.zunoticia.com\/noticias-de-hidalgo\/wp-json\/wp\/v2\/media\/382621"}],"wp:attachment":[{"href":"https:\/\/www.zunoticia.com\/noticias-de-hidalgo\/wp-json\/wp\/v2\/media?parent=382620"}],"wp:term":[{"taxonomy":"category","embeddable":true,"href":"https:\/\/www.zunoticia.com\/noticias-de-hidalgo\/wp-json\/wp\/v2\/categories?post=382620"},{"taxonomy":"post_tag","embeddable":true,"href":"https:\/\/www.zunoticia.com\/noticias-de-hidalgo\/wp-json\/wp\/v2\/tags?post=382620"}],"curies":[{"name":"wp","href":"https:\/\/api.w.org\/{rel}","templated":true}]}}