{"id":385906,"date":"2021-07-21T17:17:31","date_gmt":"2021-07-21T23:17:31","guid":{"rendered":"https:\/\/www.zunoticia.com\/noticias-de-hidalgo\/?p=385906"},"modified":"2021-07-21T17:17:32","modified_gmt":"2021-07-21T23:17:32","slug":"por-falta-de-espacio-no-puede-crecer-mas-el-comercio","status":"publish","type":"post","link":"https:\/\/www.zunoticia.com\/noticias-de-hidalgo\/2021\/07\/21\/por-falta-de-espacio-no-puede-crecer-mas-el-comercio\/","title":{"rendered":"Por falta de espacio no puede crecer m\u00e1s el comercio"},"content":{"rendered":"<aside class=\"mashsb-container mashsb-main mashsb-stretched\"><div class=\"mashsb-box\"><div class=\"mashsb-count mash-large\" style=\"float:left\"><div class=\"counts mashsbcount\">4<\/div><span class=\"mashsb-sharetext\">SHARES<\/span><\/div><div class=\"mashsb-buttons\"><a class=\"mashicon-facebook mash-large mash-center mashsb-noshadow\" href=\"https:\/\/www.facebook.com\/sharer.php?u=https%3A%2F%2Fwww.zunoticia.com%2Fnoticias-de-hidalgo%2F2021%2F07%2F21%2Fpor-falta-de-espacio-no-puede-crecer-mas-el-comercio%2F\" target=\"_top\" rel=\"nofollow\"><span class=\"icon\"><\/span><span class=\"text\">Share<\/span><\/a><a class=\"mashicon-twitter mash-large mash-center mashsb-noshadow\" href=\"https:\/\/twitter.com\/intent\/tweet?text=&amp;url=https:\/\/www.zunoticia.com\/noticias-de-hidalgo\/2021\/07\/21\/por-falta-de-espacio-no-puede-crecer-mas-el-comercio\/\" target=\"_top\" rel=\"nofollow\"><span class=\"icon\"><\/span><span class=\"text\">Tweet<\/span><\/a><div class=\"onoffswitch2 mash-large mashsb-noshadow\" style=\"display:none\"><\/div><\/div>\n            <\/div>\n                <div style=\"clear:both\"><\/div><div class=\"mashsb-toggle-container\"><\/div><\/aside>\n            <!-- Share buttons by mashshare.net - Version: 4.0.47-->\n<p><em>Por \u00c1ngel Silverio\/Zunoticia<\/em><\/p>\n\n\n\n<p><strong>Jaltoc\u00e1n, Hgo.-<\/strong> El representante del comercio en esta demarcaci\u00f3n, Lucio Romero,&nbsp; reconoci\u00f3 que lamentablemente han tenido que ocupar los espacios p\u00fablicos para poder realizar sus vendimias, sin embargo dijo que la falta de un mercado municipal ha sido el impedimento de que el comercio local no pueda crecer, y no est\u00e9 de manera ordenada.<\/p>\n\n\n\n<p>Al mencionarle, si contin\u00faan pugnando por un espacio digno, tanto para el comercio como para artesanos, con las autoridades, dijo, -&#8220;Si eso fue a lo que se comprometieron, ojal\u00e1 que le den seguimiento a esto, porque si afecta a nosotros como comerciantes, varios compa\u00f1eros han venido que quieren trabajar, pero por el espacio ya no cabemos, por esa raz\u00f3n si se hace alg\u00fan d\u00eda el proyecto del mercado estar\u00edamos muy agradecidos&#8221;.<\/p>\n\n\n\n<p>Lucio Romero, a\u00f1adi\u00f3, -&#8220;Sabemos que estamos ocupando los espacios p\u00fablico, y ya con un mercado municipal las ventas&nbsp; a lo mejor estar\u00edan aumentando y mejor reubicados&#8221;.<\/p>\n\n\n\n<p>Lament\u00f3 que se sigan desacatando por algunos clientes y comerciantes las medidas de prevenci\u00f3n contra el COVID, -&#8220;Aqu\u00ed al parecer est\u00e1 bien y seguimos la plaza, y recordarles que se sigan cuidando nada m\u00e1s&#8221;.<\/p>\n","protected":false},"excerpt":{"rendered":"<p>Por \u00c1ngel Silverio\/Zunoticia Jaltoc\u00e1n, Hgo.- El representante del comercio en esta demarcaci\u00f3n, Lucio Romero,&nbsp; reconoci\u00f3 que lamentablemente han tenido que ocupar los espacios p\u00fablicos para poder realizar sus vendimias, sin embargo dijo que la falta de un mercado municipal ha sido el impedimento de que el comercio local no pueda crecer, y no est\u00e9 de&hellip; <a class=\"more-link\" href=\"https:\/\/www.zunoticia.com\/noticias-de-hidalgo\/2021\/07\/21\/por-falta-de-espacio-no-puede-crecer-mas-el-comercio\/\">Seguir leyendo <span class=\"screen-reader-text\">Por falta de espacio no puede crecer m\u00e1s el comercio<\/span><\/a><\/p>\n","protected":false},"author":12,"featured_media":385904,"comment_status":"open","ping_status":"open","sticky":false,"template":"","format":"standard","meta":{"rop_custom_images_group":[],"rop_custom_messages_group":[],"rop_publish_now":"initial","rop_publish_now_accounts":{"facebook_10159540855086992_322828327761733":""},"rop_publish_now_history":[],"rop_publish_now_status":"pending","footnotes":""},"categories":[179,200],"tags":[249],"class_list":["post-385906","post","type-post","status-publish","format-standard","has-post-thumbnail","hentry","category-huasteca","category-jaltocan","tag-jaltocan-2","entry"],"_links":{"self":[{"href":"https:\/\/www.zunoticia.com\/noticias-de-hidalgo\/wp-json\/wp\/v2\/posts\/385906","targetHints":{"allow":["GET"]}}],"collection":[{"href":"https:\/\/www.zunoticia.com\/noticias-de-hidalgo\/wp-json\/wp\/v2\/posts"}],"about":[{"href":"https:\/\/www.zunoticia.com\/noticias-de-hidalgo\/wp-json\/wp\/v2\/types\/post"}],"author":[{"embeddable":true,"href":"https:\/\/www.zunoticia.com\/noticias-de-hidalgo\/wp-json\/wp\/v2\/users\/12"}],"replies":[{"embeddable":true,"href":"https:\/\/www.zunoticia.com\/noticias-de-hidalgo\/wp-json\/wp\/v2\/comments?post=385906"}],"version-history":[{"count":1,"href":"https:\/\/www.zunoticia.com\/noticias-de-hidalgo\/wp-json\/wp\/v2\/posts\/385906\/revisions"}],"predecessor-version":[{"id":385907,"href":"https:\/\/www.zunoticia.com\/noticias-de-hidalgo\/wp-json\/wp\/v2\/posts\/385906\/revisions\/385907"}],"wp:featuredmedia":[{"embeddable":true,"href":"https:\/\/www.zunoticia.com\/noticias-de-hidalgo\/wp-json\/wp\/v2\/media\/385904"}],"wp:attachment":[{"href":"https:\/\/www.zunoticia.com\/noticias-de-hidalgo\/wp-json\/wp\/v2\/media?parent=385906"}],"wp:term":[{"taxonomy":"category","embeddable":true,"href":"https:\/\/www.zunoticia.com\/noticias-de-hidalgo\/wp-json\/wp\/v2\/categories?post=385906"},{"taxonomy":"post_tag","embeddable":true,"href":"https:\/\/www.zunoticia.com\/noticias-de-hidalgo\/wp-json\/wp\/v2\/tags?post=385906"}],"curies":[{"name":"wp","href":"https:\/\/api.w.org\/{rel}","templated":true}]}}