{"id":386299,"date":"2021-07-24T12:20:52","date_gmt":"2021-07-24T18:20:52","guid":{"rendered":"https:\/\/www.zunoticia.com\/noticias-de-hidalgo\/?p=386299"},"modified":"2021-07-24T12:21:24","modified_gmt":"2021-07-24T18:21:24","slug":"ciudadanos-huejutlenses-promueven-la-consulta-popular","status":"publish","type":"post","link":"https:\/\/www.zunoticia.com\/noticias-de-hidalgo\/2021\/07\/24\/ciudadanos-huejutlenses-promueven-la-consulta-popular\/","title":{"rendered":"Ciudadanos Huejutlenses promueven la Consulta Popular"},"content":{"rendered":"<aside class=\"mashsb-container mashsb-main mashsb-stretched\"><div class=\"mashsb-box\"><div class=\"mashsb-count mash-large\" style=\"float:left\"><div class=\"counts mashsbcount\">285<\/div><span class=\"mashsb-sharetext\">SHARES<\/span><\/div><div class=\"mashsb-buttons\"><a class=\"mashicon-facebook mash-large mash-center mashsb-noshadow\" href=\"https:\/\/www.facebook.com\/sharer.php?u=https%3A%2F%2Fwww.zunoticia.com%2Fnoticias-de-hidalgo%2F2021%2F07%2F24%2Fciudadanos-huejutlenses-promueven-la-consulta-popular%2F\" target=\"_top\" rel=\"nofollow\"><span class=\"icon\"><\/span><span class=\"text\">Share<\/span><\/a><a class=\"mashicon-twitter mash-large mash-center mashsb-noshadow\" href=\"https:\/\/twitter.com\/intent\/tweet?text=&amp;url=https:\/\/www.zunoticia.com\/noticias-de-hidalgo\/2021\/07\/24\/ciudadanos-huejutlenses-promueven-la-consulta-popular\/\" target=\"_top\" rel=\"nofollow\"><span class=\"icon\"><\/span><span class=\"text\">Tweet<\/span><\/a><div class=\"onoffswitch2 mash-large mashsb-noshadow\" style=\"display:none\"><\/div><\/div>\n            <\/div>\n                <div style=\"clear:both\"><\/div><div class=\"mashsb-toggle-container\"><\/div><\/aside>\n            <!-- Share buttons by mashshare.net - Version: 4.0.47-->\n<p><em>Por Enedino Hern\u00e1ndez\/Zunoticia<\/em><\/p>\n\n\n\n<p><strong>Huejutla, Hidalgo.-<\/strong> Ciudadanos de esta zona de la Huasteca realizaron acciones de promoci\u00f3n entre la poblaci\u00f3n en general para que participen en la Consulta Popular programada para el primero de agosto.<\/p>\n\n\n\n<p>El grupo de Ciudadanos Huejutlenses se instal\u00f3 durante este s\u00e1bado en la Plazuela Cinco de Mayo del Barrio Tecoluco en esta ciudad de Huejutla, lugar desde donde distribuyeron tr\u00edpticos relacionados con la Consulta Popular, con la cual se espera enjuiciar a los Expresidentes de M\u00e9xico.<\/p>\n\n\n\n<figure class=\"wp-block-image size-large\"><img fetchpriority=\"high\" decoding=\"async\" width=\"1024\" height=\"576\" src=\"https:\/\/www.zunoticia.com\/noticias-de-hidalgo\/wp-content\/uploads\/2021\/07\/eZy-Watermark-24-07-2021-12-58-58p.m.-1024x576.jpg\" alt=\"\" class=\"wp-image-386302\" srcset=\"https:\/\/www.zunoticia.com\/noticias-de-hidalgo\/wp-content\/uploads\/2021\/07\/eZy-Watermark-24-07-2021-12-58-58p.m.-1024x576.jpg 1024w, https:\/\/www.zunoticia.com\/noticias-de-hidalgo\/wp-content\/uploads\/2021\/07\/eZy-Watermark-24-07-2021-12-58-58p.m.-300x169.jpg 300w, https:\/\/www.zunoticia.com\/noticias-de-hidalgo\/wp-content\/uploads\/2021\/07\/eZy-Watermark-24-07-2021-12-58-58p.m.-768x432.jpg 768w, https:\/\/www.zunoticia.com\/noticias-de-hidalgo\/wp-content\/uploads\/2021\/07\/eZy-Watermark-24-07-2021-12-58-58p.m.-1536x864.jpg 1536w, https:\/\/www.zunoticia.com\/noticias-de-hidalgo\/wp-content\/uploads\/2021\/07\/eZy-Watermark-24-07-2021-12-58-58p.m.-1568x882.jpg 1568w, https:\/\/www.zunoticia.com\/noticias-de-hidalgo\/wp-content\/uploads\/2021\/07\/eZy-Watermark-24-07-2021-12-58-58p.m..jpg 1600w\" sizes=\"(max-width: 1024px) 100vw, 1024px\" \/><\/figure>\n\n\n\n<p>Marta Hern\u00e1ndez, ciudadana de esta zona de la Huasteca, indic\u00f3 que la Consulta Popular es un ejercicio de la ciudadan\u00eda donde, a trav\u00e9s de nuestro voto, decidimos que hacer ante temas de trascendencia nacional.<\/p>\n\n\n\n<p>Indic\u00f3 que esta es la primera vez que se realiza una Consulta Popular, sin partidos pol\u00edticos, sin campa\u00f1as millonarias, solo con el esfuerzo de la ciudadan\u00eda que junt\u00f3 en Septiembre de<\/p>\n\n\n\n<p>2020 m\u00e1s de 2.1 millones de firmas con la sola convicci\u00f3n de que se haga justicia.<\/p>\n\n\n\n<figure class=\"wp-block-image size-large\"><img decoding=\"async\" width=\"1024\" height=\"576\" src=\"https:\/\/www.zunoticia.com\/noticias-de-hidalgo\/wp-content\/uploads\/2021\/07\/eZy-Watermark-24-07-2021-12-58-30p.m.-1024x576.jpg\" alt=\"\" class=\"wp-image-386303\" srcset=\"https:\/\/www.zunoticia.com\/noticias-de-hidalgo\/wp-content\/uploads\/2021\/07\/eZy-Watermark-24-07-2021-12-58-30p.m.-1024x576.jpg 1024w, https:\/\/www.zunoticia.com\/noticias-de-hidalgo\/wp-content\/uploads\/2021\/07\/eZy-Watermark-24-07-2021-12-58-30p.m.-300x169.jpg 300w, https:\/\/www.zunoticia.com\/noticias-de-hidalgo\/wp-content\/uploads\/2021\/07\/eZy-Watermark-24-07-2021-12-58-30p.m.-768x432.jpg 768w, https:\/\/www.zunoticia.com\/noticias-de-hidalgo\/wp-content\/uploads\/2021\/07\/eZy-Watermark-24-07-2021-12-58-30p.m.-1536x864.jpg 1536w, https:\/\/www.zunoticia.com\/noticias-de-hidalgo\/wp-content\/uploads\/2021\/07\/eZy-Watermark-24-07-2021-12-58-30p.m.-1568x882.jpg 1568w, https:\/\/www.zunoticia.com\/noticias-de-hidalgo\/wp-content\/uploads\/2021\/07\/eZy-Watermark-24-07-2021-12-58-30p.m..jpg 1600w\" sizes=\"(max-width: 1024px) 100vw, 1024px\" \/><\/figure>\n\n\n\n<p>Seguidamente, detall\u00f3; \u00bfQu\u00e9 nos van a preguntar en la boleta?. a lo que afirma la principal interrogante es &#8220;\u00bfEst\u00e1s de acuerdo o no en que se lleven a cabo las acciones pertinentes, con apego al marco constitucional y legal, para emprender un proceso de esclarecimiento de las decisiones pol\u00edticas tomadas en los a\u00f1os pasados por los actores pol\u00edticos, encaminados a garantizar la justicia y los derechos de las probables v\u00edctimas?&#8221;.<\/p>\n\n\n\n<p>A\u00f1adi\u00f3 que la Consulta Popular se llevar\u00e1 a cabo el domingo 1 de Agosto de 2021, por lo que tenemos que salir a votar 37 millones de mexicanas y mexicanos para que la Consulta sea vinculante \u00bfC\u00f3mo votar?. Marca S\u00ed o No en la boleta el pr\u00f3ximo 1 de Agosto; Juicio Si, Impunidad No.<\/p>\n","protected":false},"excerpt":{"rendered":"<p>Por Enedino Hern\u00e1ndez\/Zunoticia Huejutla, Hidalgo.- Ciudadanos de esta zona de la Huasteca realizaron acciones de promoci\u00f3n entre la poblaci\u00f3n en general para que participen en la Consulta Popular programada para el primero de agosto. El grupo de Ciudadanos Huejutlenses se instal\u00f3 durante este s\u00e1bado en la Plazuela Cinco de Mayo del Barrio Tecoluco en esta&hellip; <a class=\"more-link\" href=\"https:\/\/www.zunoticia.com\/noticias-de-hidalgo\/2021\/07\/24\/ciudadanos-huejutlenses-promueven-la-consulta-popular\/\">Seguir leyendo <span class=\"screen-reader-text\">Ciudadanos Huejutlenses promueven la Consulta Popular<\/span><\/a><\/p>\n","protected":false},"author":12,"featured_media":386300,"comment_status":"open","ping_status":"open","sticky":false,"template":"","format":"standard","meta":{"rop_custom_images_group":[],"rop_custom_messages_group":[],"rop_publish_now":"initial","rop_publish_now_accounts":{"facebook_10159540855086992_322828327761733":""},"rop_publish_now_history":[],"rop_publish_now_status":"pending","footnotes":""},"categories":[181],"tags":[121],"class_list":["post-386299","post","type-post","status-publish","format-standard","has-post-thumbnail","hentry","category-huejutla","tag-huejutla","entry"],"_links":{"self":[{"href":"https:\/\/www.zunoticia.com\/noticias-de-hidalgo\/wp-json\/wp\/v2\/posts\/386299","targetHints":{"allow":["GET"]}}],"collection":[{"href":"https:\/\/www.zunoticia.com\/noticias-de-hidalgo\/wp-json\/wp\/v2\/posts"}],"about":[{"href":"https:\/\/www.zunoticia.com\/noticias-de-hidalgo\/wp-json\/wp\/v2\/types\/post"}],"author":[{"embeddable":true,"href":"https:\/\/www.zunoticia.com\/noticias-de-hidalgo\/wp-json\/wp\/v2\/users\/12"}],"replies":[{"embeddable":true,"href":"https:\/\/www.zunoticia.com\/noticias-de-hidalgo\/wp-json\/wp\/v2\/comments?post=386299"}],"version-history":[{"count":2,"href":"https:\/\/www.zunoticia.com\/noticias-de-hidalgo\/wp-json\/wp\/v2\/posts\/386299\/revisions"}],"predecessor-version":[{"id":386304,"href":"https:\/\/www.zunoticia.com\/noticias-de-hidalgo\/wp-json\/wp\/v2\/posts\/386299\/revisions\/386304"}],"wp:featuredmedia":[{"embeddable":true,"href":"https:\/\/www.zunoticia.com\/noticias-de-hidalgo\/wp-json\/wp\/v2\/media\/386300"}],"wp:attachment":[{"href":"https:\/\/www.zunoticia.com\/noticias-de-hidalgo\/wp-json\/wp\/v2\/media?parent=386299"}],"wp:term":[{"taxonomy":"category","embeddable":true,"href":"https:\/\/www.zunoticia.com\/noticias-de-hidalgo\/wp-json\/wp\/v2\/categories?post=386299"},{"taxonomy":"post_tag","embeddable":true,"href":"https:\/\/www.zunoticia.com\/noticias-de-hidalgo\/wp-json\/wp\/v2\/tags?post=386299"}],"curies":[{"name":"wp","href":"https:\/\/api.w.org\/{rel}","templated":true}]}}