{"id":386317,"date":"2021-07-24T14:08:00","date_gmt":"2021-07-24T20:08:00","guid":{"rendered":"https:\/\/www.zunoticia.com\/noticias-de-hidalgo\/?p=386317"},"modified":"2021-07-24T14:08:01","modified_gmt":"2021-07-24T20:08:01","slug":"retorno-de-comerciantes-ambulantes-fortalece-el-mercadito","status":"publish","type":"post","link":"https:\/\/www.zunoticia.com\/noticias-de-hidalgo\/2021\/07\/24\/retorno-de-comerciantes-ambulantes-fortalece-el-mercadito\/","title":{"rendered":"Retorno de comerciantes &#8220;ambulantes&#8221; fortalece &#8220;El Mercadito&#8221;"},"content":{"rendered":"<aside class=\"mashsb-container mashsb-main mashsb-stretched\"><div class=\"mashsb-box\"><div class=\"mashsb-count mash-large\" style=\"float:left\"><div class=\"counts mashsbcount\">155<\/div><span class=\"mashsb-sharetext\">SHARES<\/span><\/div><div class=\"mashsb-buttons\"><a class=\"mashicon-facebook mash-large mash-center mashsb-noshadow\" href=\"https:\/\/www.facebook.com\/sharer.php?u=https%3A%2F%2Fwww.zunoticia.com%2Fnoticias-de-hidalgo%2F2021%2F07%2F24%2Fretorno-de-comerciantes-ambulantes-fortalece-el-mercadito%2F\" target=\"_top\" rel=\"nofollow\"><span class=\"icon\"><\/span><span class=\"text\">Share<\/span><\/a><a class=\"mashicon-twitter mash-large mash-center mashsb-noshadow\" href=\"https:\/\/twitter.com\/intent\/tweet?text=&amp;url=https:\/\/www.zunoticia.com\/noticias-de-hidalgo\/2021\/07\/24\/retorno-de-comerciantes-ambulantes-fortalece-el-mercadito\/\" target=\"_top\" rel=\"nofollow\"><span class=\"icon\"><\/span><span class=\"text\">Tweet<\/span><\/a><div class=\"onoffswitch2 mash-large mashsb-noshadow\" style=\"display:none\"><\/div><\/div>\n            <\/div>\n                <div style=\"clear:both\"><\/div><div class=\"mashsb-toggle-container\"><\/div><\/aside>\n            <!-- Share buttons by mashshare.net - Version: 4.0.47-->\n<p><em>Por Salvador Altamirano\/Zunoticia<\/em><\/p>\n\n\n\n<p><strong>Huejutla, Hgo.-<\/strong> Como lo expres\u00f3 en su momento el director del \u00e1rea de Reglamentos Municipal, Miguel \u00c1ngel Vargas Castel\u00e1n, muchos de los comerciantes ambulantes que vend\u00edan productos en las banquetas de la Avenida Nuevo Le\u00f3n, tienen lugares al interior del mercado municipal y espacios comerciales aleda\u00f1os, quienes cuando fueron desalojados regresaron a sus locales.<\/p>\n\n\n\n<p>Lo anterior, se pudo constatar en el complejo llamado &#8220;El Mercadito&#8221;, el cual se encuentra en el espacio del ex- estacionamiento del Auditorio Municipal, en donde anteriormente hab\u00eda locales que pr\u00e1cticamente se encontraban abandonados, por lo que en el concepto de mercado funcionaba al 50 %.<\/p>\n\n\n\n<p>Al respecto, un cliente asiduo que se nombr\u00f3 Jacinta P\u00e9rez Rosales, subray\u00f3 que con el retorno de los comerciantes &#8220;ambulantes&#8221;, entre comillas ya que tienen puestos establecidos, el complejo comercial conocido popularmente como &#8220;El Mercadito&#8221; se est\u00e1 fortaleciendo.<\/p>\n\n\n\n<p>Agreg\u00f3 que antes la mayor\u00eda de los locales en ese espacio estaban en completo abandono, aun estando ya construidos o en proceso y hoy los propietarios de los mismos ya est\u00e1n volviendo, por lo que en algunos sectores ya tiene visas de mercado, aunque todav\u00eda faltan de ocuparse algunos.<\/p>\n\n\n\n<p>Es oportuno mencionar, que refiri\u00f3 en su momento el dirigente de la UCLTARH, Nicol\u00e1s Lara Herrera, que algunos de los agremiados que tienen lugares en &#8220;El Mercadito&#8221; est\u00e1n enfermos o tienen temor a la pandemia\u00a0 pero pronto los ocupar\u00e1n<\/p>\n","protected":false},"excerpt":{"rendered":"<p>Por Salvador Altamirano\/Zunoticia Huejutla, Hgo.- Como lo expres\u00f3 en su momento el director del \u00e1rea de Reglamentos Municipal, Miguel \u00c1ngel Vargas Castel\u00e1n, muchos de los comerciantes ambulantes que vend\u00edan productos en las banquetas de la Avenida Nuevo Le\u00f3n, tienen lugares al interior del mercado municipal y espacios comerciales aleda\u00f1os, quienes cuando fueron desalojados regresaron a&hellip; <a class=\"more-link\" href=\"https:\/\/www.zunoticia.com\/noticias-de-hidalgo\/2021\/07\/24\/retorno-de-comerciantes-ambulantes-fortalece-el-mercadito\/\">Seguir leyendo <span class=\"screen-reader-text\">Retorno de comerciantes &#8220;ambulantes&#8221; fortalece &#8220;El Mercadito&#8221;<\/span><\/a><\/p>\n","protected":false},"author":12,"featured_media":386318,"comment_status":"open","ping_status":"open","sticky":false,"template":"","format":"standard","meta":{"rop_custom_images_group":[],"rop_custom_messages_group":[],"rop_publish_now":"initial","rop_publish_now_accounts":{"facebook_10159540855086992_322828327761733":""},"rop_publish_now_history":[],"rop_publish_now_status":"pending","footnotes":""},"categories":[181],"tags":[121],"class_list":["post-386317","post","type-post","status-publish","format-standard","has-post-thumbnail","hentry","category-huejutla","tag-huejutla","entry"],"_links":{"self":[{"href":"https:\/\/www.zunoticia.com\/noticias-de-hidalgo\/wp-json\/wp\/v2\/posts\/386317","targetHints":{"allow":["GET"]}}],"collection":[{"href":"https:\/\/www.zunoticia.com\/noticias-de-hidalgo\/wp-json\/wp\/v2\/posts"}],"about":[{"href":"https:\/\/www.zunoticia.com\/noticias-de-hidalgo\/wp-json\/wp\/v2\/types\/post"}],"author":[{"embeddable":true,"href":"https:\/\/www.zunoticia.com\/noticias-de-hidalgo\/wp-json\/wp\/v2\/users\/12"}],"replies":[{"embeddable":true,"href":"https:\/\/www.zunoticia.com\/noticias-de-hidalgo\/wp-json\/wp\/v2\/comments?post=386317"}],"version-history":[{"count":1,"href":"https:\/\/www.zunoticia.com\/noticias-de-hidalgo\/wp-json\/wp\/v2\/posts\/386317\/revisions"}],"predecessor-version":[{"id":386319,"href":"https:\/\/www.zunoticia.com\/noticias-de-hidalgo\/wp-json\/wp\/v2\/posts\/386317\/revisions\/386319"}],"wp:featuredmedia":[{"embeddable":true,"href":"https:\/\/www.zunoticia.com\/noticias-de-hidalgo\/wp-json\/wp\/v2\/media\/386318"}],"wp:attachment":[{"href":"https:\/\/www.zunoticia.com\/noticias-de-hidalgo\/wp-json\/wp\/v2\/media?parent=386317"}],"wp:term":[{"taxonomy":"category","embeddable":true,"href":"https:\/\/www.zunoticia.com\/noticias-de-hidalgo\/wp-json\/wp\/v2\/categories?post=386317"},{"taxonomy":"post_tag","embeddable":true,"href":"https:\/\/www.zunoticia.com\/noticias-de-hidalgo\/wp-json\/wp\/v2\/tags?post=386317"}],"curies":[{"name":"wp","href":"https:\/\/api.w.org\/{rel}","templated":true}]}}