{"id":386326,"date":"2021-07-24T16:39:14","date_gmt":"2021-07-24T22:39:14","guid":{"rendered":"https:\/\/www.zunoticia.com\/noticias-de-hidalgo\/?p=386326"},"modified":"2021-07-24T16:39:14","modified_gmt":"2021-07-24T22:39:14","slug":"anarquia-vehicular-en-la-avenida-constituyentes","status":"publish","type":"post","link":"https:\/\/www.zunoticia.com\/noticias-de-hidalgo\/2021\/07\/24\/anarquia-vehicular-en-la-avenida-constituyentes\/","title":{"rendered":"Anarqu\u00eda vehicular en la Avenida Constituyentes"},"content":{"rendered":"<aside class=\"mashsb-container mashsb-main mashsb-stretched\"><div class=\"mashsb-box\"><div class=\"mashsb-count mash-large\" style=\"float:left\"><div class=\"counts mashsbcount\">120<\/div><span class=\"mashsb-sharetext\">SHARES<\/span><\/div><div class=\"mashsb-buttons\"><a class=\"mashicon-facebook mash-large mash-center mashsb-noshadow\" href=\"https:\/\/www.facebook.com\/sharer.php?u=https%3A%2F%2Fwww.zunoticia.com%2Fnoticias-de-hidalgo%2F2021%2F07%2F24%2Fanarquia-vehicular-en-la-avenida-constituyentes%2F\" target=\"_top\" rel=\"nofollow\"><span class=\"icon\"><\/span><span class=\"text\">Share<\/span><\/a><a class=\"mashicon-twitter mash-large mash-center mashsb-noshadow\" href=\"https:\/\/twitter.com\/intent\/tweet?text=&amp;url=https:\/\/www.zunoticia.com\/noticias-de-hidalgo\/2021\/07\/24\/anarquia-vehicular-en-la-avenida-constituyentes\/\" target=\"_top\" rel=\"nofollow\"><span class=\"icon\"><\/span><span class=\"text\">Tweet<\/span><\/a><div class=\"onoffswitch2 mash-large mashsb-noshadow\" style=\"display:none\"><\/div><\/div>\n            <\/div>\n                <div style=\"clear:both\"><\/div><div class=\"mashsb-toggle-container\"><\/div><\/aside>\n            <!-- Share buttons by mashshare.net - Version: 4.0.47-->\n<p><em>Por Salvador Altamirano\/Zunoticia<\/em><\/p>\n\n\n\n<p><strong>Huejutla, Hgo.-<\/strong> Personas que a diario concurren en la Avenida Constituyentes, de la colonia Santa Irene, manifestaron que no obstante&nbsp; que reubicaron a los comerciantes ambulantes que se encontraban en el acceso de la Plaza del Ma\u00edz, la anarqu\u00eda contin\u00faa, ahora generada por veh\u00edculos.<\/p>\n\n\n\n<p>Quien responde al nombre de Samuel Vald\u00e9s, conductor de unidad de transporte p\u00fablico, advirti\u00f3 que ser\u00e1 latente el riesgo de atropellamiento de transe\u00fantes y colisi\u00f3n vehicular, hasta que se despeje totalmente la v\u00eda.<\/p>\n\n\n\n<p>Por tal motivo, exhort\u00f3 al director de Tr\u00e1nsito Municipal&nbsp; Rubicely Hern\u00e1ndez Naranjo, que tipifique un horario con tiempo estipulado para que los comerciantes descarguen su mercanc\u00eda y no permitan que estacionen clientes ya que para eso est\u00e1 el aparcamiento de la UCLA<\/p>\n\n\n\n<p>Para finalizar, refiri\u00f3 que la Avenida Constituyentes es muy transitada, por lo que debe de estar despejada, ya que no obstante que es ancha, caben tres veh\u00edculos en su amplitud, en un inminente peligro.<\/p>\n","protected":false},"excerpt":{"rendered":"<p>Por Salvador Altamirano\/Zunoticia Huejutla, Hgo.- Personas que a diario concurren en la Avenida Constituyentes, de la colonia Santa Irene, manifestaron que no obstante&nbsp; que reubicaron a los comerciantes ambulantes que se encontraban en el acceso de la Plaza del Ma\u00edz, la anarqu\u00eda contin\u00faa, ahora generada por veh\u00edculos. Quien responde al nombre de Samuel Vald\u00e9s, conductor&hellip; <a class=\"more-link\" href=\"https:\/\/www.zunoticia.com\/noticias-de-hidalgo\/2021\/07\/24\/anarquia-vehicular-en-la-avenida-constituyentes\/\">Seguir leyendo <span class=\"screen-reader-text\">Anarqu\u00eda vehicular en la Avenida Constituyentes<\/span><\/a><\/p>\n","protected":false},"author":12,"featured_media":386327,"comment_status":"open","ping_status":"open","sticky":false,"template":"","format":"standard","meta":{"rop_custom_images_group":[],"rop_custom_messages_group":[],"rop_publish_now":"initial","rop_publish_now_accounts":{"facebook_10159540855086992_322828327761733":""},"rop_publish_now_history":[],"rop_publish_now_status":"pending","footnotes":""},"categories":[181],"tags":[121],"class_list":["post-386326","post","type-post","status-publish","format-standard","has-post-thumbnail","hentry","category-huejutla","tag-huejutla","entry"],"_links":{"self":[{"href":"https:\/\/www.zunoticia.com\/noticias-de-hidalgo\/wp-json\/wp\/v2\/posts\/386326","targetHints":{"allow":["GET"]}}],"collection":[{"href":"https:\/\/www.zunoticia.com\/noticias-de-hidalgo\/wp-json\/wp\/v2\/posts"}],"about":[{"href":"https:\/\/www.zunoticia.com\/noticias-de-hidalgo\/wp-json\/wp\/v2\/types\/post"}],"author":[{"embeddable":true,"href":"https:\/\/www.zunoticia.com\/noticias-de-hidalgo\/wp-json\/wp\/v2\/users\/12"}],"replies":[{"embeddable":true,"href":"https:\/\/www.zunoticia.com\/noticias-de-hidalgo\/wp-json\/wp\/v2\/comments?post=386326"}],"version-history":[{"count":1,"href":"https:\/\/www.zunoticia.com\/noticias-de-hidalgo\/wp-json\/wp\/v2\/posts\/386326\/revisions"}],"predecessor-version":[{"id":386328,"href":"https:\/\/www.zunoticia.com\/noticias-de-hidalgo\/wp-json\/wp\/v2\/posts\/386326\/revisions\/386328"}],"wp:featuredmedia":[{"embeddable":true,"href":"https:\/\/www.zunoticia.com\/noticias-de-hidalgo\/wp-json\/wp\/v2\/media\/386327"}],"wp:attachment":[{"href":"https:\/\/www.zunoticia.com\/noticias-de-hidalgo\/wp-json\/wp\/v2\/media?parent=386326"}],"wp:term":[{"taxonomy":"category","embeddable":true,"href":"https:\/\/www.zunoticia.com\/noticias-de-hidalgo\/wp-json\/wp\/v2\/categories?post=386326"},{"taxonomy":"post_tag","embeddable":true,"href":"https:\/\/www.zunoticia.com\/noticias-de-hidalgo\/wp-json\/wp\/v2\/tags?post=386326"}],"curies":[{"name":"wp","href":"https:\/\/api.w.org\/{rel}","templated":true}]}}