{"id":386332,"date":"2021-07-24T18:07:10","date_gmt":"2021-07-25T00:07:10","guid":{"rendered":"https:\/\/www.zunoticia.com\/noticias-de-hidalgo\/?p=386332"},"modified":"2021-07-24T18:07:11","modified_gmt":"2021-07-25T00:07:11","slug":"fpfv-recorre-municipios-de-la-huasteca-preparan-congreso-estatal","status":"publish","type":"post","link":"https:\/\/www.zunoticia.com\/noticias-de-hidalgo\/2021\/07\/24\/fpfv-recorre-municipios-de-la-huasteca-preparan-congreso-estatal\/","title":{"rendered":"FPFV recorre municipios de la Huasteca, preparan Congreso estatal"},"content":{"rendered":"<aside class=\"mashsb-container mashsb-main mashsb-stretched\"><div class=\"mashsb-box\"><div class=\"mashsb-count mash-large\" style=\"float:left\"><div class=\"counts mashsbcount\">71<\/div><span class=\"mashsb-sharetext\">SHARES<\/span><\/div><div class=\"mashsb-buttons\"><a class=\"mashicon-facebook mash-large mash-center mashsb-noshadow\" href=\"https:\/\/www.facebook.com\/sharer.php?u=https%3A%2F%2Fwww.zunoticia.com%2Fnoticias-de-hidalgo%2F2021%2F07%2F24%2Ffpfv-recorre-municipios-de-la-huasteca-preparan-congreso-estatal%2F\" target=\"_top\" rel=\"nofollow\"><span class=\"icon\"><\/span><span class=\"text\">Share<\/span><\/a><a class=\"mashicon-twitter mash-large mash-center mashsb-noshadow\" href=\"https:\/\/twitter.com\/intent\/tweet?text=&amp;url=https:\/\/www.zunoticia.com\/noticias-de-hidalgo\/2021\/07\/24\/fpfv-recorre-municipios-de-la-huasteca-preparan-congreso-estatal\/\" target=\"_top\" rel=\"nofollow\"><span class=\"icon\"><\/span><span class=\"text\">Tweet<\/span><\/a><div class=\"onoffswitch2 mash-large mashsb-noshadow\" style=\"display:none\"><\/div><\/div>\n            <\/div>\n                <div style=\"clear:both\"><\/div><div class=\"mashsb-toggle-container\"><\/div><\/aside>\n            <!-- Share buttons by mashshare.net - Version: 4.0.47-->\n<p><em>Por Enedino Hern\u00e1ndez\/Zunoticia<\/em><\/p>\n\n\n\n<p><strong>Huejutla,&nbsp; Hidalgo.-<\/strong> Como parte de los preparativos correspondientes que se llevan a cabo rumbo al Congreso Estatal, el dirigente del Frente Popular Francisco Villa (FPFV) en Hidalgo, Marco Antonio Priego Saavedra, realiz\u00f3 un recorrido por diversos municipios de la Sierra y Huasteca.<\/p>\n\n\n\n<p>Adelant\u00f3 que el d\u00eda 7 de agosto se llevar\u00e1 a cabo en ciudad de Pachuca un Congreso del FPFV para lo cual se espera la entusiasta participaci\u00f3n de comisiones representativas de diversos municipios del estado<\/p>\n\n\n\n<p>Asimismo, dijo que para este fin de semana se tendr\u00e1 nuevamente otro recorrido por los municipios de la Sierra y Huasteca que integran el distrito a efecto de hacer el replanteamiento pol\u00edtico electoral de la organizaci\u00f3n en el estado de Hidalgo.<\/p>\n\n\n\n<p>Reconoci\u00f3, que el nuevo Congreso elegido por la ciudadan\u00eda va carente de conocimiento, por ello; es que la organizaci\u00f3n realizar\u00e1 este Congreso para integrar diversos planteamientos.<\/p>\n\n\n\n<p>&#8220;Las organizaciones sociales debemos de preparar una propuesta como agenda legislativa y en su momento encaminar el presupuesto de egresos del 2022, para que se etiquete en los rubros de educaci\u00f3n, salud y el campo, por ser los sectores m\u00e1s vulnerables&#8221;.<\/p>\n\n\n\n<p>M\u00e1s adelante, expuso que el Frente Popular Francisco Villa contin\u00faa e intensifica el trabajo de campo, por lo que se ha construido una organizaci\u00f3n social fuerte, y como responsables estatales de la organizaci\u00f3n vemos por los intereses de la ciudadan\u00eda.<\/p>\n\n\n\n<p>En otros temas, dijo que la Consulta Popular es una situaci\u00f3n transparente por lo que deben de participar todos los ciudadanos &#8220;los Expresidentes no han rendido cuentas claras a la poblaci\u00f3n y es indispensable que sean enjuiciados, por ello; todos los ciudadanos deben participar en la Consulta Popular&#8221;.<\/p>\n","protected":false},"excerpt":{"rendered":"<p>Por Enedino Hern\u00e1ndez\/Zunoticia Huejutla,&nbsp; Hidalgo.- Como parte de los preparativos correspondientes que se llevan a cabo rumbo al Congreso Estatal, el dirigente del Frente Popular Francisco Villa (FPFV) en Hidalgo, Marco Antonio Priego Saavedra, realiz\u00f3 un recorrido por diversos municipios de la Sierra y Huasteca. Adelant\u00f3 que el d\u00eda 7 de agosto se llevar\u00e1 a&hellip; <a class=\"more-link\" href=\"https:\/\/www.zunoticia.com\/noticias-de-hidalgo\/2021\/07\/24\/fpfv-recorre-municipios-de-la-huasteca-preparan-congreso-estatal\/\">Seguir leyendo <span class=\"screen-reader-text\">FPFV recorre municipios de la Huasteca, preparan Congreso estatal<\/span><\/a><\/p>\n","protected":false},"author":12,"featured_media":386333,"comment_status":"open","ping_status":"open","sticky":false,"template":"","format":"standard","meta":{"rop_custom_images_group":[],"rop_custom_messages_group":[],"rop_publish_now":"initial","rop_publish_now_accounts":{"facebook_10159540855086992_322828327761733":""},"rop_publish_now_history":[],"rop_publish_now_status":"pending","footnotes":""},"categories":[181],"tags":[121],"class_list":["post-386332","post","type-post","status-publish","format-standard","has-post-thumbnail","hentry","category-huejutla","tag-huejutla","entry"],"_links":{"self":[{"href":"https:\/\/www.zunoticia.com\/noticias-de-hidalgo\/wp-json\/wp\/v2\/posts\/386332","targetHints":{"allow":["GET"]}}],"collection":[{"href":"https:\/\/www.zunoticia.com\/noticias-de-hidalgo\/wp-json\/wp\/v2\/posts"}],"about":[{"href":"https:\/\/www.zunoticia.com\/noticias-de-hidalgo\/wp-json\/wp\/v2\/types\/post"}],"author":[{"embeddable":true,"href":"https:\/\/www.zunoticia.com\/noticias-de-hidalgo\/wp-json\/wp\/v2\/users\/12"}],"replies":[{"embeddable":true,"href":"https:\/\/www.zunoticia.com\/noticias-de-hidalgo\/wp-json\/wp\/v2\/comments?post=386332"}],"version-history":[{"count":1,"href":"https:\/\/www.zunoticia.com\/noticias-de-hidalgo\/wp-json\/wp\/v2\/posts\/386332\/revisions"}],"predecessor-version":[{"id":386334,"href":"https:\/\/www.zunoticia.com\/noticias-de-hidalgo\/wp-json\/wp\/v2\/posts\/386332\/revisions\/386334"}],"wp:featuredmedia":[{"embeddable":true,"href":"https:\/\/www.zunoticia.com\/noticias-de-hidalgo\/wp-json\/wp\/v2\/media\/386333"}],"wp:attachment":[{"href":"https:\/\/www.zunoticia.com\/noticias-de-hidalgo\/wp-json\/wp\/v2\/media?parent=386332"}],"wp:term":[{"taxonomy":"category","embeddable":true,"href":"https:\/\/www.zunoticia.com\/noticias-de-hidalgo\/wp-json\/wp\/v2\/categories?post=386332"},{"taxonomy":"post_tag","embeddable":true,"href":"https:\/\/www.zunoticia.com\/noticias-de-hidalgo\/wp-json\/wp\/v2\/tags?post=386332"}],"curies":[{"name":"wp","href":"https:\/\/api.w.org\/{rel}","templated":true}]}}