{"id":386362,"date":"2021-07-24T21:56:48","date_gmt":"2021-07-25T03:56:48","guid":{"rendered":"https:\/\/www.zunoticia.com\/noticias-de-hidalgo\/?p=386362"},"modified":"2021-07-24T21:56:49","modified_gmt":"2021-07-25T03:56:49","slug":"espejeando-por-perseo-17","status":"publish","type":"post","link":"https:\/\/www.zunoticia.com\/noticias-de-hidalgo\/2021\/07\/24\/espejeando-por-perseo-17\/","title":{"rendered":"ESPEJEANDO Por Perseo"},"content":{"rendered":"<aside class=\"mashsb-container mashsb-main mashsb-stretched\"><div class=\"mashsb-box\"><div class=\"mashsb-count mash-large\" style=\"float:left\"><div class=\"counts mashsbcount\">13<\/div><span class=\"mashsb-sharetext\">SHARES<\/span><\/div><div class=\"mashsb-buttons\"><a class=\"mashicon-facebook mash-large mash-center mashsb-noshadow\" href=\"https:\/\/www.facebook.com\/sharer.php?u=https%3A%2F%2Fwww.zunoticia.com%2Fnoticias-de-hidalgo%2F2021%2F07%2F24%2Fespejeando-por-perseo-17%2F\" target=\"_top\" rel=\"nofollow\"><span class=\"icon\"><\/span><span class=\"text\">Share<\/span><\/a><a class=\"mashicon-twitter mash-large mash-center mashsb-noshadow\" href=\"https:\/\/twitter.com\/intent\/tweet?text=&amp;url=https:\/\/www.zunoticia.com\/noticias-de-hidalgo\/2021\/07\/24\/espejeando-por-perseo-17\/\" target=\"_top\" rel=\"nofollow\"><span class=\"icon\"><\/span><span class=\"text\">Tweet<\/span><\/a><div class=\"onoffswitch2 mash-large mashsb-noshadow\" style=\"display:none\"><\/div><\/div>\n            <\/div>\n                <div style=\"clear:both\"><\/div><div class=\"mashsb-toggle-container\"><\/div><\/aside>\n            <!-- Share buttons by mashshare.net - Version: 4.0.47-->\n<p>Estamos otra vez en una l\u00ednea delicada con COVID 19, ahora con sus variantes que en M\u00e9xico regresamos al momento &nbsp;cr\u00edtico &nbsp;y en Hidalgo llegamos al sem\u00e1foro naranja; as\u00ed que si no nos ponemos a hacer algo todos tendremos el problema de regreso y con mayor intensidad de lo que vivimos.<\/p>\n\n\n\n<p>Ayer el reporte en M\u00e9xico, cifra del gobierno federal, tendr\u00edan 2 millones 741 mil 938 casos y&nbsp; se tiene 238 mil 316 muertes por COVID-19, estos n\u00fameros son los confirmados o reconocidos por la autoridad, que son m\u00e1s, dicen, pero muchos m\u00e1s, &nbsp;pero ese debate es cient\u00edfico o social.<\/p>\n\n\n\n<p>&nbsp;Lo grave de esta tercera ola es que en simples 24 horas se agregaron 362 decesos, la tasa de letalidad nacional est\u00e1 en 8.6 %. Los n\u00fameros de contagios est\u00e1n puestos en limitantes, en realidad ya estamos en los 3 millones aproximadamente. Lo m\u00e1s grave de esto es que existen 112 mil 261 casos activos, son tres estados en situaci\u00f3n grave, la Ciudad de M\u00e9xico, El Estado de M\u00e9xico y Jalisco<\/p>\n\n\n\n<p>\u2026\u2026\u2026\u2026.. Importante la propuesta de Marco Priego Saavedra, que sean las organizaciones sociales las que integren la agenda legislativa o al menos que tengan voz. Lo dicen bien cuando aseguran que mediante un Congreso Estatal, el nuevo Congreso que tomar\u00e1 protesta est\u00e1 carente de conocimiento, si bien saben de temas aislados.<\/p>\n\n\n\n<p>&nbsp;L\u00e1stima que el Congreso del Frente Popular Francisco Villa se limita a una sola organizaci\u00f3n, deber\u00edan entrar todas, la convocatoria deber\u00eda tener apertura y no simple postura protagonista, esto que dicen es serio y no deber\u00eda estar orientada para una organizaci\u00f3n social, tocar la puerta para llegar a los temas sensibles deber\u00e1 ser una ruta que deben generar, no los protagonismos grupales, sino la organizaci\u00f3n social y pol\u00edtica, porque no est\u00e1 sencillo el futuro de los campesinos.<\/p>\n\n\n\n<p>&nbsp;Parece que a esta convocatoria del FPFV le hace falta profundidad, se aprecia un esquema de protagonismos inducidos, un querer aparecer en el escenario, pero la verdad en el campesinado es otra. Si quieren hablar de la vida comunal no es en un Congreso al vapor, es un tema serio y profundo que nos deber\u00eda de involucrar a todos los sectores, no solo a las organizaciones sociales, que por cierto no tienen tienen carta de buena conducta en el manejo de los recursos p\u00fablicos, dicen.<\/p>\n\n\n\n<p>Insistimos, la propuesta es buena, la base de la propuesta es endeble, no porque en v\u00edsperas del siguiente proceso electoral Marco Pliego pasa en su lujosa camioneta en comunidades y se deja ver, con una simple reuni\u00f3n se quiere vestir de torero con traje de luces para que lo vean; tiene rato que no se paraba en esta regi\u00f3n andaba haciendo chambas en Chapantongo, Alfajayucan&nbsp; y por esos municipios del Verde Ecologista de M\u00e9xico.&nbsp;<\/p>\n\n\n\n<p>Esta convocatoria amplia del qu\u00e9 y c\u00f3mo hacerle con el esquema de pueblos originarios, deber\u00eda venir del INPI, deber\u00eda traer profundidad porque los municipios originarios siguen en manos de mafias del poder pol\u00edtico y no han pasado a tener el control los pueblos. El INPI lo sabe, adem\u00e1s tambi\u00e9n sabe cu\u00e1l es la ruta de la liberaci\u00f3n, pero como Morena es parte del sistema de partidos, no quieren hablar de &nbsp;la ruta de libertad.&nbsp; &nbsp;&nbsp;&nbsp;&nbsp;&nbsp;<\/p>\n\n\n\n<p>&nbsp;Pero esa es una v\u00eda popular si las comunidades m\u00e1s grandes lo determinan por sus usos y costumbres, deber\u00eda haber esa parte informada, sin que sea promocional, pero s\u00ed informada para que los usos y costumbres sean la puerta. Esta no es una invocaci\u00f3n al desorden, si a la libertad de las ataduras del pasado y si en verdad se quiere una ruta de desarrollo deben ir por la v\u00eda adecuada, que sean las comunidades quienes decidan su futuro inmediato,&nbsp; que venga la autodeterminaci\u00f3n de los pueblos ind\u00edgenas a decidir su futuro.<\/p>\n\n\n\n<p>&nbsp;Por eso que no nos vengan las organizaciones sociales a pretender sorprendernos que quieren lo mejor para los pueblos originarios, ya tuvieron suficiente y hoy quien se diga organizaci\u00f3n social que den a conocer lo que han hecho por la gente, no tan f\u00e1cil podr\u00e1n convencer que ahora resulte una necesidad en este momento pol\u00edtico.<\/p>\n\n\n\n<p>&nbsp; Se les acab\u00f3 el tiempo, adem\u00e1s de la cartera pol\u00edtica, la organizaci\u00f3n que se mantenga vigente tendr\u00e1 que tener innovaci\u00f3n y hacer gesti\u00f3n real, en un modelo internacional, ya no hay barreras, el gobierno federal no est\u00e1 dispuesto a abrir la cartera, el gobierno del estado de Hidalgo cerr\u00f3 varias puertas a la organizaci\u00f3n social y se apegaron ambos a una nueva estructuraci\u00f3n de resolver los problemas m\u00e1s sentidos de la sociedad y la respuesta ya no est\u00e1 en la organizaci\u00f3n social.<\/p>\n","protected":false},"excerpt":{"rendered":"<p>Estamos otra vez en una l\u00ednea delicada con COVID 19, ahora con sus variantes que en M\u00e9xico regresamos al momento &nbsp;cr\u00edtico &nbsp;y en Hidalgo llegamos al sem\u00e1foro naranja; as\u00ed que si no nos ponemos a hacer algo todos tendremos el problema de regreso y con mayor intensidad de lo que vivimos. Ayer el reporte en&hellip; <a class=\"more-link\" href=\"https:\/\/www.zunoticia.com\/noticias-de-hidalgo\/2021\/07\/24\/espejeando-por-perseo-17\/\">Seguir leyendo <span class=\"screen-reader-text\">ESPEJEANDO Por Perseo<\/span><\/a><\/p>\n","protected":false},"author":12,"featured_media":386363,"comment_status":"open","ping_status":"open","sticky":false,"template":"","format":"standard","meta":{"rop_custom_images_group":[],"rop_custom_messages_group":[],"rop_publish_now":"initial","rop_publish_now_accounts":{"facebook_10159540855086992_322828327761733":""},"rop_publish_now_history":[],"rop_publish_now_status":"pending","footnotes":""},"categories":[176],"tags":[205],"class_list":["post-386362","post","type-post","status-publish","format-standard","has-post-thumbnail","hentry","category-espejeando","tag-espejeando","entry"],"_links":{"self":[{"href":"https:\/\/www.zunoticia.com\/noticias-de-hidalgo\/wp-json\/wp\/v2\/posts\/386362","targetHints":{"allow":["GET"]}}],"collection":[{"href":"https:\/\/www.zunoticia.com\/noticias-de-hidalgo\/wp-json\/wp\/v2\/posts"}],"about":[{"href":"https:\/\/www.zunoticia.com\/noticias-de-hidalgo\/wp-json\/wp\/v2\/types\/post"}],"author":[{"embeddable":true,"href":"https:\/\/www.zunoticia.com\/noticias-de-hidalgo\/wp-json\/wp\/v2\/users\/12"}],"replies":[{"embeddable":true,"href":"https:\/\/www.zunoticia.com\/noticias-de-hidalgo\/wp-json\/wp\/v2\/comments?post=386362"}],"version-history":[{"count":1,"href":"https:\/\/www.zunoticia.com\/noticias-de-hidalgo\/wp-json\/wp\/v2\/posts\/386362\/revisions"}],"predecessor-version":[{"id":386364,"href":"https:\/\/www.zunoticia.com\/noticias-de-hidalgo\/wp-json\/wp\/v2\/posts\/386362\/revisions\/386364"}],"wp:featuredmedia":[{"embeddable":true,"href":"https:\/\/www.zunoticia.com\/noticias-de-hidalgo\/wp-json\/wp\/v2\/media\/386363"}],"wp:attachment":[{"href":"https:\/\/www.zunoticia.com\/noticias-de-hidalgo\/wp-json\/wp\/v2\/media?parent=386362"}],"wp:term":[{"taxonomy":"category","embeddable":true,"href":"https:\/\/www.zunoticia.com\/noticias-de-hidalgo\/wp-json\/wp\/v2\/categories?post=386362"},{"taxonomy":"post_tag","embeddable":true,"href":"https:\/\/www.zunoticia.com\/noticias-de-hidalgo\/wp-json\/wp\/v2\/tags?post=386362"}],"curies":[{"name":"wp","href":"https:\/\/api.w.org\/{rel}","templated":true}]}}