{"id":386502,"date":"2021-07-26T13:33:32","date_gmt":"2021-07-26T19:33:32","guid":{"rendered":"https:\/\/www.zunoticia.com\/noticias-de-hidalgo\/?p=386502"},"modified":"2021-07-26T13:33:33","modified_gmt":"2021-07-26T19:33:33","slug":"fgr-obtiene-vinculacion-en-contra-de-cinco-personas-por-transporte-de-mas-de-600-kilos-de-cocaina","status":"publish","type":"post","link":"https:\/\/www.zunoticia.com\/noticias-de-hidalgo\/2021\/07\/26\/fgr-obtiene-vinculacion-en-contra-de-cinco-personas-por-transporte-de-mas-de-600-kilos-de-cocaina\/","title":{"rendered":"FGR obtiene vinculaci\u00f3n en contra de cinco personas por transporte de m\u00e1s de 600 kilos de coca\u00edna"},"content":{"rendered":"<aside class=\"mashsb-container mashsb-main mashsb-stretched\"><div class=\"mashsb-box\"><div class=\"mashsb-count mash-large\" style=\"float:left\"><div class=\"counts mashsbcount\">70<\/div><span class=\"mashsb-sharetext\">SHARES<\/span><\/div><div class=\"mashsb-buttons\"><a class=\"mashicon-facebook mash-large mash-center mashsb-noshadow\" href=\"https:\/\/www.facebook.com\/sharer.php?u=https%3A%2F%2Fwww.zunoticia.com%2Fnoticias-de-hidalgo%2F2021%2F07%2F26%2Ffgr-obtiene-vinculacion-en-contra-de-cinco-personas-por-transporte-de-mas-de-600-kilos-de-cocaina%2F\" target=\"_top\" rel=\"nofollow\"><span class=\"icon\"><\/span><span class=\"text\">Share<\/span><\/a><a class=\"mashicon-twitter mash-large mash-center mashsb-noshadow\" href=\"https:\/\/twitter.com\/intent\/tweet?text=&amp;url=https:\/\/www.zunoticia.com\/noticias-de-hidalgo\/2021\/07\/26\/fgr-obtiene-vinculacion-en-contra-de-cinco-personas-por-transporte-de-mas-de-600-kilos-de-cocaina\/\" target=\"_top\" rel=\"nofollow\"><span class=\"icon\"><\/span><span class=\"text\">Tweet<\/span><\/a><div class=\"onoffswitch2 mash-large mashsb-noshadow\" style=\"display:none\"><\/div><\/div>\n            <\/div>\n                <div style=\"clear:both\"><\/div><div class=\"mashsb-toggle-container\"><\/div><\/aside>\n            <!-- Share buttons by mashshare.net - Version: 4.0.47-->\n<p><em>Por Redacci\u00f3n\/Zunoticia<\/em><\/p>\n\n\n\n<p><strong>Chilpancingo, Guerrero.-<\/strong> La Fiscal\u00eda General de la Rep\u00fablica (FGR), a trav\u00e9s de la Fiscal\u00eda Especializada de Control Regional (FECOR), en su Delegaci\u00f3n de Guerrero, obtuvo del juez de Control, vinculaci\u00f3n a proceso y prisi\u00f3n preventiva en contra de cinco personas, por ser probables responsables de los delitos de contra la salud en la modalidad de transporte de clorhidrato de coca\u00edna, as\u00ed como el diverso de posesi\u00f3n ilegal del petrol\u00edfero denominado gasolina premium.\u00a0<\/p>\n\n\n\n<figure class=\"wp-block-image size-large\"><img fetchpriority=\"high\" decoding=\"async\" width=\"948\" height=\"652\" src=\"https:\/\/www.zunoticia.com\/noticias-de-hidalgo\/wp-content\/uploads\/2021\/07\/eZy-Watermark-26-07-2021-02-21-39p.m..jpg\" alt=\"\" class=\"wp-image-386504\" srcset=\"https:\/\/www.zunoticia.com\/noticias-de-hidalgo\/wp-content\/uploads\/2021\/07\/eZy-Watermark-26-07-2021-02-21-39p.m..jpg 948w, https:\/\/www.zunoticia.com\/noticias-de-hidalgo\/wp-content\/uploads\/2021\/07\/eZy-Watermark-26-07-2021-02-21-39p.m.-300x206.jpg 300w, https:\/\/www.zunoticia.com\/noticias-de-hidalgo\/wp-content\/uploads\/2021\/07\/eZy-Watermark-26-07-2021-02-21-39p.m.-768x528.jpg 768w\" sizes=\"(max-width: 948px) 100vw, 948px\" \/><\/figure>\n\n\n\n<p>Cabe destacar que Carlos Alexis \u201cA\u201d, Luis Geovanny \u201cL\u201d, Rafael \u201cM\u201d, Santos \u00c1ngel \u201cA\u201d y Jos\u00e9 Vicente \u201cM\u201d, fueron detenidos por elementos de la Secretar\u00eda de Marina-Armada de M\u00e9xico (SEMAR), a 150 millas n\u00e1uticas al sur del puerto de Acapulco, Guerrero, y posteriormente puestos a disposici\u00f3n del Ministerio P\u00fablico Federal (MPF), .&nbsp;<\/p>\n\n\n\n<figure class=\"wp-block-image size-large\"><img decoding=\"async\" width=\"918\" height=\"768\" src=\"https:\/\/www.zunoticia.com\/noticias-de-hidalgo\/wp-content\/uploads\/2021\/07\/eZy-Watermark-26-07-2021-02-20-43p.m..jpg\" alt=\"\" class=\"wp-image-386505\" srcset=\"https:\/\/www.zunoticia.com\/noticias-de-hidalgo\/wp-content\/uploads\/2021\/07\/eZy-Watermark-26-07-2021-02-20-43p.m..jpg 918w, https:\/\/www.zunoticia.com\/noticias-de-hidalgo\/wp-content\/uploads\/2021\/07\/eZy-Watermark-26-07-2021-02-20-43p.m.-300x251.jpg 300w, https:\/\/www.zunoticia.com\/noticias-de-hidalgo\/wp-content\/uploads\/2021\/07\/eZy-Watermark-26-07-2021-02-20-43p.m.-768x643.jpg 768w\" sizes=\"(max-width: 918px) 100vw, 918px\" \/><\/figure>\n\n\n\n<p>Los imputados fueron asegurados a bordo de una embarcaci\u00f3n con dos motores fuera de borda, en la que localizaron 32 paquetes sellados tipo costalilla, con un total de 609 kilos 479 gramos de clorhidrato de coca\u00edna y 23 bidones con mil 133 litros de hidrocarburo, correspondiente al petrol\u00edfero de tipo gasolina premium.&nbsp;<\/p>\n\n\n\n<figure class=\"wp-block-image size-large\"><img decoding=\"async\" width=\"510\" height=\"768\" src=\"https:\/\/www.zunoticia.com\/noticias-de-hidalgo\/wp-content\/uploads\/2021\/07\/eZy-Watermark-26-07-2021-02-20-03p.m..jpg\" alt=\"\" class=\"wp-image-386506\" srcset=\"https:\/\/www.zunoticia.com\/noticias-de-hidalgo\/wp-content\/uploads\/2021\/07\/eZy-Watermark-26-07-2021-02-20-03p.m..jpg 510w, https:\/\/www.zunoticia.com\/noticias-de-hidalgo\/wp-content\/uploads\/2021\/07\/eZy-Watermark-26-07-2021-02-20-03p.m.-199x300.jpg 199w\" sizes=\"(max-width: 510px) 100vw, 510px\" \/><\/figure>\n\n\n\n<p>La FGR en Guerrero present\u00f3 los datos de prueba al Juez de Control, quien decret\u00f3 de legal la detenci\u00f3n de los imputados y resolvi\u00f3 vincularlos a proceso por los delitos en menci\u00f3n.&nbsp;&nbsp;<\/p>\n\n\n\n<figure class=\"wp-block-image size-large\"><img loading=\"lazy\" decoding=\"async\" width=\"884\" height=\"768\" src=\"https:\/\/www.zunoticia.com\/noticias-de-hidalgo\/wp-content\/uploads\/2021\/07\/eZy-Watermark-26-07-2021-02-21-15p.m..jpg\" alt=\"\" class=\"wp-image-386507\" srcset=\"https:\/\/www.zunoticia.com\/noticias-de-hidalgo\/wp-content\/uploads\/2021\/07\/eZy-Watermark-26-07-2021-02-21-15p.m..jpg 884w, https:\/\/www.zunoticia.com\/noticias-de-hidalgo\/wp-content\/uploads\/2021\/07\/eZy-Watermark-26-07-2021-02-21-15p.m.-300x261.jpg 300w, https:\/\/www.zunoticia.com\/noticias-de-hidalgo\/wp-content\/uploads\/2021\/07\/eZy-Watermark-26-07-2021-02-21-15p.m.-768x667.jpg 768w\" sizes=\"(max-width: 884px) 100vw, 884px\" \/><\/figure>\n\n\n\n<p>La autoridad judicial impuso a estos individuos prisi\u00f3n preventiva como medida cautelar, la que deber\u00e1n cumplir en el Centro Regional de Reinserci\u00f3n Social de Acapulco, y autoriz\u00f3 un plazo de dos meses para la investigaci\u00f3n complementaria&nbsp;<\/p>\n\n\n\n<figure class=\"wp-block-image size-large\"><img loading=\"lazy\" decoding=\"async\" width=\"841\" height=\"498\" src=\"https:\/\/www.zunoticia.com\/noticias-de-hidalgo\/wp-content\/uploads\/2021\/07\/eZy-Watermark-26-07-2021-02-19-37p.m..jpg\" alt=\"\" class=\"wp-image-386508\" srcset=\"https:\/\/www.zunoticia.com\/noticias-de-hidalgo\/wp-content\/uploads\/2021\/07\/eZy-Watermark-26-07-2021-02-19-37p.m..jpg 841w, https:\/\/www.zunoticia.com\/noticias-de-hidalgo\/wp-content\/uploads\/2021\/07\/eZy-Watermark-26-07-2021-02-19-37p.m.-300x178.jpg 300w, https:\/\/www.zunoticia.com\/noticias-de-hidalgo\/wp-content\/uploads\/2021\/07\/eZy-Watermark-26-07-2021-02-19-37p.m.-768x455.jpg 768w\" sizes=\"(max-width: 841px) 100vw, 841px\" \/><\/figure>\n","protected":false},"excerpt":{"rendered":"<p>Por Redacci\u00f3n\/Zunoticia Chilpancingo, Guerrero.- La Fiscal\u00eda General de la Rep\u00fablica (FGR), a trav\u00e9s de la Fiscal\u00eda Especializada de Control Regional (FECOR), en su Delegaci\u00f3n de Guerrero, obtuvo del juez de Control, vinculaci\u00f3n a proceso y prisi\u00f3n preventiva en contra de cinco personas, por ser probables responsables de los delitos de contra la salud en la&hellip; <a class=\"more-link\" href=\"https:\/\/www.zunoticia.com\/noticias-de-hidalgo\/2021\/07\/26\/fgr-obtiene-vinculacion-en-contra-de-cinco-personas-por-transporte-de-mas-de-600-kilos-de-cocaina\/\">Seguir leyendo <span class=\"screen-reader-text\">FGR obtiene vinculaci\u00f3n en contra de cinco personas por transporte de m\u00e1s de 600 kilos de coca\u00edna<\/span><\/a><\/p>\n","protected":false},"author":12,"featured_media":386503,"comment_status":"open","ping_status":"open","sticky":false,"template":"","format":"standard","meta":{"rop_custom_images_group":[],"rop_custom_messages_group":[],"rop_publish_now":"initial","rop_publish_now_accounts":{"facebook_10159540855086992_322828327761733":""},"rop_publish_now_history":[],"rop_publish_now_status":"pending","footnotes":""},"categories":[218,178,209],"tags":[259],"class_list":["post-386502","post","type-post","status-publish","format-standard","has-post-thumbnail","hentry","category-nacional","category-policiaca","category-relevante","tag-policiaca","entry"],"_links":{"self":[{"href":"https:\/\/www.zunoticia.com\/noticias-de-hidalgo\/wp-json\/wp\/v2\/posts\/386502","targetHints":{"allow":["GET"]}}],"collection":[{"href":"https:\/\/www.zunoticia.com\/noticias-de-hidalgo\/wp-json\/wp\/v2\/posts"}],"about":[{"href":"https:\/\/www.zunoticia.com\/noticias-de-hidalgo\/wp-json\/wp\/v2\/types\/post"}],"author":[{"embeddable":true,"href":"https:\/\/www.zunoticia.com\/noticias-de-hidalgo\/wp-json\/wp\/v2\/users\/12"}],"replies":[{"embeddable":true,"href":"https:\/\/www.zunoticia.com\/noticias-de-hidalgo\/wp-json\/wp\/v2\/comments?post=386502"}],"version-history":[{"count":1,"href":"https:\/\/www.zunoticia.com\/noticias-de-hidalgo\/wp-json\/wp\/v2\/posts\/386502\/revisions"}],"predecessor-version":[{"id":386509,"href":"https:\/\/www.zunoticia.com\/noticias-de-hidalgo\/wp-json\/wp\/v2\/posts\/386502\/revisions\/386509"}],"wp:featuredmedia":[{"embeddable":true,"href":"https:\/\/www.zunoticia.com\/noticias-de-hidalgo\/wp-json\/wp\/v2\/media\/386503"}],"wp:attachment":[{"href":"https:\/\/www.zunoticia.com\/noticias-de-hidalgo\/wp-json\/wp\/v2\/media?parent=386502"}],"wp:term":[{"taxonomy":"category","embeddable":true,"href":"https:\/\/www.zunoticia.com\/noticias-de-hidalgo\/wp-json\/wp\/v2\/categories?post=386502"},{"taxonomy":"post_tag","embeddable":true,"href":"https:\/\/www.zunoticia.com\/noticias-de-hidalgo\/wp-json\/wp\/v2\/tags?post=386502"}],"curies":[{"name":"wp","href":"https:\/\/api.w.org\/{rel}","templated":true}]}}