{"id":386531,"date":"2021-07-26T15:43:16","date_gmt":"2021-07-26T21:43:16","guid":{"rendered":"https:\/\/www.zunoticia.com\/noticias-de-hidalgo\/?p=386531"},"modified":"2021-07-26T15:43:16","modified_gmt":"2021-07-26T21:43:16","slug":"se-desbarranco-al-cortar-quelites","status":"publish","type":"post","link":"https:\/\/www.zunoticia.com\/noticias-de-hidalgo\/2021\/07\/26\/se-desbarranco-al-cortar-quelites\/","title":{"rendered":"Se desbarranc\u00f3 al cortar quelites"},"content":{"rendered":"<aside class=\"mashsb-container mashsb-main mashsb-stretched\"><div class=\"mashsb-box\"><div class=\"mashsb-count mash-large\" style=\"float:left\"><div class=\"counts mashsbcount\">209<\/div><span class=\"mashsb-sharetext\">SHARES<\/span><\/div><div class=\"mashsb-buttons\"><a class=\"mashicon-facebook mash-large mash-center mashsb-noshadow\" href=\"https:\/\/www.facebook.com\/sharer.php?u=https%3A%2F%2Fwww.zunoticia.com%2Fnoticias-de-hidalgo%2F2021%2F07%2F26%2Fse-desbarranco-al-cortar-quelites%2F\" target=\"_top\" rel=\"nofollow\"><span class=\"icon\"><\/span><span class=\"text\">Share<\/span><\/a><a class=\"mashicon-twitter mash-large mash-center mashsb-noshadow\" href=\"https:\/\/twitter.com\/intent\/tweet?text=&amp;url=https:\/\/www.zunoticia.com\/noticias-de-hidalgo\/2021\/07\/26\/se-desbarranco-al-cortar-quelites\/\" target=\"_top\" rel=\"nofollow\"><span class=\"icon\"><\/span><span class=\"text\">Tweet<\/span><\/a><div class=\"onoffswitch2 mash-large mashsb-noshadow\" style=\"display:none\"><\/div><\/div>\n            <\/div>\n                <div style=\"clear:both\"><\/div><div class=\"mashsb-toggle-container\"><\/div><\/aside>\n            <!-- Share buttons by mashshare.net - Version: 4.0.47-->\n<p><em>Por Redacci\u00f3n\/Zunoticia<\/em><\/p>\n\n\n\n<p><strong>Huazalingo, Hgo.-<\/strong> Persona del sexo masculino se cay\u00f3 al cortar quelites en un cerro de este municipio, sufriendo lesiones en diversas partes de su cuerpo, fueron sus familiares quienes lo auxiliaron y lo llevaron a un centro m\u00e9dico de este municipio para que le curaran las heridas.<\/p>\n\n\n\n<p>Se trata de Gregorio N. N., de 36 a\u00f1os de edad vecino de este municipio quien la tarde del pasado s\u00e1bado 24 de julio, se subi\u00f3 al cerro para cortar quelites, pero ante un resbal\u00f3n que tuvo sufri\u00f3 una ca\u00edda y se rod\u00f3, al ser canalizado al centro de salud por fortuna solo se le detectaron golpes y moretones en diversas partes de su cuerpo.<\/p>\n\n\n\n<p>Sus familiares mencionaron que esta persona siempre sube al cerro para recolectar este tipo de vegetales comestibles para su venta, pero esta ocasi\u00f3n ante un descuido que tuvo se resbal\u00f3 en ese sitio por fortuna logr\u00f3 sujetarse en un \u00e1rbol y esto evito que cayera en el abismo.<\/p>\n","protected":false},"excerpt":{"rendered":"<p>Por Redacci\u00f3n\/Zunoticia Huazalingo, Hgo.- Persona del sexo masculino se cay\u00f3 al cortar quelites en un cerro de este municipio, sufriendo lesiones en diversas partes de su cuerpo, fueron sus familiares quienes lo auxiliaron y lo llevaron a un centro m\u00e9dico de este municipio para que le curaran las heridas. Se trata de Gregorio N. N.,&hellip; <a class=\"more-link\" href=\"https:\/\/www.zunoticia.com\/noticias-de-hidalgo\/2021\/07\/26\/se-desbarranco-al-cortar-quelites\/\">Seguir leyendo <span class=\"screen-reader-text\">Se desbarranc\u00f3 al cortar quelites<\/span><\/a><\/p>\n","protected":false},"author":12,"featured_media":386521,"comment_status":"open","ping_status":"open","sticky":false,"template":"","format":"standard","meta":{"rop_custom_images_group":[],"rop_custom_messages_group":[],"rop_publish_now":"initial","rop_publish_now_accounts":{"facebook_10159540855086992_322828327761733":""},"rop_publish_now_history":[],"rop_publish_now_status":"pending","footnotes":""},"categories":[179,212,178,209],"tags":[259],"class_list":["post-386531","post","type-post","status-publish","format-standard","has-post-thumbnail","hentry","category-huasteca","category-huazalingo","category-policiaca","category-relevante","tag-policiaca","entry"],"_links":{"self":[{"href":"https:\/\/www.zunoticia.com\/noticias-de-hidalgo\/wp-json\/wp\/v2\/posts\/386531","targetHints":{"allow":["GET"]}}],"collection":[{"href":"https:\/\/www.zunoticia.com\/noticias-de-hidalgo\/wp-json\/wp\/v2\/posts"}],"about":[{"href":"https:\/\/www.zunoticia.com\/noticias-de-hidalgo\/wp-json\/wp\/v2\/types\/post"}],"author":[{"embeddable":true,"href":"https:\/\/www.zunoticia.com\/noticias-de-hidalgo\/wp-json\/wp\/v2\/users\/12"}],"replies":[{"embeddable":true,"href":"https:\/\/www.zunoticia.com\/noticias-de-hidalgo\/wp-json\/wp\/v2\/comments?post=386531"}],"version-history":[{"count":1,"href":"https:\/\/www.zunoticia.com\/noticias-de-hidalgo\/wp-json\/wp\/v2\/posts\/386531\/revisions"}],"predecessor-version":[{"id":386532,"href":"https:\/\/www.zunoticia.com\/noticias-de-hidalgo\/wp-json\/wp\/v2\/posts\/386531\/revisions\/386532"}],"wp:featuredmedia":[{"embeddable":true,"href":"https:\/\/www.zunoticia.com\/noticias-de-hidalgo\/wp-json\/wp\/v2\/media\/386521"}],"wp:attachment":[{"href":"https:\/\/www.zunoticia.com\/noticias-de-hidalgo\/wp-json\/wp\/v2\/media?parent=386531"}],"wp:term":[{"taxonomy":"category","embeddable":true,"href":"https:\/\/www.zunoticia.com\/noticias-de-hidalgo\/wp-json\/wp\/v2\/categories?post=386531"},{"taxonomy":"post_tag","embeddable":true,"href":"https:\/\/www.zunoticia.com\/noticias-de-hidalgo\/wp-json\/wp\/v2\/tags?post=386531"}],"curies":[{"name":"wp","href":"https:\/\/api.w.org\/{rel}","templated":true}]}}