{"id":386816,"date":"2021-07-28T15:08:57","date_gmt":"2021-07-28T21:08:57","guid":{"rendered":"https:\/\/www.zunoticia.com\/noticias-de-hidalgo\/?p=386816"},"modified":"2021-07-28T15:08:57","modified_gmt":"2021-07-28T21:08:57","slug":"roban-bicicleta-en-los-cantores","status":"publish","type":"post","link":"https:\/\/www.zunoticia.com\/noticias-de-hidalgo\/2021\/07\/28\/roban-bicicleta-en-los-cantores\/","title":{"rendered":"Roban bicicleta en Los Cantores"},"content":{"rendered":"<aside class=\"mashsb-container mashsb-main mashsb-stretched\"><div class=\"mashsb-box\"><div class=\"mashsb-count mash-large\" style=\"float:left\"><div class=\"counts mashsbcount\">646<\/div><span class=\"mashsb-sharetext\">SHARES<\/span><\/div><div class=\"mashsb-buttons\"><a class=\"mashicon-facebook mash-large mash-center mashsb-noshadow\" href=\"https:\/\/www.facebook.com\/sharer.php?u=https%3A%2F%2Fwww.zunoticia.com%2Fnoticias-de-hidalgo%2F2021%2F07%2F28%2Froban-bicicleta-en-los-cantores%2F\" target=\"_top\" rel=\"nofollow\"><span class=\"icon\"><\/span><span class=\"text\">Share<\/span><\/a><a class=\"mashicon-twitter mash-large mash-center mashsb-noshadow\" href=\"https:\/\/twitter.com\/intent\/tweet?text=&amp;url=https:\/\/www.zunoticia.com\/noticias-de-hidalgo\/2021\/07\/28\/roban-bicicleta-en-los-cantores\/\" target=\"_top\" rel=\"nofollow\"><span class=\"icon\"><\/span><span class=\"text\">Tweet<\/span><\/a><div class=\"onoffswitch2 mash-large mashsb-noshadow\" style=\"display:none\"><\/div><\/div>\n            <\/div>\n                <div style=\"clear:both\"><\/div><div class=\"mashsb-toggle-container\"><\/div><\/aside>\n            <!-- Share buttons by mashshare.net - Version: 4.0.47-->\n<p><em>Por Redacci\u00f3n\/Zunoticia<\/em><\/p>\n\n\n\n<p><strong>Huejutla, Hgo.-<\/strong> Un descuido del propietario fue suficiente para que los amantes de lo ajeno cometieran el robo de una bicicleta, que se encontraba estacionada afuera de una carnicer\u00eda ubicada en la colonia Los Cantores de esta ciudad.<\/p>\n\n\n\n<p>De acuerdo a la informaci\u00f3n proporcionada por el afectado que se identific\u00f3 con el nombre de Gervacio Sarmiento, dijo que su unidad de dos ruedas se la robaron la tarde de este mi\u00e9rcoles 28 de julio, se trata de una Ghost rodada 29, color negra con manubrio dorado.<\/p>\n\n\n\n<p>Hasta el momento se desconoce qui\u00e9n o quienes cometieron el hurto, no obstante ya dio parte a la polic\u00eda para que lo ayuden a buscar y recuperar su bici.<\/p>\n\n\n\n<p>Asimismo el agraviado solicita la colaboraci\u00f3n de la ciudadan\u00eda para localizar su bicicleta y si alguien vio o sabe algo, puede llamar al n\u00famero telef\u00f3nico 7713236663.<\/p>\n","protected":false},"excerpt":{"rendered":"<p>Por Redacci\u00f3n\/Zunoticia Huejutla, Hgo.- Un descuido del propietario fue suficiente para que los amantes de lo ajeno cometieran el robo de una bicicleta, que se encontraba estacionada afuera de una carnicer\u00eda ubicada en la colonia Los Cantores de esta ciudad. De acuerdo a la informaci\u00f3n proporcionada por el afectado que se identific\u00f3 con el nombre&hellip; <a class=\"more-link\" href=\"https:\/\/www.zunoticia.com\/noticias-de-hidalgo\/2021\/07\/28\/roban-bicicleta-en-los-cantores\/\">Seguir leyendo <span class=\"screen-reader-text\">Roban bicicleta en Los Cantores<\/span><\/a><\/p>\n","protected":false},"author":12,"featured_media":386817,"comment_status":"open","ping_status":"open","sticky":false,"template":"","format":"standard","meta":{"rop_custom_images_group":[],"rop_custom_messages_group":[],"rop_publish_now":"initial","rop_publish_now_accounts":{"facebook_10159540855086992_322828327761733":""},"rop_publish_now_history":[],"rop_publish_now_status":"pending","footnotes":""},"categories":[181,178,209],"tags":[259],"class_list":["post-386816","post","type-post","status-publish","format-standard","has-post-thumbnail","hentry","category-huejutla","category-policiaca","category-relevante","tag-policiaca","entry"],"_links":{"self":[{"href":"https:\/\/www.zunoticia.com\/noticias-de-hidalgo\/wp-json\/wp\/v2\/posts\/386816","targetHints":{"allow":["GET"]}}],"collection":[{"href":"https:\/\/www.zunoticia.com\/noticias-de-hidalgo\/wp-json\/wp\/v2\/posts"}],"about":[{"href":"https:\/\/www.zunoticia.com\/noticias-de-hidalgo\/wp-json\/wp\/v2\/types\/post"}],"author":[{"embeddable":true,"href":"https:\/\/www.zunoticia.com\/noticias-de-hidalgo\/wp-json\/wp\/v2\/users\/12"}],"replies":[{"embeddable":true,"href":"https:\/\/www.zunoticia.com\/noticias-de-hidalgo\/wp-json\/wp\/v2\/comments?post=386816"}],"version-history":[{"count":1,"href":"https:\/\/www.zunoticia.com\/noticias-de-hidalgo\/wp-json\/wp\/v2\/posts\/386816\/revisions"}],"predecessor-version":[{"id":386819,"href":"https:\/\/www.zunoticia.com\/noticias-de-hidalgo\/wp-json\/wp\/v2\/posts\/386816\/revisions\/386819"}],"wp:featuredmedia":[{"embeddable":true,"href":"https:\/\/www.zunoticia.com\/noticias-de-hidalgo\/wp-json\/wp\/v2\/media\/386817"}],"wp:attachment":[{"href":"https:\/\/www.zunoticia.com\/noticias-de-hidalgo\/wp-json\/wp\/v2\/media?parent=386816"}],"wp:term":[{"taxonomy":"category","embeddable":true,"href":"https:\/\/www.zunoticia.com\/noticias-de-hidalgo\/wp-json\/wp\/v2\/categories?post=386816"},{"taxonomy":"post_tag","embeddable":true,"href":"https:\/\/www.zunoticia.com\/noticias-de-hidalgo\/wp-json\/wp\/v2\/tags?post=386816"}],"curies":[{"name":"wp","href":"https:\/\/api.w.org\/{rel}","templated":true}]}}