{"id":389140,"date":"2021-08-12T18:50:13","date_gmt":"2021-08-12T23:50:13","guid":{"rendered":"https:\/\/www.zunoticia.com\/noticias-de-hidalgo\/?p=389140"},"modified":"2021-08-12T18:50:13","modified_gmt":"2021-08-12T23:50:13","slug":"imparten-conferencia-por-dia-internacional-de-la-juventud","status":"publish","type":"post","link":"https:\/\/www.zunoticia.com\/noticias-de-hidalgo\/2021\/08\/12\/imparten-conferencia-por-dia-internacional-de-la-juventud\/","title":{"rendered":"Imparten conferencia por d\u00eda internacional de la juventud"},"content":{"rendered":"<aside class=\"mashsb-container mashsb-main mashsb-stretched\"><div class=\"mashsb-box\"><div class=\"mashsb-count mash-large\" style=\"float:left\"><div class=\"counts mashsbcount\">69<\/div><span class=\"mashsb-sharetext\">SHARES<\/span><\/div><div class=\"mashsb-buttons\"><a class=\"mashicon-facebook mash-large mash-center mashsb-noshadow\" href=\"https:\/\/www.facebook.com\/sharer.php?u=https%3A%2F%2Fwww.zunoticia.com%2Fnoticias-de-hidalgo%2F2021%2F08%2F12%2Fimparten-conferencia-por-dia-internacional-de-la-juventud%2F\" target=\"_top\" rel=\"nofollow\"><span class=\"icon\"><\/span><span class=\"text\">Share<\/span><\/a><a class=\"mashicon-twitter mash-large mash-center mashsb-noshadow\" href=\"https:\/\/twitter.com\/intent\/tweet?text=&amp;url=https:\/\/www.zunoticia.com\/noticias-de-hidalgo\/2021\/08\/12\/imparten-conferencia-por-dia-internacional-de-la-juventud\/\" target=\"_top\" rel=\"nofollow\"><span class=\"icon\"><\/span><span class=\"text\">Tweet<\/span><\/a><div class=\"onoffswitch2 mash-large mashsb-noshadow\" style=\"display:none\"><\/div><\/div>\n            <\/div>\n                <div style=\"clear:both\"><\/div><div class=\"mashsb-toggle-container\"><\/div><\/aside>\n            <!-- Share buttons by mashshare.net - Version: 4.0.47-->\n<p><em>Por Roberto Meza\/Zunoticia<\/em><\/p>\n\n\n\n<p><strong>Yahualica, Hgo.- <\/strong>El titular del Instituto Municipal de\u00a0 la Juventud, Zeferino Hern\u00e1ndez Hern\u00e1ndez, imparti\u00f3 una conferencia a los j\u00f3venes de Yahualica, en el marco del d\u00eda internacional de la Juventud, con la tem\u00e1tica denominada &#8220;Proyecto de Vida&#8221;.<\/p>\n\n\n\n<p>Con ello se busca concientizar a los j\u00f3venes a llevar un buen camino y desarrollo de su vida, sobre todo lograr que alcancen sus metas y objetivos; en ese esquema de trabajo que se llev\u00f3 a cabo este d\u00eda, se aplicaron las medidas preventivas para el desempe\u00f1o de las actividades.<\/p>\n\n\n\n<p>El titular del \u00e1rea de la juventud dijo, que actualmente se trabaja con este sector, pues se quiere que tengan un desarrollo pleno, por eso se les orienta en ese sentido. Agreg\u00f3, que gracias al presidente municipal El\u00edas Sanju\u00e1n S\u00e1nchez en Yahualica se trabaja para beneficio de todos ellos, los invit\u00f3 a pasar a este departamento para que conozcan los programas que se manejan para los j\u00f3venes.<\/p>\n","protected":false},"excerpt":{"rendered":"<p>Por Roberto Meza\/Zunoticia Yahualica, Hgo.- El titular del Instituto Municipal de\u00a0 la Juventud, Zeferino Hern\u00e1ndez Hern\u00e1ndez, imparti\u00f3 una conferencia a los j\u00f3venes de Yahualica, en el marco del d\u00eda internacional de la Juventud, con la tem\u00e1tica denominada &#8220;Proyecto de Vida&#8221;. Con ello se busca concientizar a los j\u00f3venes a llevar un buen camino y desarrollo&hellip; <a class=\"more-link\" href=\"https:\/\/www.zunoticia.com\/noticias-de-hidalgo\/2021\/08\/12\/imparten-conferencia-por-dia-internacional-de-la-juventud\/\">Seguir leyendo <span class=\"screen-reader-text\">Imparten conferencia por d\u00eda internacional de la juventud<\/span><\/a><\/p>\n","protected":false},"author":12,"featured_media":389141,"comment_status":"open","ping_status":"open","sticky":false,"template":"","format":"standard","meta":{"rop_custom_images_group":[],"rop_custom_messages_group":[],"rop_publish_now":"initial","rop_publish_now_accounts":{"facebook_10159540855086992_322828327761733":""},"rop_publish_now_history":[],"rop_publish_now_status":"pending","footnotes":""},"categories":[179,203],"tags":[123],"class_list":["post-389140","post","type-post","status-publish","format-standard","has-post-thumbnail","hentry","category-huasteca","category-yahualica","tag-yahualica","entry"],"_links":{"self":[{"href":"https:\/\/www.zunoticia.com\/noticias-de-hidalgo\/wp-json\/wp\/v2\/posts\/389140","targetHints":{"allow":["GET"]}}],"collection":[{"href":"https:\/\/www.zunoticia.com\/noticias-de-hidalgo\/wp-json\/wp\/v2\/posts"}],"about":[{"href":"https:\/\/www.zunoticia.com\/noticias-de-hidalgo\/wp-json\/wp\/v2\/types\/post"}],"author":[{"embeddable":true,"href":"https:\/\/www.zunoticia.com\/noticias-de-hidalgo\/wp-json\/wp\/v2\/users\/12"}],"replies":[{"embeddable":true,"href":"https:\/\/www.zunoticia.com\/noticias-de-hidalgo\/wp-json\/wp\/v2\/comments?post=389140"}],"version-history":[{"count":1,"href":"https:\/\/www.zunoticia.com\/noticias-de-hidalgo\/wp-json\/wp\/v2\/posts\/389140\/revisions"}],"predecessor-version":[{"id":389142,"href":"https:\/\/www.zunoticia.com\/noticias-de-hidalgo\/wp-json\/wp\/v2\/posts\/389140\/revisions\/389142"}],"wp:featuredmedia":[{"embeddable":true,"href":"https:\/\/www.zunoticia.com\/noticias-de-hidalgo\/wp-json\/wp\/v2\/media\/389141"}],"wp:attachment":[{"href":"https:\/\/www.zunoticia.com\/noticias-de-hidalgo\/wp-json\/wp\/v2\/media?parent=389140"}],"wp:term":[{"taxonomy":"category","embeddable":true,"href":"https:\/\/www.zunoticia.com\/noticias-de-hidalgo\/wp-json\/wp\/v2\/categories?post=389140"},{"taxonomy":"post_tag","embeddable":true,"href":"https:\/\/www.zunoticia.com\/noticias-de-hidalgo\/wp-json\/wp\/v2\/tags?post=389140"}],"curies":[{"name":"wp","href":"https:\/\/api.w.org\/{rel}","templated":true}]}}