{"id":391547,"date":"2021-08-31T16:59:14","date_gmt":"2021-08-31T21:59:14","guid":{"rendered":"https:\/\/www.zunoticia.com\/noticias-de-hidalgo\/?p=391547"},"modified":"2021-08-31T16:59:15","modified_gmt":"2021-08-31T21:59:15","slug":"jornada-de-desinfeccion-de-escuelas-en-yahualica","status":"publish","type":"post","link":"https:\/\/www.zunoticia.com\/noticias-de-hidalgo\/2021\/08\/31\/jornada-de-desinfeccion-de-escuelas-en-yahualica\/","title":{"rendered":"Jornada de desinfecci\u00f3n de escuelas en Yahualica"},"content":{"rendered":"<aside class=\"mashsb-container mashsb-main mashsb-stretched\"><div class=\"mashsb-box\"><div class=\"mashsb-count mash-large\" style=\"float:left\"><div class=\"counts mashsbcount\">23<\/div><span class=\"mashsb-sharetext\">SHARES<\/span><\/div><div class=\"mashsb-buttons\"><a class=\"mashicon-facebook mash-large mash-center mashsb-noshadow\" href=\"https:\/\/www.facebook.com\/sharer.php?u=https%3A%2F%2Fwww.zunoticia.com%2Fnoticias-de-hidalgo%2F2021%2F08%2F31%2Fjornada-de-desinfeccion-de-escuelas-en-yahualica%2F\" target=\"_top\" rel=\"nofollow\"><span class=\"icon\"><\/span><span class=\"text\">Share<\/span><\/a><a class=\"mashicon-twitter mash-large mash-center mashsb-noshadow\" href=\"https:\/\/twitter.com\/intent\/tweet?text=&amp;url=https:\/\/www.zunoticia.com\/noticias-de-hidalgo\/2021\/08\/31\/jornada-de-desinfeccion-de-escuelas-en-yahualica\/\" target=\"_top\" rel=\"nofollow\"><span class=\"icon\"><\/span><span class=\"text\">Tweet<\/span><\/a><div class=\"onoffswitch2 mash-large mashsb-noshadow\" style=\"display:none\"><\/div><\/div>\n            <\/div>\n                <div style=\"clear:both\"><\/div><div class=\"mashsb-toggle-container\"><\/div><\/aside>\n            <!-- Share buttons by mashshare.net - Version: 4.0.47-->\n<p><em>Por Roberto Meza\/Zunoticia<\/em><\/p>\n\n\n\n<p><strong>Yahualica, Hgo.-<\/strong> El titular de Educaci\u00f3n de este municipio, Pablo Mart\u00ednez Marcial, dijo que se efectu\u00f3 una jornada de desinfecci\u00f3n en las escuelas de Yahualica, para prevenir contagios del covid en este regreso a clases de los ni\u00f1os, j\u00f3venes y maestros; as\u00ed mismo se\u00f1al\u00f3, que los directores pueden pasar a solicitar la limpieza de sus escuelas al ayuntamiento.<\/p>\n\n\n\n<p>El funcionario dijo que, es a trav\u00e9s de Protecci\u00f3n Civil como hace unos d\u00edas efectuaron la desinfecci\u00f3n de varias escuelas, cuyos directores previamente lo solicitaron; manifestando que a\u00fan faltan planteles por limpiar, por lo que invit\u00f3 a los directivos para pidan esta actividad, ya que el presidente municipal El\u00edas Sanju\u00e1n, con gusto los habr\u00e1 de apoyar.<\/p>\n\n\n\n<p>Mientras tanto, exhort\u00f3 a todos los maestros y alumnos en donde iniciaron las clases presenciales en esta semana \u201ces necesario que sigan aplicando las medidas preventivas, como el uso del cubrebocas, aplicaci\u00f3n del gel antibacterial y la sana distancia, con estas acciones estar\u00e1n mitigando la pandemia\u201d.<\/p>\n","protected":false},"excerpt":{"rendered":"<p>Por Roberto Meza\/Zunoticia Yahualica, Hgo.- El titular de Educaci\u00f3n de este municipio, Pablo Mart\u00ednez Marcial, dijo que se efectu\u00f3 una jornada de desinfecci\u00f3n en las escuelas de Yahualica, para prevenir contagios del covid en este regreso a clases de los ni\u00f1os, j\u00f3venes y maestros; as\u00ed mismo se\u00f1al\u00f3, que los directores pueden pasar a solicitar la&hellip; <a class=\"more-link\" href=\"https:\/\/www.zunoticia.com\/noticias-de-hidalgo\/2021\/08\/31\/jornada-de-desinfeccion-de-escuelas-en-yahualica\/\">Seguir leyendo <span class=\"screen-reader-text\">Jornada de desinfecci\u00f3n de escuelas en Yahualica<\/span><\/a><\/p>\n","protected":false},"author":12,"featured_media":391548,"comment_status":"open","ping_status":"open","sticky":false,"template":"","format":"standard","meta":{"rop_custom_images_group":[],"rop_custom_messages_group":[],"rop_publish_now":"initial","rop_publish_now_accounts":{"facebook_10159540855086992_322828327761733":""},"rop_publish_now_history":[],"rop_publish_now_status":"pending","footnotes":""},"categories":[179,203],"tags":[123],"class_list":["post-391547","post","type-post","status-publish","format-standard","has-post-thumbnail","hentry","category-huasteca","category-yahualica","tag-yahualica","entry"],"_links":{"self":[{"href":"https:\/\/www.zunoticia.com\/noticias-de-hidalgo\/wp-json\/wp\/v2\/posts\/391547","targetHints":{"allow":["GET"]}}],"collection":[{"href":"https:\/\/www.zunoticia.com\/noticias-de-hidalgo\/wp-json\/wp\/v2\/posts"}],"about":[{"href":"https:\/\/www.zunoticia.com\/noticias-de-hidalgo\/wp-json\/wp\/v2\/types\/post"}],"author":[{"embeddable":true,"href":"https:\/\/www.zunoticia.com\/noticias-de-hidalgo\/wp-json\/wp\/v2\/users\/12"}],"replies":[{"embeddable":true,"href":"https:\/\/www.zunoticia.com\/noticias-de-hidalgo\/wp-json\/wp\/v2\/comments?post=391547"}],"version-history":[{"count":1,"href":"https:\/\/www.zunoticia.com\/noticias-de-hidalgo\/wp-json\/wp\/v2\/posts\/391547\/revisions"}],"predecessor-version":[{"id":391549,"href":"https:\/\/www.zunoticia.com\/noticias-de-hidalgo\/wp-json\/wp\/v2\/posts\/391547\/revisions\/391549"}],"wp:featuredmedia":[{"embeddable":true,"href":"https:\/\/www.zunoticia.com\/noticias-de-hidalgo\/wp-json\/wp\/v2\/media\/391548"}],"wp:attachment":[{"href":"https:\/\/www.zunoticia.com\/noticias-de-hidalgo\/wp-json\/wp\/v2\/media?parent=391547"}],"wp:term":[{"taxonomy":"category","embeddable":true,"href":"https:\/\/www.zunoticia.com\/noticias-de-hidalgo\/wp-json\/wp\/v2\/categories?post=391547"},{"taxonomy":"post_tag","embeddable":true,"href":"https:\/\/www.zunoticia.com\/noticias-de-hidalgo\/wp-json\/wp\/v2\/tags?post=391547"}],"curies":[{"name":"wp","href":"https:\/\/api.w.org\/{rel}","templated":true}]}}