{"id":393834,"date":"2021-09-18T12:39:00","date_gmt":"2021-09-18T17:39:00","guid":{"rendered":"https:\/\/www.zunoticia.com\/noticias-de-hidalgo\/?p=393834"},"modified":"2021-09-18T12:39:01","modified_gmt":"2021-09-18T17:39:01","slug":"esperan-no-haya-recortes-al-presupuesto-para-el-proximo-periodo-de-administracion","status":"publish","type":"post","link":"https:\/\/www.zunoticia.com\/noticias-de-hidalgo\/2021\/09\/18\/esperan-no-haya-recortes-al-presupuesto-para-el-proximo-periodo-de-administracion\/","title":{"rendered":"Esperan no haya recortes al presupuesto para el pr\u00f3ximo periodo de administraci\u00f3n"},"content":{"rendered":"<aside class=\"mashsb-container mashsb-main mashsb-stretched\"><div class=\"mashsb-box\"><div class=\"mashsb-count mash-large\" style=\"float:left\"><div class=\"counts mashsbcount\">12<\/div><span class=\"mashsb-sharetext\">SHARES<\/span><\/div><div class=\"mashsb-buttons\"><a class=\"mashicon-facebook mash-large mash-center mashsb-noshadow\" href=\"https:\/\/www.facebook.com\/sharer.php?u=https%3A%2F%2Fwww.zunoticia.com%2Fnoticias-de-hidalgo%2F2021%2F09%2F18%2Fesperan-no-haya-recortes-al-presupuesto-para-el-proximo-periodo-de-administracion%2F\" target=\"_top\" rel=\"nofollow\"><span class=\"icon\"><\/span><span class=\"text\">Share<\/span><\/a><a class=\"mashicon-twitter mash-large mash-center mashsb-noshadow\" href=\"https:\/\/twitter.com\/intent\/tweet?text=&amp;url=https:\/\/www.zunoticia.com\/noticias-de-hidalgo\/2021\/09\/18\/esperan-no-haya-recortes-al-presupuesto-para-el-proximo-periodo-de-administracion\/\" target=\"_top\" rel=\"nofollow\"><span class=\"icon\"><\/span><span class=\"text\">Tweet<\/span><\/a><div class=\"onoffswitch2 mash-large mashsb-noshadow\" style=\"display:none\"><\/div><\/div>\n            <\/div>\n                <div style=\"clear:both\"><\/div><div class=\"mashsb-toggle-container\"><\/div><\/aside>\n            <!-- Share buttons by mashshare.net - Version: 4.0.47-->\n<p><em>Por \u00c1ngel Silverio\/Zunoticia<\/em><\/p>\n\n\n\n<p><strong>Jaltoc\u00e1n, Hgo.-<\/strong> Miguel \u00c1ngel Monterrubio Damaso, regidor de la fracci\u00f3n de Morena, dijo que a medida del presupuesto es como se ha podido avanzar en este primer periodo de gobierno, sin embargo, agreg\u00f3 \u201clos recortes a los recursos de este a\u00f1o, afectaron en gran medida pues fue un recorte considerable que pod\u00eda ayudar en mucho al municipio\u201d.<\/p>\n\n\n\n<p>\u201cDesde el cabildo hemos tratado de poner el esfuerzo y ser responsables con lo que nos toca a nosotros, apoyar a los ciudadanos, a aprobar reglamentos, aprobar presupuestos; despu\u00e9s de pasar de una administraci\u00f3n, luego un concejo, nos encontramos con un recorte al presupuesto de 5 millones de pesos, creo que las dificultades se han tratado y podemos decir que la administraci\u00f3n va avanzando\u201d indic\u00f3.<\/p>\n\n\n\n<p>En este sentido, reconoci\u00f3 que falta mucho, &#8211; \u201cHay detalles y el ciudadano los observa, pero hoy en d\u00eda quien determina el tema de planear su ejecuci\u00f3n del presupuesto es el presidente, a nosotros nos acota a hacer an\u00e1lisis, aprobar, revocar si queremos verlo de esa manera. Creo que vamos caminando, debemos decir que ojal\u00e1 el pr\u00f3ximo a\u00f1o el presupuesto sea m\u00e1s ben\u00e9fico para el municipio, pero tambi\u00e9n no queremos estar desalentados, con el tema de desastres naturales que han ocurrido, espero no le pegue al presupuesto, en particular al nuestro y no surja otro recorte, pues el ciudadano quiere ver que el municipio avance, son cosas ajenas a una decisi\u00f3n del cabildo, o del presidente\u201d.<\/p>\n\n\n\n<p>Cuando se le pregunto al regidor, sobre la principal demanda de la ciudadan\u00eda que es el bacheo de las calles, coment\u00f3, &#8211; \u201cS\u00ed se ha planteado, y por esas circunstancias que hasta uno desconoce no se ha podido, pero se plante\u00f3 el proyecto de la cabecera municipal, para que, a trav\u00e9s de obras p\u00fablicas del estado, se tuviera un recurso extraordinario, poder tener el drenaje y las calles bien pavimentadas, seguiremos con el dedo en el rengl\u00f3n en ese tema\u201d concluy\u00f3.<\/p>\n","protected":false},"excerpt":{"rendered":"<p>Por \u00c1ngel Silverio\/Zunoticia Jaltoc\u00e1n, Hgo.- Miguel \u00c1ngel Monterrubio Damaso, regidor de la fracci\u00f3n de Morena, dijo que a medida del presupuesto es como se ha podido avanzar en este primer periodo de gobierno, sin embargo, agreg\u00f3 \u201clos recortes a los recursos de este a\u00f1o, afectaron en gran medida pues fue un recorte considerable que pod\u00eda&hellip; <a class=\"more-link\" href=\"https:\/\/www.zunoticia.com\/noticias-de-hidalgo\/2021\/09\/18\/esperan-no-haya-recortes-al-presupuesto-para-el-proximo-periodo-de-administracion\/\">Seguir leyendo <span class=\"screen-reader-text\">Esperan no haya recortes al presupuesto para el pr\u00f3ximo periodo de administraci\u00f3n<\/span><\/a><\/p>\n","protected":false},"author":12,"featured_media":393835,"comment_status":"open","ping_status":"open","sticky":false,"template":"","format":"standard","meta":{"rop_custom_images_group":[],"rop_custom_messages_group":[],"rop_publish_now":"initial","rop_publish_now_accounts":{"facebook_10159540855086992_322828327761733":""},"rop_publish_now_history":[],"rop_publish_now_status":"pending","footnotes":""},"categories":[179,200],"tags":[249],"class_list":["post-393834","post","type-post","status-publish","format-standard","has-post-thumbnail","hentry","category-huasteca","category-jaltocan","tag-jaltocan-2","entry"],"_links":{"self":[{"href":"https:\/\/www.zunoticia.com\/noticias-de-hidalgo\/wp-json\/wp\/v2\/posts\/393834","targetHints":{"allow":["GET"]}}],"collection":[{"href":"https:\/\/www.zunoticia.com\/noticias-de-hidalgo\/wp-json\/wp\/v2\/posts"}],"about":[{"href":"https:\/\/www.zunoticia.com\/noticias-de-hidalgo\/wp-json\/wp\/v2\/types\/post"}],"author":[{"embeddable":true,"href":"https:\/\/www.zunoticia.com\/noticias-de-hidalgo\/wp-json\/wp\/v2\/users\/12"}],"replies":[{"embeddable":true,"href":"https:\/\/www.zunoticia.com\/noticias-de-hidalgo\/wp-json\/wp\/v2\/comments?post=393834"}],"version-history":[{"count":1,"href":"https:\/\/www.zunoticia.com\/noticias-de-hidalgo\/wp-json\/wp\/v2\/posts\/393834\/revisions"}],"predecessor-version":[{"id":393836,"href":"https:\/\/www.zunoticia.com\/noticias-de-hidalgo\/wp-json\/wp\/v2\/posts\/393834\/revisions\/393836"}],"wp:featuredmedia":[{"embeddable":true,"href":"https:\/\/www.zunoticia.com\/noticias-de-hidalgo\/wp-json\/wp\/v2\/media\/393835"}],"wp:attachment":[{"href":"https:\/\/www.zunoticia.com\/noticias-de-hidalgo\/wp-json\/wp\/v2\/media?parent=393834"}],"wp:term":[{"taxonomy":"category","embeddable":true,"href":"https:\/\/www.zunoticia.com\/noticias-de-hidalgo\/wp-json\/wp\/v2\/categories?post=393834"},{"taxonomy":"post_tag","embeddable":true,"href":"https:\/\/www.zunoticia.com\/noticias-de-hidalgo\/wp-json\/wp\/v2\/tags?post=393834"}],"curies":[{"name":"wp","href":"https:\/\/api.w.org\/{rel}","templated":true}]}}