{"id":394142,"date":"2021-09-20T17:00:30","date_gmt":"2021-09-20T22:00:30","guid":{"rendered":"https:\/\/www.zunoticia.com\/noticias-de-hidalgo\/?p=394142"},"modified":"2021-09-20T17:42:11","modified_gmt":"2021-09-20T22:42:11","slug":"dan-a-conocer-el-calendario-para-la-aplicacion-de-vacuna","status":"publish","type":"post","link":"https:\/\/www.zunoticia.com\/noticias-de-hidalgo\/2021\/09\/20\/dan-a-conocer-el-calendario-para-la-aplicacion-de-vacuna\/","title":{"rendered":"Dan a conocer el calendario para la aplicaci\u00f3n de vacuna"},"content":{"rendered":"<aside class=\"mashsb-container mashsb-main mashsb-stretched\"><div class=\"mashsb-box\"><div class=\"mashsb-count mash-large\" style=\"float:left\"><div class=\"counts mashsbcount\">32<\/div><span class=\"mashsb-sharetext\">SHARES<\/span><\/div><div class=\"mashsb-buttons\"><a class=\"mashicon-facebook mash-large mash-center mashsb-noshadow\" href=\"https:\/\/www.facebook.com\/sharer.php?u=https%3A%2F%2Fwww.zunoticia.com%2Fnoticias-de-hidalgo%2F2021%2F09%2F20%2Fdan-a-conocer-el-calendario-para-la-aplicacion-de-vacuna%2F\" target=\"_top\" rel=\"nofollow\"><span class=\"icon\"><\/span><span class=\"text\">Share<\/span><\/a><a class=\"mashicon-twitter mash-large mash-center mashsb-noshadow\" href=\"https:\/\/twitter.com\/intent\/tweet?text=&amp;url=https:\/\/www.zunoticia.com\/noticias-de-hidalgo\/2021\/09\/20\/dan-a-conocer-el-calendario-para-la-aplicacion-de-vacuna\/\" target=\"_top\" rel=\"nofollow\"><span class=\"icon\"><\/span><span class=\"text\">Tweet<\/span><\/a><div class=\"onoffswitch2 mash-large mashsb-noshadow\" style=\"display:none\"><\/div><\/div>\n            <\/div>\n                <div style=\"clear:both\"><\/div><div class=\"mashsb-toggle-container\"><\/div><\/aside>\n            <!-- Share buttons by mashshare.net - Version: 4.0.47-->\n<p><em>Por \u00c1ngel Silverio\/Zunoticia<\/em><\/p>\n\n\n\n<p><strong>Jaltoc\u00e1n, Hgo.-<\/strong> El d\u00eda de hoy (20 de septiembre) inicia la jornada de vacunaci\u00f3n en todo el municipio, por lo que se dio a conocer el calendario, para que todos los j\u00f3venes est\u00e9n atentos y acudan a la aplicaci\u00f3n de la dosis contra el coronavirus.<\/p>\n\n\n\n<p>Con el prop\u00f3sito de evitar que se genere un desorden, como ha sucedido en otros lugares, la manera en que se realizar\u00e1 la vacunaci\u00f3n ser\u00e1 de este modo: para las ocho de la ma\u00f1ana se tiene previsto la vacunaci\u00f3n para las localidades de Cuatecomaco, Tzinancantitla, Cuatzatzas y Ahuayo; mientras que a las nueve est\u00e1n programadas las localidades de Octatitla, Potrero Zactip\u00e1n, Anacleto Ramos, La Ilusi\u00f3n, Petacotitla, Emiliano Zapata, Tepexicuicuil, Amaxac I Y 2.<\/p>\n\n\n\n<p>A las diez de la ma\u00f1ana est\u00e1n programadas las localidades de El Chote, Matachilillo, Huichapa, mientras que, a las once de la ma\u00f1ana las comunidades de Vinazco, La Capilla y Revoluci\u00f3n Mexicana.<\/p>\n\n\n\n<p>Para el d\u00eda 22 se estar\u00e1n vacunando a los j\u00f3venes de las localidades de Chiconcoac, Tetzinatla, Aguacatitla, Toltitla, Palmar, Pahuatitla, El Rosario, desde las ocho de la ma\u00f1ana; y para los barrios como Tlalnepantla, Chalahuitzintla y Mirador, se vacunar\u00e1n el d\u00eda 23, en la galera municipal, por lo que deber\u00e1n estar pendientes de la fecha que les corresponde.<\/p>\n\n\n\n<p>Recordaron que, los j\u00f3venes deber\u00e1n presentar su expediente de Mi vacuna, identificaci\u00f3n oficial en original y copia, su Curp, adem\u00e1s se les recomienda asistir desayunados e hidratados y siguiendo las medidas de protecci\u00f3n, como el uso de cubrebocas obligatorio.<\/p>\n","protected":false},"excerpt":{"rendered":"<p>Por \u00c1ngel Silverio\/Zunoticia Jaltoc\u00e1n, Hgo.- El d\u00eda de hoy (20 de septiembre) inicia la jornada de vacunaci\u00f3n en todo el municipio, por lo que se dio a conocer el calendario, para que todos los j\u00f3venes est\u00e9n atentos y acudan a la aplicaci\u00f3n de la dosis contra el coronavirus. Con el prop\u00f3sito de evitar que se&hellip; <a class=\"more-link\" href=\"https:\/\/www.zunoticia.com\/noticias-de-hidalgo\/2021\/09\/20\/dan-a-conocer-el-calendario-para-la-aplicacion-de-vacuna\/\">Seguir leyendo <span class=\"screen-reader-text\">Dan a conocer el calendario para la aplicaci\u00f3n de vacuna<\/span><\/a><\/p>\n","protected":false},"author":12,"featured_media":394143,"comment_status":"open","ping_status":"open","sticky":false,"template":"","format":"standard","meta":{"rop_custom_images_group":[],"rop_custom_messages_group":[],"rop_publish_now":"initial","rop_publish_now_accounts":{"facebook_10159540855086992_322828327761733":""},"rop_publish_now_history":[],"rop_publish_now_status":"pending","footnotes":""},"categories":[179,200],"tags":[249],"class_list":["post-394142","post","type-post","status-publish","format-standard","has-post-thumbnail","hentry","category-huasteca","category-jaltocan","tag-jaltocan-2","entry"],"_links":{"self":[{"href":"https:\/\/www.zunoticia.com\/noticias-de-hidalgo\/wp-json\/wp\/v2\/posts\/394142","targetHints":{"allow":["GET"]}}],"collection":[{"href":"https:\/\/www.zunoticia.com\/noticias-de-hidalgo\/wp-json\/wp\/v2\/posts"}],"about":[{"href":"https:\/\/www.zunoticia.com\/noticias-de-hidalgo\/wp-json\/wp\/v2\/types\/post"}],"author":[{"embeddable":true,"href":"https:\/\/www.zunoticia.com\/noticias-de-hidalgo\/wp-json\/wp\/v2\/users\/12"}],"replies":[{"embeddable":true,"href":"https:\/\/www.zunoticia.com\/noticias-de-hidalgo\/wp-json\/wp\/v2\/comments?post=394142"}],"version-history":[{"count":2,"href":"https:\/\/www.zunoticia.com\/noticias-de-hidalgo\/wp-json\/wp\/v2\/posts\/394142\/revisions"}],"predecessor-version":[{"id":394162,"href":"https:\/\/www.zunoticia.com\/noticias-de-hidalgo\/wp-json\/wp\/v2\/posts\/394142\/revisions\/394162"}],"wp:featuredmedia":[{"embeddable":true,"href":"https:\/\/www.zunoticia.com\/noticias-de-hidalgo\/wp-json\/wp\/v2\/media\/394143"}],"wp:attachment":[{"href":"https:\/\/www.zunoticia.com\/noticias-de-hidalgo\/wp-json\/wp\/v2\/media?parent=394142"}],"wp:term":[{"taxonomy":"category","embeddable":true,"href":"https:\/\/www.zunoticia.com\/noticias-de-hidalgo\/wp-json\/wp\/v2\/categories?post=394142"},{"taxonomy":"post_tag","embeddable":true,"href":"https:\/\/www.zunoticia.com\/noticias-de-hidalgo\/wp-json\/wp\/v2\/tags?post=394142"}],"curies":[{"name":"wp","href":"https:\/\/api.w.org\/{rel}","templated":true}]}}