{"id":396142,"date":"2021-10-06T00:10:52","date_gmt":"2021-10-06T05:10:52","guid":{"rendered":"https:\/\/www.zunoticia.com\/noticias-de-hidalgo\/?p=396142"},"modified":"2021-10-06T00:10:53","modified_gmt":"2021-10-06T05:10:53","slug":"aplicaran-vacunas-anti-covid-para-personas-de-18-a-29-anos","status":"publish","type":"post","link":"https:\/\/www.zunoticia.com\/noticias-de-hidalgo\/2021\/10\/06\/aplicaran-vacunas-anti-covid-para-personas-de-18-a-29-anos\/","title":{"rendered":"Aplicar\u00e1n vacunas anti covid para personas de 18 a 29 a\u00f1os"},"content":{"rendered":"<aside class=\"mashsb-container mashsb-main mashsb-stretched\"><div class=\"mashsb-box\"><div class=\"mashsb-count mash-large\" style=\"float:left\"><div class=\"counts mashsbcount\">17<\/div><span class=\"mashsb-sharetext\">SHARES<\/span><\/div><div class=\"mashsb-buttons\"><a class=\"mashicon-facebook mash-large mash-center mashsb-noshadow\" href=\"https:\/\/www.facebook.com\/sharer.php?u=https%3A%2F%2Fwww.zunoticia.com%2Fnoticias-de-hidalgo%2F2021%2F10%2F06%2Faplicaran-vacunas-anti-covid-para-personas-de-18-a-29-anos%2F\" target=\"_top\" rel=\"nofollow\"><span class=\"icon\"><\/span><span class=\"text\">Share<\/span><\/a><a class=\"mashicon-twitter mash-large mash-center mashsb-noshadow\" href=\"https:\/\/twitter.com\/intent\/tweet?text=&amp;url=https:\/\/www.zunoticia.com\/noticias-de-hidalgo\/2021\/10\/06\/aplicaran-vacunas-anti-covid-para-personas-de-18-a-29-anos\/\" target=\"_top\" rel=\"nofollow\"><span class=\"icon\"><\/span><span class=\"text\">Tweet<\/span><\/a><div class=\"onoffswitch2 mash-large mashsb-noshadow\" style=\"display:none\"><\/div><\/div>\n            <\/div>\n                <div style=\"clear:both\"><\/div><div class=\"mashsb-toggle-container\"><\/div><\/aside>\n            <!-- Share buttons by mashshare.net - Version: 4.0.47-->\n<p><em>Por Roberto Meza\/Zunoticia<\/em><\/p>\n\n\n\n<p><strong>Yahualica, Hgo. &#8211;<\/strong> El secretario municipal Yocundo P\u00e9rez Herrera, dijo que, este mi\u00e9rcoles inicia la aplicaci\u00f3n de la vacuna contra covid a las personas de 18 a 29 a\u00f1os, por lo que en coordinaci\u00f3n con las autoridades de salud se desplegar\u00e1 el personal a las comunidades y la cabecera para cumplir con este prop\u00f3sito.<\/p>\n\n\n\n<p>El funcionario se\u00f1al\u00f3 que, es importante acudan a los centros de vacunaci\u00f3n que estar\u00e1n dos d\u00edas y no pongan pretextos para no vacunarse, agreg\u00f3 que en esta ocasi\u00f3n se est\u00e1 aplicando la vacuna de la marca CanSino y con ello, estar prevenidos de las edades de 18 en adelante.<\/p>\n\n\n\n<p>Las sedes estar\u00e1n en las comunidades de Atlajco el 6 de octubre, en la galera publica; Tlalchiyahualica el 7 de octubre; en Mecatl\u00e1n el 6 y 7 de octubre, en un horario de 8:00 de la ma\u00f1ana a 3:00 de la tarde.<\/p>\n","protected":false},"excerpt":{"rendered":"<p>Por Roberto Meza\/Zunoticia Yahualica, Hgo. &#8211; El secretario municipal Yocundo P\u00e9rez Herrera, dijo que, este mi\u00e9rcoles inicia la aplicaci\u00f3n de la vacuna contra covid a las personas de 18 a 29 a\u00f1os, por lo que en coordinaci\u00f3n con las autoridades de salud se desplegar\u00e1 el personal a las comunidades y la cabecera para cumplir con&hellip; <a class=\"more-link\" href=\"https:\/\/www.zunoticia.com\/noticias-de-hidalgo\/2021\/10\/06\/aplicaran-vacunas-anti-covid-para-personas-de-18-a-29-anos\/\">Seguir leyendo <span class=\"screen-reader-text\">Aplicar\u00e1n vacunas anti covid para personas de 18 a 29 a\u00f1os<\/span><\/a><\/p>\n","protected":false},"author":12,"featured_media":396143,"comment_status":"open","ping_status":"open","sticky":false,"template":"","format":"standard","meta":{"rop_custom_images_group":[],"rop_custom_messages_group":[],"rop_publish_now":"initial","rop_publish_now_accounts":{"facebook_10159540855086992_322828327761733":""},"rop_publish_now_history":[],"rop_publish_now_status":"pending","footnotes":""},"categories":[179,203],"tags":[123],"class_list":["post-396142","post","type-post","status-publish","format-standard","has-post-thumbnail","hentry","category-huasteca","category-yahualica","tag-yahualica","entry"],"_links":{"self":[{"href":"https:\/\/www.zunoticia.com\/noticias-de-hidalgo\/wp-json\/wp\/v2\/posts\/396142","targetHints":{"allow":["GET"]}}],"collection":[{"href":"https:\/\/www.zunoticia.com\/noticias-de-hidalgo\/wp-json\/wp\/v2\/posts"}],"about":[{"href":"https:\/\/www.zunoticia.com\/noticias-de-hidalgo\/wp-json\/wp\/v2\/types\/post"}],"author":[{"embeddable":true,"href":"https:\/\/www.zunoticia.com\/noticias-de-hidalgo\/wp-json\/wp\/v2\/users\/12"}],"replies":[{"embeddable":true,"href":"https:\/\/www.zunoticia.com\/noticias-de-hidalgo\/wp-json\/wp\/v2\/comments?post=396142"}],"version-history":[{"count":1,"href":"https:\/\/www.zunoticia.com\/noticias-de-hidalgo\/wp-json\/wp\/v2\/posts\/396142\/revisions"}],"predecessor-version":[{"id":396144,"href":"https:\/\/www.zunoticia.com\/noticias-de-hidalgo\/wp-json\/wp\/v2\/posts\/396142\/revisions\/396144"}],"wp:featuredmedia":[{"embeddable":true,"href":"https:\/\/www.zunoticia.com\/noticias-de-hidalgo\/wp-json\/wp\/v2\/media\/396143"}],"wp:attachment":[{"href":"https:\/\/www.zunoticia.com\/noticias-de-hidalgo\/wp-json\/wp\/v2\/media?parent=396142"}],"wp:term":[{"taxonomy":"category","embeddable":true,"href":"https:\/\/www.zunoticia.com\/noticias-de-hidalgo\/wp-json\/wp\/v2\/categories?post=396142"},{"taxonomy":"post_tag","embeddable":true,"href":"https:\/\/www.zunoticia.com\/noticias-de-hidalgo\/wp-json\/wp\/v2\/tags?post=396142"}],"curies":[{"name":"wp","href":"https:\/\/api.w.org\/{rel}","templated":true}]}}