{"id":396204,"date":"2021-10-06T14:37:56","date_gmt":"2021-10-06T19:37:56","guid":{"rendered":"https:\/\/www.zunoticia.com\/noticias-de-hidalgo\/?p=396204"},"modified":"2021-10-06T14:38:52","modified_gmt":"2021-10-06T19:38:52","slug":"detenido-por-hacer-sus-necesidades-fisiologicas-en-un-predio-baldio","status":"publish","type":"post","link":"https:\/\/www.zunoticia.com\/noticias-de-hidalgo\/2021\/10\/06\/detenido-por-hacer-sus-necesidades-fisiologicas-en-un-predio-baldio\/","title":{"rendered":"Detenido por hacer sus necesidades fisiol\u00f3gicas en un predio bald\u00edo"},"content":{"rendered":"<aside class=\"mashsb-container mashsb-main mashsb-stretched\"><div class=\"mashsb-box\"><div class=\"mashsb-count mash-large\" style=\"float:left\"><div class=\"counts mashsbcount\">26<\/div><span class=\"mashsb-sharetext\">SHARES<\/span><\/div><div class=\"mashsb-buttons\"><a class=\"mashicon-facebook mash-large mash-center mashsb-noshadow\" href=\"https:\/\/www.facebook.com\/sharer.php?u=https%3A%2F%2Fwww.zunoticia.com%2Fnoticias-de-hidalgo%2F2021%2F10%2F06%2Fdetenido-por-hacer-sus-necesidades-fisiologicas-en-un-predio-baldio%2F\" target=\"_top\" rel=\"nofollow\"><span class=\"icon\"><\/span><span class=\"text\">Share<\/span><\/a><a class=\"mashicon-twitter mash-large mash-center mashsb-noshadow\" href=\"https:\/\/twitter.com\/intent\/tweet?text=&amp;url=https:\/\/www.zunoticia.com\/noticias-de-hidalgo\/2021\/10\/06\/detenido-por-hacer-sus-necesidades-fisiologicas-en-un-predio-baldio\/\" target=\"_top\" rel=\"nofollow\"><span class=\"icon\"><\/span><span class=\"text\">Tweet<\/span><\/a><div class=\"onoffswitch2 mash-large mashsb-noshadow\" style=\"display:none\"><\/div><\/div>\n            <\/div>\n                <div style=\"clear:both\"><\/div><div class=\"mashsb-toggle-container\"><\/div><\/aside>\n            <!-- Share buttons by mashshare.net - Version: 4.0.47-->\n<p><em>Por Salvador Altamirano\/Zunoticia<\/em><\/p>\n\n\n\n<p><strong>Huejutla, Hgo.-<\/strong> Elementos adscritos a la Secretar\u00eda de Seguridad P\u00fablica Municipal detuvieron la ma\u00f1ana de este mi\u00e9rcoles a una persona, quien realizaba sus necesidades fisiol\u00f3gicas en un predio bald\u00edo ubicado en la calle Zacatecas, de la zona centro.<\/p>\n\n\n\n<p>La persona en menci\u00f3n, un hombre de aproximadamente 59 a\u00f1os de edad, fue sorprendido infraganti por elementos asignados en el Centro Hist\u00f3rico, quienes solicitaron la intervenci\u00f3n de la patrulla 203 para que fuera trasladado a las instalaciones de la corporaci\u00f3n o ante el Juez Conciliador Municipal, a fin de que le apliquen la sanci\u00f3n correspondiente, en este caso, por faltas a la moral.<\/p>\n\n\n\n<p>Es oportuno destacar, que el referido predio, generalmente saturado de monte que invade la banqueta, es utilizado como sanitario ocasional y basurero clandestino por peatones.<\/p>\n\n\n\n<p>Por tal motivo, vecinos del sector exhortan al propietario del terreno para que lo bardee o en su defecto lo cerque con alambre de p\u00faas, para que ya no sea utilizado como mingitorio, pues cuando calienta m\u00e1s el sol el hedor nauseabundo se esparce en el sector; adem\u00e1s que causa mala impresi\u00f3n por estar en total abandono e inmediato al primer cuadro de la ciudad.<\/p>\n","protected":false},"excerpt":{"rendered":"<p>Por Salvador Altamirano\/Zunoticia Huejutla, Hgo.- Elementos adscritos a la Secretar\u00eda de Seguridad P\u00fablica Municipal detuvieron la ma\u00f1ana de este mi\u00e9rcoles a una persona, quien realizaba sus necesidades fisiol\u00f3gicas en un predio bald\u00edo ubicado en la calle Zacatecas, de la zona centro. La persona en menci\u00f3n, un hombre de aproximadamente 59 a\u00f1os de edad, fue sorprendido&hellip; <a class=\"more-link\" href=\"https:\/\/www.zunoticia.com\/noticias-de-hidalgo\/2021\/10\/06\/detenido-por-hacer-sus-necesidades-fisiologicas-en-un-predio-baldio\/\">Seguir leyendo <span class=\"screen-reader-text\">Detenido por hacer sus necesidades fisiol\u00f3gicas en un predio bald\u00edo<\/span><\/a><\/p>\n","protected":false},"author":12,"featured_media":396206,"comment_status":"open","ping_status":"open","sticky":false,"template":"","format":"standard","meta":{"rop_custom_images_group":[],"rop_custom_messages_group":[],"rop_publish_now":"initial","rop_publish_now_accounts":{"facebook_10159540855086992_322828327761733":""},"rop_publish_now_history":[],"rop_publish_now_status":"pending","footnotes":""},"categories":[181,178],"tags":[259],"class_list":["post-396204","post","type-post","status-publish","format-standard","has-post-thumbnail","hentry","category-huejutla","category-policiaca","tag-policiaca","entry"],"_links":{"self":[{"href":"https:\/\/www.zunoticia.com\/noticias-de-hidalgo\/wp-json\/wp\/v2\/posts\/396204","targetHints":{"allow":["GET"]}}],"collection":[{"href":"https:\/\/www.zunoticia.com\/noticias-de-hidalgo\/wp-json\/wp\/v2\/posts"}],"about":[{"href":"https:\/\/www.zunoticia.com\/noticias-de-hidalgo\/wp-json\/wp\/v2\/types\/post"}],"author":[{"embeddable":true,"href":"https:\/\/www.zunoticia.com\/noticias-de-hidalgo\/wp-json\/wp\/v2\/users\/12"}],"replies":[{"embeddable":true,"href":"https:\/\/www.zunoticia.com\/noticias-de-hidalgo\/wp-json\/wp\/v2\/comments?post=396204"}],"version-history":[{"count":1,"href":"https:\/\/www.zunoticia.com\/noticias-de-hidalgo\/wp-json\/wp\/v2\/posts\/396204\/revisions"}],"predecessor-version":[{"id":396207,"href":"https:\/\/www.zunoticia.com\/noticias-de-hidalgo\/wp-json\/wp\/v2\/posts\/396204\/revisions\/396207"}],"wp:featuredmedia":[{"embeddable":true,"href":"https:\/\/www.zunoticia.com\/noticias-de-hidalgo\/wp-json\/wp\/v2\/media\/396206"}],"wp:attachment":[{"href":"https:\/\/www.zunoticia.com\/noticias-de-hidalgo\/wp-json\/wp\/v2\/media?parent=396204"}],"wp:term":[{"taxonomy":"category","embeddable":true,"href":"https:\/\/www.zunoticia.com\/noticias-de-hidalgo\/wp-json\/wp\/v2\/categories?post=396204"},{"taxonomy":"post_tag","embeddable":true,"href":"https:\/\/www.zunoticia.com\/noticias-de-hidalgo\/wp-json\/wp\/v2\/tags?post=396204"}],"curies":[{"name":"wp","href":"https:\/\/api.w.org\/{rel}","templated":true}]}}