{"id":396208,"date":"2021-10-06T14:41:43","date_gmt":"2021-10-06T19:41:43","guid":{"rendered":"https:\/\/www.zunoticia.com\/noticias-de-hidalgo\/?p=396208"},"modified":"2021-10-06T14:41:44","modified_gmt":"2021-10-06T19:41:44","slug":"desaparece-vecino-de-la-pastora","status":"publish","type":"post","link":"https:\/\/www.zunoticia.com\/noticias-de-hidalgo\/2021\/10\/06\/desaparece-vecino-de-la-pastora\/","title":{"rendered":"Desaparece vecino de La Pastora"},"content":{"rendered":"<aside class=\"mashsb-container mashsb-main mashsb-stretched\"><div class=\"mashsb-box\"><div class=\"mashsb-count mash-large\" style=\"float:left\"><div class=\"counts mashsbcount\">45<\/div><span class=\"mashsb-sharetext\">SHARES<\/span><\/div><div class=\"mashsb-buttons\"><a class=\"mashicon-facebook mash-large mash-center mashsb-noshadow\" href=\"https:\/\/www.facebook.com\/sharer.php?u=https%3A%2F%2Fwww.zunoticia.com%2Fnoticias-de-hidalgo%2F2021%2F10%2F06%2Fdesaparece-vecino-de-la-pastora%2F\" target=\"_top\" rel=\"nofollow\"><span class=\"icon\"><\/span><span class=\"text\">Share<\/span><\/a><a class=\"mashicon-twitter mash-large mash-center mashsb-noshadow\" href=\"https:\/\/twitter.com\/intent\/tweet?text=&amp;url=https:\/\/www.zunoticia.com\/noticias-de-hidalgo\/2021\/10\/06\/desaparece-vecino-de-la-pastora\/\" target=\"_top\" rel=\"nofollow\"><span class=\"icon\"><\/span><span class=\"text\">Tweet<\/span><\/a><div class=\"onoffswitch2 mash-large mashsb-noshadow\" style=\"display:none\"><\/div><\/div>\n            <\/div>\n                <div style=\"clear:both\"><\/div><div class=\"mashsb-toggle-container\"><\/div><\/aside>\n            <!-- Share buttons by mashshare.net - Version: 4.0.47-->\n<p><em>Por Redacci\u00f3n\/Zunoticia<\/em><\/p>\n\n\n\n<p><strong>Huejutla, Hgo.-<\/strong> Vecino de la localidad de La Pastora perteneciente a este municipio, quien se encuentra en calidad de desaparecido, es buscado por sus familiares debido que no saben nada de \u00e9l.<\/p>\n\n\n\n<p>Sebasti\u00e1n Hern\u00e1ndez Hern\u00e1ndez, de 39 a\u00f1os de edad, es el nombre del individuo que est\u00e1 desaparecido y de acuerdo a la informaci\u00f3n proporcionada por sus familiares, este sali\u00f3 a trabajar a Tula, Tamaulipas, sin embargo, por cuestiones de salud presuntamente lo regresaron y llegar\u00eda durante las primeras horas de este mi\u00e9rcoles, pero por motivos hasta el momento desconocidos nunca lleg\u00f3.<\/p>\n\n\n\n<p>Sus parientes solicitan la colaboraci\u00f3n ciudadana para localizarlo, ya que se encuentran muy preocupados por \u00e9l y temen por su integridad f\u00edsica.<\/p>\n\n\n\n<p>Para cualquier informaci\u00f3n que ayude a su ubicaci\u00f3n, la poblaci\u00f3n en general puede llamar a los siguientes n\u00fameros telef\u00f3nicos, 7712162186, 8181817900 o al 7713015481.<\/p>\n","protected":false},"excerpt":{"rendered":"<p>Por Redacci\u00f3n\/Zunoticia Huejutla, Hgo.- Vecino de la localidad de La Pastora perteneciente a este municipio, quien se encuentra en calidad de desaparecido, es buscado por sus familiares debido que no saben nada de \u00e9l. Sebasti\u00e1n Hern\u00e1ndez Hern\u00e1ndez, de 39 a\u00f1os de edad, es el nombre del individuo que est\u00e1 desaparecido y de acuerdo a la&hellip; <a class=\"more-link\" href=\"https:\/\/www.zunoticia.com\/noticias-de-hidalgo\/2021\/10\/06\/desaparece-vecino-de-la-pastora\/\">Seguir leyendo <span class=\"screen-reader-text\">Desaparece vecino de La Pastora<\/span><\/a><\/p>\n","protected":false},"author":12,"featured_media":396205,"comment_status":"open","ping_status":"open","sticky":false,"template":"","format":"standard","meta":{"rop_custom_images_group":[],"rop_custom_messages_group":[],"rop_publish_now":"initial","rop_publish_now_accounts":{"facebook_10159540855086992_322828327761733":""},"rop_publish_now_history":[],"rop_publish_now_status":"pending","footnotes":""},"categories":[181,178],"tags":[259],"class_list":["post-396208","post","type-post","status-publish","format-standard","has-post-thumbnail","hentry","category-huejutla","category-policiaca","tag-policiaca","entry"],"_links":{"self":[{"href":"https:\/\/www.zunoticia.com\/noticias-de-hidalgo\/wp-json\/wp\/v2\/posts\/396208","targetHints":{"allow":["GET"]}}],"collection":[{"href":"https:\/\/www.zunoticia.com\/noticias-de-hidalgo\/wp-json\/wp\/v2\/posts"}],"about":[{"href":"https:\/\/www.zunoticia.com\/noticias-de-hidalgo\/wp-json\/wp\/v2\/types\/post"}],"author":[{"embeddable":true,"href":"https:\/\/www.zunoticia.com\/noticias-de-hidalgo\/wp-json\/wp\/v2\/users\/12"}],"replies":[{"embeddable":true,"href":"https:\/\/www.zunoticia.com\/noticias-de-hidalgo\/wp-json\/wp\/v2\/comments?post=396208"}],"version-history":[{"count":1,"href":"https:\/\/www.zunoticia.com\/noticias-de-hidalgo\/wp-json\/wp\/v2\/posts\/396208\/revisions"}],"predecessor-version":[{"id":396209,"href":"https:\/\/www.zunoticia.com\/noticias-de-hidalgo\/wp-json\/wp\/v2\/posts\/396208\/revisions\/396209"}],"wp:featuredmedia":[{"embeddable":true,"href":"https:\/\/www.zunoticia.com\/noticias-de-hidalgo\/wp-json\/wp\/v2\/media\/396205"}],"wp:attachment":[{"href":"https:\/\/www.zunoticia.com\/noticias-de-hidalgo\/wp-json\/wp\/v2\/media?parent=396208"}],"wp:term":[{"taxonomy":"category","embeddable":true,"href":"https:\/\/www.zunoticia.com\/noticias-de-hidalgo\/wp-json\/wp\/v2\/categories?post=396208"},{"taxonomy":"post_tag","embeddable":true,"href":"https:\/\/www.zunoticia.com\/noticias-de-hidalgo\/wp-json\/wp\/v2\/tags?post=396208"}],"curies":[{"name":"wp","href":"https:\/\/api.w.org\/{rel}","templated":true}]}}