{"id":396210,"date":"2021-10-06T15:19:14","date_gmt":"2021-10-06T20:19:14","guid":{"rendered":"https:\/\/www.zunoticia.com\/noticias-de-hidalgo\/?p=396210"},"modified":"2021-10-06T15:19:15","modified_gmt":"2021-10-06T20:19:15","slug":"muere-exlider-de-ambulantes-por-posible-infarto","status":"publish","type":"post","link":"https:\/\/www.zunoticia.com\/noticias-de-hidalgo\/2021\/10\/06\/muere-exlider-de-ambulantes-por-posible-infarto\/","title":{"rendered":"Muere exl\u00edder de ambulantes por posible infarto"},"content":{"rendered":"<aside class=\"mashsb-container mashsb-main mashsb-stretched\"><div class=\"mashsb-box\"><div class=\"mashsb-count mash-large\" style=\"float:left\"><div class=\"counts mashsbcount\">56<\/div><span class=\"mashsb-sharetext\">SHARES<\/span><\/div><div class=\"mashsb-buttons\"><a class=\"mashicon-facebook mash-large mash-center mashsb-noshadow\" href=\"https:\/\/www.facebook.com\/sharer.php?u=https%3A%2F%2Fwww.zunoticia.com%2Fnoticias-de-hidalgo%2F2021%2F10%2F06%2Fmuere-exlider-de-ambulantes-por-posible-infarto%2F\" target=\"_top\" rel=\"nofollow\"><span class=\"icon\"><\/span><span class=\"text\">Share<\/span><\/a><a class=\"mashicon-twitter mash-large mash-center mashsb-noshadow\" href=\"https:\/\/twitter.com\/intent\/tweet?text=&amp;url=https:\/\/www.zunoticia.com\/noticias-de-hidalgo\/2021\/10\/06\/muere-exlider-de-ambulantes-por-posible-infarto\/\" target=\"_top\" rel=\"nofollow\"><span class=\"icon\"><\/span><span class=\"text\">Tweet<\/span><\/a><div class=\"onoffswitch2 mash-large mashsb-noshadow\" style=\"display:none\"><\/div><\/div>\n            <\/div>\n                <div style=\"clear:both\"><\/div><div class=\"mashsb-toggle-container\"><\/div><\/aside>\n            <!-- Share buttons by mashshare.net - Version: 4.0.47-->\n<p><em>Por Redacci\u00f3n\/Zunoticia<\/em><\/p>\n\n\n\n<p><strong>Huejutla, Hgo.-<\/strong> Por un posible infarto fulminante al coraz\u00f3n, la tarde de este mi\u00e9rcoles falleci\u00f3 el exl\u00edder de los comerciantes ambulantes Arturo L.H.<\/p>\n\n\n\n<p>El comerciante, quien era vecino de la colonia Marcelo Vite de esta ciudad, presuntamente se encontraba comiendo en la casa de su suegro, ubicada en la calle Ni\u00f1os H\u00e9roes de la colonia Flavio Crespo, cuando repentinamente se desvaneci\u00f3 y cay\u00f3 al suelo.<\/p>\n\n\n\n<p>Elementos del Heroico Cuerpo de Bomberos, arribaron al lugar para auxiliar al hombre, sin embargo, no pudieron hacer nada debido a que ya no ten\u00eda signos vitales.<\/p>\n\n\n\n<p>Al sitio arribaron elementos de Seguridad P\u00fablica Municipal, quienes a su vez dieron parte a la agencia del Ministerio P\u00fablico para que tomaran conocimiento de los hechos y se encargaran de realizar las diligencias correspondientes en este tipo de casos.<\/p>\n\n\n\n<figure class=\"wp-block-image size-full\"><img fetchpriority=\"high\" decoding=\"async\" width=\"620\" height=\"364\" src=\"https:\/\/www.zunoticia.com\/noticias-de-hidalgo\/wp-content\/uploads\/2021\/10\/WhatsApp-Image-2021-10-06-at-3.14.50-PM.jpeg\" alt=\"\" class=\"wp-image-396212\" srcset=\"https:\/\/www.zunoticia.com\/noticias-de-hidalgo\/wp-content\/uploads\/2021\/10\/WhatsApp-Image-2021-10-06-at-3.14.50-PM.jpeg 620w, https:\/\/www.zunoticia.com\/noticias-de-hidalgo\/wp-content\/uploads\/2021\/10\/WhatsApp-Image-2021-10-06-at-3.14.50-PM-300x176.jpeg 300w\" sizes=\"(max-width: 620px) 100vw, 620px\" \/><\/figure>\n","protected":false},"excerpt":{"rendered":"<p>Por Redacci\u00f3n\/Zunoticia Huejutla, Hgo.- Por un posible infarto fulminante al coraz\u00f3n, la tarde de este mi\u00e9rcoles falleci\u00f3 el exl\u00edder de los comerciantes ambulantes Arturo L.H. El comerciante, quien era vecino de la colonia Marcelo Vite de esta ciudad, presuntamente se encontraba comiendo en la casa de su suegro, ubicada en la calle Ni\u00f1os H\u00e9roes de&hellip; <a class=\"more-link\" href=\"https:\/\/www.zunoticia.com\/noticias-de-hidalgo\/2021\/10\/06\/muere-exlider-de-ambulantes-por-posible-infarto\/\">Seguir leyendo <span class=\"screen-reader-text\">Muere exl\u00edder de ambulantes por posible infarto<\/span><\/a><\/p>\n","protected":false},"author":12,"featured_media":396211,"comment_status":"open","ping_status":"open","sticky":false,"template":"","format":"standard","meta":{"rop_custom_images_group":[],"rop_custom_messages_group":[],"rop_publish_now":"initial","rop_publish_now_accounts":{"facebook_10159540855086992_322828327761733":""},"rop_publish_now_history":[],"rop_publish_now_status":"pending","footnotes":""},"categories":[181,178],"tags":[259],"class_list":["post-396210","post","type-post","status-publish","format-standard","has-post-thumbnail","hentry","category-huejutla","category-policiaca","tag-policiaca","entry"],"_links":{"self":[{"href":"https:\/\/www.zunoticia.com\/noticias-de-hidalgo\/wp-json\/wp\/v2\/posts\/396210","targetHints":{"allow":["GET"]}}],"collection":[{"href":"https:\/\/www.zunoticia.com\/noticias-de-hidalgo\/wp-json\/wp\/v2\/posts"}],"about":[{"href":"https:\/\/www.zunoticia.com\/noticias-de-hidalgo\/wp-json\/wp\/v2\/types\/post"}],"author":[{"embeddable":true,"href":"https:\/\/www.zunoticia.com\/noticias-de-hidalgo\/wp-json\/wp\/v2\/users\/12"}],"replies":[{"embeddable":true,"href":"https:\/\/www.zunoticia.com\/noticias-de-hidalgo\/wp-json\/wp\/v2\/comments?post=396210"}],"version-history":[{"count":1,"href":"https:\/\/www.zunoticia.com\/noticias-de-hidalgo\/wp-json\/wp\/v2\/posts\/396210\/revisions"}],"predecessor-version":[{"id":396213,"href":"https:\/\/www.zunoticia.com\/noticias-de-hidalgo\/wp-json\/wp\/v2\/posts\/396210\/revisions\/396213"}],"wp:featuredmedia":[{"embeddable":true,"href":"https:\/\/www.zunoticia.com\/noticias-de-hidalgo\/wp-json\/wp\/v2\/media\/396211"}],"wp:attachment":[{"href":"https:\/\/www.zunoticia.com\/noticias-de-hidalgo\/wp-json\/wp\/v2\/media?parent=396210"}],"wp:term":[{"taxonomy":"category","embeddable":true,"href":"https:\/\/www.zunoticia.com\/noticias-de-hidalgo\/wp-json\/wp\/v2\/categories?post=396210"},{"taxonomy":"post_tag","embeddable":true,"href":"https:\/\/www.zunoticia.com\/noticias-de-hidalgo\/wp-json\/wp\/v2\/tags?post=396210"}],"curies":[{"name":"wp","href":"https:\/\/api.w.org\/{rel}","templated":true}]}}