{"id":396991,"date":"2021-10-12T12:38:39","date_gmt":"2021-10-12T17:38:39","guid":{"rendered":"https:\/\/www.zunoticia.com\/noticias-de-hidalgo\/?p=396991"},"modified":"2021-10-12T12:38:41","modified_gmt":"2021-10-12T17:38:41","slug":"conmemoran-dia-de-la-raza","status":"publish","type":"post","link":"https:\/\/www.zunoticia.com\/noticias-de-hidalgo\/2021\/10\/12\/conmemoran-dia-de-la-raza\/","title":{"rendered":"Conmemoran d\u00eda de la raza"},"content":{"rendered":"<aside class=\"mashsb-container mashsb-main mashsb-stretched\"><div class=\"mashsb-box\"><div class=\"mashsb-count mash-large\" style=\"float:left\"><div class=\"counts mashsbcount\">26<\/div><span class=\"mashsb-sharetext\">SHARES<\/span><\/div><div class=\"mashsb-buttons\"><a class=\"mashicon-facebook mash-large mash-center mashsb-noshadow\" href=\"https:\/\/www.facebook.com\/sharer.php?u=https%3A%2F%2Fwww.zunoticia.com%2Fnoticias-de-hidalgo%2F2021%2F10%2F12%2Fconmemoran-dia-de-la-raza%2F\" target=\"_top\" rel=\"nofollow\"><span class=\"icon\"><\/span><span class=\"text\">Share<\/span><\/a><a class=\"mashicon-twitter mash-large mash-center mashsb-noshadow\" href=\"https:\/\/twitter.com\/intent\/tweet?text=&amp;url=https:\/\/www.zunoticia.com\/noticias-de-hidalgo\/2021\/10\/12\/conmemoran-dia-de-la-raza\/\" target=\"_top\" rel=\"nofollow\"><span class=\"icon\"><\/span><span class=\"text\">Tweet<\/span><\/a><div class=\"onoffswitch2 mash-large mashsb-noshadow\" style=\"display:none\"><\/div><\/div>\n            <\/div>\n                <div style=\"clear:both\"><\/div><div class=\"mashsb-toggle-container\"><\/div><\/aside>\n            <!-- Share buttons by mashshare.net - Version: 4.0.47-->\n<p><em>Por Roberto Meza\/Zunoticia<\/em><\/p>\n\n\n\n<p><strong>Yahualica, Hgo. &#8211;<\/strong> El secretario municipal profesor Yocundo P\u00e9rez Herrera, en representaci\u00f3n del alcalde El\u00edas Sanju\u00e1n, la ma\u00f1ana de este martes encabez\u00f3 la conmemoraci\u00f3n del d\u00eda de la raza, con el izamiento de la bandera nacional.<\/p>\n\n\n\n<p>El evento se desarroll\u00f3 en el patio trasero de la casa edilicia, hasta donde se dieron cita todos los funcionarios para participar en tan importante fecha conmemorativa con motivo de la celebraci\u00f3n de un aniversario m\u00e1s por este episodio de la historia de M\u00e9xico, que es com\u00fanmente conocido como el &#8220;descubrimiento de Am\u00e9rica&#8221;, en el que el navegante genov\u00e9s Crist\u00f3bal Col\u00f3n partiera de Europa con tres barcos y una tripulaci\u00f3n conformada por un centenar de hombres, en busca de la India en 1942.<\/p>\n\n\n\n<p>Al hablar de este tema en el acto, el secretario municipal dijo que, en 2020 el pleno del Senado de la Rep\u00fablica en M\u00e9xico aprob\u00f3 el dictamen por el que se declara el 12 de octubre de cada a\u00f1o, como \u201cel d\u00eda de la naci\u00f3n pluricultural\u201d, a fin de motivar en conocimiento, reconocimiento, valoraci\u00f3n y promoci\u00f3n de la riqueza multicultural, pluri\u00e9tnica y multiling\u00fce que caracteriza a nuestro pa\u00eds.<\/p>\n\n\n\n<p>Por eso agreg\u00f3 que, el gobierno municipal est\u00e1 comprometido con estos valores c\u00edvicos, por eso los impulsa entre las futuras generaciones para que se sigan proyectando.<\/p>\n","protected":false},"excerpt":{"rendered":"<p>Por Roberto Meza\/Zunoticia Yahualica, Hgo. &#8211; El secretario municipal profesor Yocundo P\u00e9rez Herrera, en representaci\u00f3n del alcalde El\u00edas Sanju\u00e1n, la ma\u00f1ana de este martes encabez\u00f3 la conmemoraci\u00f3n del d\u00eda de la raza, con el izamiento de la bandera nacional. El evento se desarroll\u00f3 en el patio trasero de la casa edilicia, hasta donde se dieron&hellip; <a class=\"more-link\" href=\"https:\/\/www.zunoticia.com\/noticias-de-hidalgo\/2021\/10\/12\/conmemoran-dia-de-la-raza\/\">Seguir leyendo <span class=\"screen-reader-text\">Conmemoran d\u00eda de la raza<\/span><\/a><\/p>\n","protected":false},"author":13,"featured_media":396992,"comment_status":"open","ping_status":"open","sticky":false,"template":"","format":"standard","meta":{"rop_custom_images_group":[],"rop_custom_messages_group":[],"rop_publish_now":"initial","rop_publish_now_accounts":{"facebook_10159540855086992_322828327761733":""},"rop_publish_now_history":[],"rop_publish_now_status":"pending","footnotes":""},"categories":[203],"tags":[123],"class_list":["post-396991","post","type-post","status-publish","format-standard","has-post-thumbnail","hentry","category-yahualica","tag-yahualica","entry"],"_links":{"self":[{"href":"https:\/\/www.zunoticia.com\/noticias-de-hidalgo\/wp-json\/wp\/v2\/posts\/396991","targetHints":{"allow":["GET"]}}],"collection":[{"href":"https:\/\/www.zunoticia.com\/noticias-de-hidalgo\/wp-json\/wp\/v2\/posts"}],"about":[{"href":"https:\/\/www.zunoticia.com\/noticias-de-hidalgo\/wp-json\/wp\/v2\/types\/post"}],"author":[{"embeddable":true,"href":"https:\/\/www.zunoticia.com\/noticias-de-hidalgo\/wp-json\/wp\/v2\/users\/13"}],"replies":[{"embeddable":true,"href":"https:\/\/www.zunoticia.com\/noticias-de-hidalgo\/wp-json\/wp\/v2\/comments?post=396991"}],"version-history":[{"count":1,"href":"https:\/\/www.zunoticia.com\/noticias-de-hidalgo\/wp-json\/wp\/v2\/posts\/396991\/revisions"}],"predecessor-version":[{"id":396993,"href":"https:\/\/www.zunoticia.com\/noticias-de-hidalgo\/wp-json\/wp\/v2\/posts\/396991\/revisions\/396993"}],"wp:featuredmedia":[{"embeddable":true,"href":"https:\/\/www.zunoticia.com\/noticias-de-hidalgo\/wp-json\/wp\/v2\/media\/396992"}],"wp:attachment":[{"href":"https:\/\/www.zunoticia.com\/noticias-de-hidalgo\/wp-json\/wp\/v2\/media?parent=396991"}],"wp:term":[{"taxonomy":"category","embeddable":true,"href":"https:\/\/www.zunoticia.com\/noticias-de-hidalgo\/wp-json\/wp\/v2\/categories?post=396991"},{"taxonomy":"post_tag","embeddable":true,"href":"https:\/\/www.zunoticia.com\/noticias-de-hidalgo\/wp-json\/wp\/v2\/tags?post=396991"}],"curies":[{"name":"wp","href":"https:\/\/api.w.org\/{rel}","templated":true}]}}