{"id":397303,"date":"2021-10-14T16:07:45","date_gmt":"2021-10-14T21:07:45","guid":{"rendered":"https:\/\/www.zunoticia.com\/noticias-de-hidalgo\/?p=397303"},"modified":"2021-10-14T16:07:46","modified_gmt":"2021-10-14T21:07:46","slug":"inicio-la-jornada-medica-de-especialidades-en-yahualica","status":"publish","type":"post","link":"https:\/\/www.zunoticia.com\/noticias-de-hidalgo\/2021\/10\/14\/inicio-la-jornada-medica-de-especialidades-en-yahualica\/","title":{"rendered":"Inici\u00f3 la Jornada m\u00e9dica de especialidades en Yahualica"},"content":{"rendered":"<aside class=\"mashsb-container mashsb-main mashsb-stretched\"><div class=\"mashsb-box\"><div class=\"mashsb-count mash-large\" style=\"float:left\"><div class=\"counts mashsbcount\">35<\/div><span class=\"mashsb-sharetext\">SHARES<\/span><\/div><div class=\"mashsb-buttons\"><a class=\"mashicon-facebook mash-large mash-center mashsb-noshadow\" href=\"https:\/\/www.facebook.com\/sharer.php?u=https%3A%2F%2Fwww.zunoticia.com%2Fnoticias-de-hidalgo%2F2021%2F10%2F14%2Finicio-la-jornada-medica-de-especialidades-en-yahualica%2F\" target=\"_top\" rel=\"nofollow\"><span class=\"icon\"><\/span><span class=\"text\">Share<\/span><\/a><a class=\"mashicon-twitter mash-large mash-center mashsb-noshadow\" href=\"https:\/\/twitter.com\/intent\/tweet?text=&amp;url=https:\/\/www.zunoticia.com\/noticias-de-hidalgo\/2021\/10\/14\/inicio-la-jornada-medica-de-especialidades-en-yahualica\/\" target=\"_top\" rel=\"nofollow\"><span class=\"icon\"><\/span><span class=\"text\">Tweet<\/span><\/a><div class=\"onoffswitch2 mash-large mashsb-noshadow\" style=\"display:none\"><\/div><\/div>\n            <\/div>\n                <div style=\"clear:both\"><\/div><div class=\"mashsb-toggle-container\"><\/div><\/aside>\n            <!-- Share buttons by mashshare.net - Version: 4.0.47-->\n<p><em>Por Roberto Meza\/Zunoticia<\/em><\/p>\n\n\n\n<p><strong>Yahualica, Hgo. &#8211;<\/strong> El gobierno municipal que preside El\u00edas Sanju\u00e1n S\u00e1nchez, este jueves acudi\u00f3 a la comunidad de Atlalco para iniciar la jornada m\u00e9dica de especialidades en coordinaci\u00f3n con la Asociaci\u00f3n Civil Efesios; Se busca con ello atender a toda la gente de esa cordillera y de otros municipios.<\/p>\n\n\n\n<p>Al iniciar este evento, el representante de la asociaci\u00f3n explic\u00f3 al presidente municipal cada uno de los stands con los que cuentan, como es el \u00e1rea de oftalmolog\u00eda, medicina general, acupunturista, quiropr\u00e1cticos y dentistas; esta jornada de medicina de especialidades estar\u00e1 los d\u00edas jueves, viernes y s\u00e1bado. En el acto tambi\u00e9n estuvo Bertha Tovar Fuentes, encargada de la direcci\u00f3n de Gobernaci\u00f3n del distrito tres.<\/p>\n\n\n\n<p>El presidente municipal al participar en tan importante acto dijo agradecer a todos los integrantes de esta Asociaci\u00f3n Civil Efesios \u201cpor venir a servir a nuestra poblaci\u00f3n de Yahualica con esta brigada m\u00e9dica, todos sabemos que en estos momentos nuestra necesidad m\u00e1s sentida es la salud, creo que es lo mejor que podemos hacer para nuestra gente, y agradecer a ellos, a su equipo de trabajo y las autoridades de Atlalco que estamos trabajando con todos los de esta cordillera&#8221;.<\/p>\n\n\n\n<figure class=\"wp-block-image size-large\"><img fetchpriority=\"high\" decoding=\"async\" width=\"1024\" height=\"576\" src=\"https:\/\/www.zunoticia.com\/noticias-de-hidalgo\/wp-content\/uploads\/2021\/10\/WhatsApp-Image-2021-10-14-at-4.03.12-PM-2-1024x576.jpeg\" alt=\"\" class=\"wp-image-397305\" srcset=\"https:\/\/www.zunoticia.com\/noticias-de-hidalgo\/wp-content\/uploads\/2021\/10\/WhatsApp-Image-2021-10-14-at-4.03.12-PM-2-1024x576.jpeg 1024w, https:\/\/www.zunoticia.com\/noticias-de-hidalgo\/wp-content\/uploads\/2021\/10\/WhatsApp-Image-2021-10-14-at-4.03.12-PM-2-300x169.jpeg 300w, https:\/\/www.zunoticia.com\/noticias-de-hidalgo\/wp-content\/uploads\/2021\/10\/WhatsApp-Image-2021-10-14-at-4.03.12-PM-2-768x432.jpeg 768w, https:\/\/www.zunoticia.com\/noticias-de-hidalgo\/wp-content\/uploads\/2021\/10\/WhatsApp-Image-2021-10-14-at-4.03.12-PM-2.jpeg 1032w\" sizes=\"(max-width: 1024px) 100vw, 1024px\" \/><\/figure>\n\n\n\n<p>As\u00ed mismo, el edil puntualiz\u00f3, &#8220;estamos invitando a que asistan a esta jornada m\u00e9dica que se realiza, es totalmente gratuita y como autoridades contribuimos a lo que nos corresponde, ya que sabemos que a un dentista o un oftalm\u00f3logo no lo tenemos tan f\u00e1cilmente por la econom\u00eda que no se cuenta en este municipio; Hoy agradecer a la comunidad m\u00e9dica por traernos estos servicios hasta Yahualica, muy cercano a la gente; agradecer al pastor que trae esos servicios a la poblaci\u00f3n&#8221;.<\/p>\n\n\n\n<p>Por \u00faltimo, el presidente municipal dijo que, estos servicios son gratuitos, al mismo tiempo comunic\u00f3 que est\u00e1n apoyando en todo a los integrantes de este gremio con la alimentaci\u00f3n, hospedaje y vigilancia en la galera p\u00fablica de Atlalco.<\/p>\n","protected":false},"excerpt":{"rendered":"<p>Por Roberto Meza\/Zunoticia Yahualica, Hgo. &#8211; El gobierno municipal que preside El\u00edas Sanju\u00e1n S\u00e1nchez, este jueves acudi\u00f3 a la comunidad de Atlalco para iniciar la jornada m\u00e9dica de especialidades en coordinaci\u00f3n con la Asociaci\u00f3n Civil Efesios; Se busca con ello atender a toda la gente de esa cordillera y de otros municipios. Al iniciar este&hellip; <a class=\"more-link\" href=\"https:\/\/www.zunoticia.com\/noticias-de-hidalgo\/2021\/10\/14\/inicio-la-jornada-medica-de-especialidades-en-yahualica\/\">Seguir leyendo <span class=\"screen-reader-text\">Inici\u00f3 la Jornada m\u00e9dica de especialidades en Yahualica<\/span><\/a><\/p>\n","protected":false},"author":12,"featured_media":397304,"comment_status":"open","ping_status":"open","sticky":false,"template":"","format":"standard","meta":{"rop_custom_images_group":[],"rop_custom_messages_group":[],"rop_publish_now":"initial","rop_publish_now_accounts":{"facebook_10159540855086992_322828327761733":""},"rop_publish_now_history":[],"rop_publish_now_status":"pending","footnotes":""},"categories":[179,203],"tags":[123],"class_list":["post-397303","post","type-post","status-publish","format-standard","has-post-thumbnail","hentry","category-huasteca","category-yahualica","tag-yahualica","entry"],"_links":{"self":[{"href":"https:\/\/www.zunoticia.com\/noticias-de-hidalgo\/wp-json\/wp\/v2\/posts\/397303","targetHints":{"allow":["GET"]}}],"collection":[{"href":"https:\/\/www.zunoticia.com\/noticias-de-hidalgo\/wp-json\/wp\/v2\/posts"}],"about":[{"href":"https:\/\/www.zunoticia.com\/noticias-de-hidalgo\/wp-json\/wp\/v2\/types\/post"}],"author":[{"embeddable":true,"href":"https:\/\/www.zunoticia.com\/noticias-de-hidalgo\/wp-json\/wp\/v2\/users\/12"}],"replies":[{"embeddable":true,"href":"https:\/\/www.zunoticia.com\/noticias-de-hidalgo\/wp-json\/wp\/v2\/comments?post=397303"}],"version-history":[{"count":1,"href":"https:\/\/www.zunoticia.com\/noticias-de-hidalgo\/wp-json\/wp\/v2\/posts\/397303\/revisions"}],"predecessor-version":[{"id":397306,"href":"https:\/\/www.zunoticia.com\/noticias-de-hidalgo\/wp-json\/wp\/v2\/posts\/397303\/revisions\/397306"}],"wp:featuredmedia":[{"embeddable":true,"href":"https:\/\/www.zunoticia.com\/noticias-de-hidalgo\/wp-json\/wp\/v2\/media\/397304"}],"wp:attachment":[{"href":"https:\/\/www.zunoticia.com\/noticias-de-hidalgo\/wp-json\/wp\/v2\/media?parent=397303"}],"wp:term":[{"taxonomy":"category","embeddable":true,"href":"https:\/\/www.zunoticia.com\/noticias-de-hidalgo\/wp-json\/wp\/v2\/categories?post=397303"},{"taxonomy":"post_tag","embeddable":true,"href":"https:\/\/www.zunoticia.com\/noticias-de-hidalgo\/wp-json\/wp\/v2\/tags?post=397303"}],"curies":[{"name":"wp","href":"https:\/\/api.w.org\/{rel}","templated":true}]}}