{"id":398329,"date":"2021-10-21T18:47:10","date_gmt":"2021-10-21T23:47:10","guid":{"rendered":"https:\/\/www.zunoticia.com\/noticias-de-hidalgo\/?p=398329"},"modified":"2021-10-21T18:47:12","modified_gmt":"2021-10-21T23:47:12","slug":"revive-comercio-con-ventas-por-temporada","status":"publish","type":"post","link":"https:\/\/www.zunoticia.com\/noticias-de-hidalgo\/2021\/10\/21\/revive-comercio-con-ventas-por-temporada\/","title":{"rendered":"Revive comercio con ventas por temporada"},"content":{"rendered":"<aside class=\"mashsb-container mashsb-main mashsb-stretched\"><div class=\"mashsb-box\"><div class=\"mashsb-count mash-large\" style=\"float:left\"><div class=\"counts mashsbcount\">37<\/div><span class=\"mashsb-sharetext\">SHARES<\/span><\/div><div class=\"mashsb-buttons\"><a class=\"mashicon-facebook mash-large mash-center mashsb-noshadow\" href=\"https:\/\/www.facebook.com\/sharer.php?u=https%3A%2F%2Fwww.zunoticia.com%2Fnoticias-de-hidalgo%2F2021%2F10%2F21%2Frevive-comercio-con-ventas-por-temporada%2F\" target=\"_top\" rel=\"nofollow\"><span class=\"icon\"><\/span><span class=\"text\">Share<\/span><\/a><a class=\"mashicon-twitter mash-large mash-center mashsb-noshadow\" href=\"https:\/\/twitter.com\/intent\/tweet?text=&amp;url=https:\/\/www.zunoticia.com\/noticias-de-hidalgo\/2021\/10\/21\/revive-comercio-con-ventas-por-temporada\/\" target=\"_top\" rel=\"nofollow\"><span class=\"icon\"><\/span><span class=\"text\">Tweet<\/span><\/a><div class=\"onoffswitch2 mash-large mashsb-noshadow\" style=\"display:none\"><\/div><\/div>\n            <\/div>\n                <div style=\"clear:both\"><\/div><div class=\"mashsb-toggle-container\"><\/div><\/aside>\n            <!-- Share buttons by mashshare.net - Version: 4.0.47-->\n<p><em>Por \u00c1ngel Silverio\/Zunoticia<\/em><\/p>\n\n\n\n<p><strong>Jaltoc\u00e1n, Hgo. &#8211;<\/strong> Con gran algarab\u00eda, y previendo el repunte de la actividad comercial, se llev\u00f3 a cabo el tradicional d\u00eda de plaza en este municipio, donde comerciantes aseguraron que habr\u00e1 una mejor\u00eda en sus ganancias gracias a las fechas de las fiestas del Xantolo, esperando as\u00ed el inicio de una mejor temporada de fin de a\u00f1o.<\/p>\n\n\n\n<p>Desde muy temprana hora, el representante del comercio en esta demarcaci\u00f3n, Lucio Romero Hern\u00e1ndez, se\u00f1al\u00f3 que la reactivaci\u00f3n econ\u00f3mica se ha comenzado a vivir en las \u00faltimas horas, pues a diferencia de hace casi dos a\u00f1os el comercio nuevamente vuelve a tener vida como antes.<\/p>\n\n\n\n<p>\u201cAhorita como se ve, tenemos ya la plaza abierta, hay muchos artesanos que vienen de todas las localidades, con esto vemos que la econom\u00eda se est\u00e1 alzando porque ya se aproxima el Xantolo; que es la fiesta m\u00e1s grande, por esa raz\u00f3n es que hay m\u00e1s gente, m\u00e1s compradores tenemos de todo un poco\u201d indic\u00f3.<\/p>\n\n\n\n<p>Respecto a los artesanos, explic\u00f3 que, regresar\u00e1n el pr\u00f3ximo mi\u00e9rcoles -\u201cEstuvieron desde ayer, se hizo la plaza nocturna hoy todo el d\u00eda y se regresan el pr\u00f3ximo mi\u00e9rcoles en la noche, con esto la econom\u00eda est\u00e1 subiendo; se est\u00e1 alzando porque ya por ah\u00ed tenemos un oficio de sem\u00e1foro verde y ahora s\u00ed se est\u00e1n abriendo las plazas y creemos que ser\u00e1 algo mejor estas fiestas del Xantolo\u201d.<\/p>\n","protected":false},"excerpt":{"rendered":"<p>Por \u00c1ngel Silverio\/Zunoticia Jaltoc\u00e1n, Hgo. &#8211; Con gran algarab\u00eda, y previendo el repunte de la actividad comercial, se llev\u00f3 a cabo el tradicional d\u00eda de plaza en este municipio, donde comerciantes aseguraron que habr\u00e1 una mejor\u00eda en sus ganancias gracias a las fechas de las fiestas del Xantolo, esperando as\u00ed el inicio de una mejor&hellip; <a class=\"more-link\" href=\"https:\/\/www.zunoticia.com\/noticias-de-hidalgo\/2021\/10\/21\/revive-comercio-con-ventas-por-temporada\/\">Seguir leyendo <span class=\"screen-reader-text\">Revive comercio con ventas por temporada<\/span><\/a><\/p>\n","protected":false},"author":12,"featured_media":398342,"comment_status":"open","ping_status":"open","sticky":false,"template":"","format":"standard","meta":{"rop_custom_images_group":[],"rop_custom_messages_group":[],"rop_publish_now":"initial","rop_publish_now_accounts":{"facebook_10159540855086992_322828327761733":""},"rop_publish_now_history":[],"rop_publish_now_status":"pending","footnotes":""},"categories":[179,200],"tags":[249],"class_list":["post-398329","post","type-post","status-publish","format-standard","has-post-thumbnail","hentry","category-huasteca","category-jaltocan","tag-jaltocan-2","entry"],"_links":{"self":[{"href":"https:\/\/www.zunoticia.com\/noticias-de-hidalgo\/wp-json\/wp\/v2\/posts\/398329","targetHints":{"allow":["GET"]}}],"collection":[{"href":"https:\/\/www.zunoticia.com\/noticias-de-hidalgo\/wp-json\/wp\/v2\/posts"}],"about":[{"href":"https:\/\/www.zunoticia.com\/noticias-de-hidalgo\/wp-json\/wp\/v2\/types\/post"}],"author":[{"embeddable":true,"href":"https:\/\/www.zunoticia.com\/noticias-de-hidalgo\/wp-json\/wp\/v2\/users\/12"}],"replies":[{"embeddable":true,"href":"https:\/\/www.zunoticia.com\/noticias-de-hidalgo\/wp-json\/wp\/v2\/comments?post=398329"}],"version-history":[{"count":1,"href":"https:\/\/www.zunoticia.com\/noticias-de-hidalgo\/wp-json\/wp\/v2\/posts\/398329\/revisions"}],"predecessor-version":[{"id":398343,"href":"https:\/\/www.zunoticia.com\/noticias-de-hidalgo\/wp-json\/wp\/v2\/posts\/398329\/revisions\/398343"}],"wp:featuredmedia":[{"embeddable":true,"href":"https:\/\/www.zunoticia.com\/noticias-de-hidalgo\/wp-json\/wp\/v2\/media\/398342"}],"wp:attachment":[{"href":"https:\/\/www.zunoticia.com\/noticias-de-hidalgo\/wp-json\/wp\/v2\/media?parent=398329"}],"wp:term":[{"taxonomy":"category","embeddable":true,"href":"https:\/\/www.zunoticia.com\/noticias-de-hidalgo\/wp-json\/wp\/v2\/categories?post=398329"},{"taxonomy":"post_tag","embeddable":true,"href":"https:\/\/www.zunoticia.com\/noticias-de-hidalgo\/wp-json\/wp\/v2\/tags?post=398329"}],"curies":[{"name":"wp","href":"https:\/\/api.w.org\/{rel}","templated":true}]}}