{"id":400567,"date":"2021-11-07T17:46:41","date_gmt":"2021-11-07T23:46:41","guid":{"rendered":"https:\/\/www.zunoticia.com\/noticias-de-hidalgo\/?p=400567"},"modified":"2021-11-07T17:46:42","modified_gmt":"2021-11-07T23:46:42","slug":"nino-se-quemo-con-fuego-pirotecnico","status":"publish","type":"post","link":"https:\/\/www.zunoticia.com\/noticias-de-hidalgo\/2021\/11\/07\/nino-se-quemo-con-fuego-pirotecnico\/","title":{"rendered":"Ni\u00f1o se quem\u00f3 con fuego pirot\u00e9cnico"},"content":{"rendered":"<aside class=\"mashsb-container mashsb-main mashsb-stretched\"><div class=\"mashsb-box\"><div class=\"mashsb-count mash-large\" style=\"float:left\"><div class=\"counts mashsbcount\">112<\/div><span class=\"mashsb-sharetext\">SHARES<\/span><\/div><div class=\"mashsb-buttons\"><a class=\"mashicon-facebook mash-large mash-center mashsb-noshadow\" href=\"https:\/\/www.facebook.com\/sharer.php?u=https%3A%2F%2Fwww.zunoticia.com%2Fnoticias-de-hidalgo%2F2021%2F11%2F07%2Fnino-se-quemo-con-fuego-pirotecnico%2F\" target=\"_top\" rel=\"nofollow\"><span class=\"icon\"><\/span><span class=\"text\">Share<\/span><\/a><a class=\"mashicon-twitter mash-large mash-center mashsb-noshadow\" href=\"https:\/\/twitter.com\/intent\/tweet?text=&amp;url=https:\/\/www.zunoticia.com\/noticias-de-hidalgo\/2021\/11\/07\/nino-se-quemo-con-fuego-pirotecnico\/\" target=\"_top\" rel=\"nofollow\"><span class=\"icon\"><\/span><span class=\"text\">Tweet<\/span><\/a><div class=\"onoffswitch2 mash-large mashsb-noshadow\" style=\"display:none\"><\/div><\/div>\n            <\/div>\n                <div style=\"clear:both\"><\/div><div class=\"mashsb-toggle-container\"><\/div><\/aside>\n            <!-- Share buttons by mashshare.net - Version: 4.0.47-->\n<p><em>Por Redacci\u00f3n\/Zunoticia<\/em><\/p>\n\n\n\n<p><strong>Huazalingo, Hgo.-<\/strong> Un menor de edad de este municipio al estar maniobrando fuegos pirot\u00e9cnicos se quem\u00f3 la mano derecha, por lo que de emergencia fue traslado al centro de salud por sus familiares para que recibiera atenci\u00f3n m\u00e9dica urgente.<\/p>\n\n\n\n<p>Se trata del infante A.C.H., de 7 a\u00f1os de edad, quien se encontraba quemando estos artefactos en compa\u00f1\u00eda de otros ni\u00f1os, en donde al parecer por el descuido de sus padres y el desconocimiento en la manipulaci\u00f3n del artefacto, le explot\u00f3 en la mano ocasion\u00e1ndole quemaduras de primer grado, por lo que de inmediato sus progenitores lo llevaron a la cl\u00ednica en menci\u00f3n para sus atenciones m\u00e9dicas.<\/p>\n\n\n\n<p>Tras ser valorado el infante solo tuvo quemaduras de primer grado que no ponen en riesgo su integridad f\u00edsica. Elementos de Protecci\u00f3n Civil piden a los padres de familia que tengan m\u00e1s cuidado con los ni\u00f1os, que eviten que quemen estos artefactos, para que no ocurran este tipo de situaciones, que puedieran ser fatales.<\/p>\n","protected":false},"excerpt":{"rendered":"<p>Por Redacci\u00f3n\/Zunoticia Huazalingo, Hgo.- Un menor de edad de este municipio al estar maniobrando fuegos pirot\u00e9cnicos se quem\u00f3 la mano derecha, por lo que de emergencia fue traslado al centro de salud por sus familiares para que recibiera atenci\u00f3n m\u00e9dica urgente. Se trata del infante A.C.H., de 7 a\u00f1os de edad, quien se encontraba quemando&hellip; <a class=\"more-link\" href=\"https:\/\/www.zunoticia.com\/noticias-de-hidalgo\/2021\/11\/07\/nino-se-quemo-con-fuego-pirotecnico\/\">Seguir leyendo <span class=\"screen-reader-text\">Ni\u00f1o se quem\u00f3 con fuego pirot\u00e9cnico<\/span><\/a><\/p>\n","protected":false},"author":12,"featured_media":400571,"comment_status":"open","ping_status":"open","sticky":false,"template":"","format":"standard","meta":{"rop_custom_images_group":[],"rop_custom_messages_group":[],"rop_publish_now":"initial","rop_publish_now_accounts":{"facebook_10159540855086992_322828327761733":""},"rop_publish_now_history":[],"rop_publish_now_status":"pending","footnotes":""},"categories":[179,212,178],"tags":[259],"class_list":["post-400567","post","type-post","status-publish","format-standard","has-post-thumbnail","hentry","category-huasteca","category-huazalingo","category-policiaca","tag-policiaca","entry"],"_links":{"self":[{"href":"https:\/\/www.zunoticia.com\/noticias-de-hidalgo\/wp-json\/wp\/v2\/posts\/400567","targetHints":{"allow":["GET"]}}],"collection":[{"href":"https:\/\/www.zunoticia.com\/noticias-de-hidalgo\/wp-json\/wp\/v2\/posts"}],"about":[{"href":"https:\/\/www.zunoticia.com\/noticias-de-hidalgo\/wp-json\/wp\/v2\/types\/post"}],"author":[{"embeddable":true,"href":"https:\/\/www.zunoticia.com\/noticias-de-hidalgo\/wp-json\/wp\/v2\/users\/12"}],"replies":[{"embeddable":true,"href":"https:\/\/www.zunoticia.com\/noticias-de-hidalgo\/wp-json\/wp\/v2\/comments?post=400567"}],"version-history":[{"count":1,"href":"https:\/\/www.zunoticia.com\/noticias-de-hidalgo\/wp-json\/wp\/v2\/posts\/400567\/revisions"}],"predecessor-version":[{"id":400572,"href":"https:\/\/www.zunoticia.com\/noticias-de-hidalgo\/wp-json\/wp\/v2\/posts\/400567\/revisions\/400572"}],"wp:featuredmedia":[{"embeddable":true,"href":"https:\/\/www.zunoticia.com\/noticias-de-hidalgo\/wp-json\/wp\/v2\/media\/400571"}],"wp:attachment":[{"href":"https:\/\/www.zunoticia.com\/noticias-de-hidalgo\/wp-json\/wp\/v2\/media?parent=400567"}],"wp:term":[{"taxonomy":"category","embeddable":true,"href":"https:\/\/www.zunoticia.com\/noticias-de-hidalgo\/wp-json\/wp\/v2\/categories?post=400567"},{"taxonomy":"post_tag","embeddable":true,"href":"https:\/\/www.zunoticia.com\/noticias-de-hidalgo\/wp-json\/wp\/v2\/tags?post=400567"}],"curies":[{"name":"wp","href":"https:\/\/api.w.org\/{rel}","templated":true}]}}