{"id":400579,"date":"2021-11-07T19:19:21","date_gmt":"2021-11-08T01:19:21","guid":{"rendered":"https:\/\/www.zunoticia.com\/noticias-de-hidalgo\/?p=400579"},"modified":"2021-11-07T19:19:22","modified_gmt":"2021-11-08T01:19:22","slug":"desaparece-huejutlense-y-acompanante","status":"publish","type":"post","link":"https:\/\/www.zunoticia.com\/noticias-de-hidalgo\/2021\/11\/07\/desaparece-huejutlense-y-acompanante\/","title":{"rendered":"Desaparece huejutlense y acompa\u00f1ante"},"content":{"rendered":"<aside class=\"mashsb-container mashsb-main mashsb-stretched\"><div class=\"mashsb-box\"><div class=\"mashsb-count mash-large\" style=\"float:left\"><div class=\"counts mashsbcount\">288<\/div><span class=\"mashsb-sharetext\">SHARES<\/span><\/div><div class=\"mashsb-buttons\"><a class=\"mashicon-facebook mash-large mash-center mashsb-noshadow\" href=\"https:\/\/www.facebook.com\/sharer.php?u=https%3A%2F%2Fwww.zunoticia.com%2Fnoticias-de-hidalgo%2F2021%2F11%2F07%2Fdesaparece-huejutlense-y-acompanante%2F\" target=\"_top\" rel=\"nofollow\"><span class=\"icon\"><\/span><span class=\"text\">Share<\/span><\/a><a class=\"mashicon-twitter mash-large mash-center mashsb-noshadow\" href=\"https:\/\/twitter.com\/intent\/tweet?text=&amp;url=https:\/\/www.zunoticia.com\/noticias-de-hidalgo\/2021\/11\/07\/desaparece-huejutlense-y-acompanante\/\" target=\"_top\" rel=\"nofollow\"><span class=\"icon\"><\/span><span class=\"text\">Tweet<\/span><\/a><div class=\"onoffswitch2 mash-large mashsb-noshadow\" style=\"display:none\"><\/div><\/div>\n            <\/div>\n                <div style=\"clear:both\"><\/div><div class=\"mashsb-toggle-container\"><\/div><\/aside>\n            <!-- Share buttons by mashshare.net - Version: 4.0.47-->\n<p><em>Por Redacci\u00f3n\/Zunoticia<\/em><\/p>\n\n\n\n<p><strong>Huejutla, Hgo.-<\/strong> Una persona originaria de la ciudad de Huejutla se encuentra en calidad de desaparecida junto a su acompa\u00f1ante, quienes viajaban en un veh\u00edculo de carga pesada y un autom\u00f3vil particular.<\/p>\n\n\n\n<figure class=\"wp-block-image size-large\"><img fetchpriority=\"high\" decoding=\"async\" width=\"1024\" height=\"769\" src=\"https:\/\/www.zunoticia.com\/noticias-de-hidalgo\/wp-content\/uploads\/2021\/11\/WhatsApp-Image-2021-11-07-at-7.02.32-PM-1-1024x769.jpeg\" alt=\"\" class=\"wp-image-400581\" srcset=\"https:\/\/www.zunoticia.com\/noticias-de-hidalgo\/wp-content\/uploads\/2021\/11\/WhatsApp-Image-2021-11-07-at-7.02.32-PM-1-1024x769.jpeg 1024w, https:\/\/www.zunoticia.com\/noticias-de-hidalgo\/wp-content\/uploads\/2021\/11\/WhatsApp-Image-2021-11-07-at-7.02.32-PM-1-300x225.jpeg 300w, https:\/\/www.zunoticia.com\/noticias-de-hidalgo\/wp-content\/uploads\/2021\/11\/WhatsApp-Image-2021-11-07-at-7.02.32-PM-1-768x577.jpeg 768w, https:\/\/www.zunoticia.com\/noticias-de-hidalgo\/wp-content\/uploads\/2021\/11\/WhatsApp-Image-2021-11-07-at-7.02.32-PM-1.jpeg 1080w\" sizes=\"(max-width: 1024px) 100vw, 1024px\" \/><\/figure>\n\n\n\n<figure class=\"wp-block-image size-large\"><img decoding=\"async\" width=\"768\" height=\"1024\" src=\"https:\/\/www.zunoticia.com\/noticias-de-hidalgo\/wp-content\/uploads\/2021\/11\/WhatsApp-Image-2021-11-07-at-7.02.31-PM-768x1024.jpeg\" alt=\"\" class=\"wp-image-400584\" srcset=\"https:\/\/www.zunoticia.com\/noticias-de-hidalgo\/wp-content\/uploads\/2021\/11\/WhatsApp-Image-2021-11-07-at-7.02.31-PM-768x1024.jpeg 768w, https:\/\/www.zunoticia.com\/noticias-de-hidalgo\/wp-content\/uploads\/2021\/11\/WhatsApp-Image-2021-11-07-at-7.02.31-PM-225x300.jpeg 225w, https:\/\/www.zunoticia.com\/noticias-de-hidalgo\/wp-content\/uploads\/2021\/11\/WhatsApp-Image-2021-11-07-at-7.02.31-PM.jpeg 960w\" sizes=\"(max-width: 768px) 100vw, 768px\" \/><\/figure>\n\n\n\n<p>Los hechos ocurrieron desde el pasado viernes 5 de noviembre cuando una persona del sexo masculino que se dirig\u00eda al estado de Nuevo Le\u00f3n desapareci\u00f3 junto a su acompa\u00f1ante cuando circulaban abordo de un tr\u00e1iler de la marca Freightliner color blanco y un autom\u00f3vil de la marca Peugeot color blanco alrededor de las 16:00 horas sobre el tramo carretero Laredo \u2013 An\u00e1huac, ejido el progreso en Nuevo Laredo, Tamaulipas.<\/p>\n\n\n\n<figure class=\"wp-block-image size-large\"><img decoding=\"async\" width=\"1024\" height=\"769\" src=\"https:\/\/www.zunoticia.com\/noticias-de-hidalgo\/wp-content\/uploads\/2021\/11\/WhatsApp-Image-2021-11-07-at-7.02.32-PM-1024x769.jpeg\" alt=\"\" class=\"wp-image-400582\" srcset=\"https:\/\/www.zunoticia.com\/noticias-de-hidalgo\/wp-content\/uploads\/2021\/11\/WhatsApp-Image-2021-11-07-at-7.02.32-PM-1024x769.jpeg 1024w, https:\/\/www.zunoticia.com\/noticias-de-hidalgo\/wp-content\/uploads\/2021\/11\/WhatsApp-Image-2021-11-07-at-7.02.32-PM-300x225.jpeg 300w, https:\/\/www.zunoticia.com\/noticias-de-hidalgo\/wp-content\/uploads\/2021\/11\/WhatsApp-Image-2021-11-07-at-7.02.32-PM-768x577.jpeg 768w, https:\/\/www.zunoticia.com\/noticias-de-hidalgo\/wp-content\/uploads\/2021\/11\/WhatsApp-Image-2021-11-07-at-7.02.32-PM.jpeg 1080w\" sizes=\"(max-width: 1024px) 100vw, 1024px\" \/><\/figure>\n\n\n\n<p>El huejutlense es identificado como Geovany Hern\u00e1ndez Rodr\u00edguez de 46 a\u00f1os de edad con domicilio en la colonia Barrio Arriba, as\u00ed mismo, la Fiscal\u00eda General de Justicia del Estado de Tamaulipas ya emiti\u00f3 la ficha de b\u00fasqueda, de igual manera, familiares del hidalguense piden el apoyo de la ciudadan\u00eda en general para dar con el paradero de los dos hombres y los veh\u00edculos, ya que temen que algo malo pueda sucederles.<\/p>\n\n\n\n<figure class=\"wp-block-image size-large\"><img loading=\"lazy\" decoding=\"async\" width=\"776\" height=\"1024\" src=\"https:\/\/www.zunoticia.com\/noticias-de-hidalgo\/wp-content\/uploads\/2021\/11\/WhatsApp-Image-2021-11-07-at-7.02.33-PM-776x1024.jpeg\" alt=\"\" class=\"wp-image-400583\" srcset=\"https:\/\/www.zunoticia.com\/noticias-de-hidalgo\/wp-content\/uploads\/2021\/11\/WhatsApp-Image-2021-11-07-at-7.02.33-PM-776x1024.jpeg 776w, https:\/\/www.zunoticia.com\/noticias-de-hidalgo\/wp-content\/uploads\/2021\/11\/WhatsApp-Image-2021-11-07-at-7.02.33-PM-227x300.jpeg 227w, https:\/\/www.zunoticia.com\/noticias-de-hidalgo\/wp-content\/uploads\/2021\/11\/WhatsApp-Image-2021-11-07-at-7.02.33-PM-768x1014.jpeg 768w, https:\/\/www.zunoticia.com\/noticias-de-hidalgo\/wp-content\/uploads\/2021\/11\/WhatsApp-Image-2021-11-07-at-7.02.33-PM.jpeg 988w\" sizes=\"(max-width: 776px) 100vw, 776px\" \/><\/figure>\n\n\n\n<p>Cualquier informaci\u00f3n comunicarse al 911 o al 8343186150.<\/p>\n","protected":false},"excerpt":{"rendered":"<p>Por Redacci\u00f3n\/Zunoticia Huejutla, Hgo.- Una persona originaria de la ciudad de Huejutla se encuentra en calidad de desaparecida junto a su acompa\u00f1ante, quienes viajaban en un veh\u00edculo de carga pesada y un autom\u00f3vil particular. Los hechos ocurrieron desde el pasado viernes 5 de noviembre cuando una persona del sexo masculino que se dirig\u00eda al estado&hellip; <a class=\"more-link\" href=\"https:\/\/www.zunoticia.com\/noticias-de-hidalgo\/2021\/11\/07\/desaparece-huejutlense-y-acompanante\/\">Seguir leyendo <span class=\"screen-reader-text\">Desaparece huejutlense y acompa\u00f1ante<\/span><\/a><\/p>\n","protected":false},"author":12,"featured_media":400580,"comment_status":"open","ping_status":"open","sticky":false,"template":"","format":"standard","meta":{"rop_custom_images_group":[],"rop_custom_messages_group":[],"rop_publish_now":"initial","rop_publish_now_accounts":{"facebook_10159540855086992_322828327761733":""},"rop_publish_now_history":[],"rop_publish_now_status":"pending","footnotes":""},"categories":[181,178],"tags":[259],"class_list":["post-400579","post","type-post","status-publish","format-standard","has-post-thumbnail","hentry","category-huejutla","category-policiaca","tag-policiaca","entry"],"_links":{"self":[{"href":"https:\/\/www.zunoticia.com\/noticias-de-hidalgo\/wp-json\/wp\/v2\/posts\/400579","targetHints":{"allow":["GET"]}}],"collection":[{"href":"https:\/\/www.zunoticia.com\/noticias-de-hidalgo\/wp-json\/wp\/v2\/posts"}],"about":[{"href":"https:\/\/www.zunoticia.com\/noticias-de-hidalgo\/wp-json\/wp\/v2\/types\/post"}],"author":[{"embeddable":true,"href":"https:\/\/www.zunoticia.com\/noticias-de-hidalgo\/wp-json\/wp\/v2\/users\/12"}],"replies":[{"embeddable":true,"href":"https:\/\/www.zunoticia.com\/noticias-de-hidalgo\/wp-json\/wp\/v2\/comments?post=400579"}],"version-history":[{"count":1,"href":"https:\/\/www.zunoticia.com\/noticias-de-hidalgo\/wp-json\/wp\/v2\/posts\/400579\/revisions"}],"predecessor-version":[{"id":400585,"href":"https:\/\/www.zunoticia.com\/noticias-de-hidalgo\/wp-json\/wp\/v2\/posts\/400579\/revisions\/400585"}],"wp:featuredmedia":[{"embeddable":true,"href":"https:\/\/www.zunoticia.com\/noticias-de-hidalgo\/wp-json\/wp\/v2\/media\/400580"}],"wp:attachment":[{"href":"https:\/\/www.zunoticia.com\/noticias-de-hidalgo\/wp-json\/wp\/v2\/media?parent=400579"}],"wp:term":[{"taxonomy":"category","embeddable":true,"href":"https:\/\/www.zunoticia.com\/noticias-de-hidalgo\/wp-json\/wp\/v2\/categories?post=400579"},{"taxonomy":"post_tag","embeddable":true,"href":"https:\/\/www.zunoticia.com\/noticias-de-hidalgo\/wp-json\/wp\/v2\/tags?post=400579"}],"curies":[{"name":"wp","href":"https:\/\/api.w.org\/{rel}","templated":true}]}}