{"id":403429,"date":"2021-11-26T16:33:19","date_gmt":"2021-11-26T22:33:19","guid":{"rendered":"https:\/\/www.zunoticia.com\/noticias-de-hidalgo\/?p=403429"},"modified":"2021-11-26T16:33:20","modified_gmt":"2021-11-26T22:33:20","slug":"la-secretaria-de-cultura-a-traves-del-inali-presentara-el-libro-intraducibles-en-la-feria-internacional-del-libro","status":"publish","type":"post","link":"https:\/\/www.zunoticia.com\/noticias-de-hidalgo\/2021\/11\/26\/la-secretaria-de-cultura-a-traves-del-inali-presentara-el-libro-intraducibles-en-la-feria-internacional-del-libro\/","title":{"rendered":"La Secretar\u00eda de Cultura, a trav\u00e9s del INALI, presentar\u00e1 el libro \u201cintraducibles\u201d, en la feria internacional del libro"},"content":{"rendered":"<aside class=\"mashsb-container mashsb-main mashsb-stretched\"><div class=\"mashsb-box\"><div class=\"mashsb-count mash-large\" style=\"float:left\"><div class=\"counts mashsbcount\">1<\/div><span class=\"mashsb-sharetext\">SHARES<\/span><\/div><div class=\"mashsb-buttons\"><a class=\"mashicon-facebook mash-large mash-center mashsb-noshadow\" href=\"https:\/\/www.facebook.com\/sharer.php?u=https%3A%2F%2Fwww.zunoticia.com%2Fnoticias-de-hidalgo%2F2021%2F11%2F26%2Fla-secretaria-de-cultura-a-traves-del-inali-presentara-el-libro-intraducibles-en-la-feria-internacional-del-libro%2F\" target=\"_top\" rel=\"nofollow\"><span class=\"icon\"><\/span><span class=\"text\">Share<\/span><\/a><a class=\"mashicon-twitter mash-large mash-center mashsb-noshadow\" href=\"https:\/\/twitter.com\/intent\/tweet?text=&amp;url=https:\/\/www.zunoticia.com\/noticias-de-hidalgo\/2021\/11\/26\/la-secretaria-de-cultura-a-traves-del-inali-presentara-el-libro-intraducibles-en-la-feria-internacional-del-libro\/\" target=\"_top\" rel=\"nofollow\"><span class=\"icon\"><\/span><span class=\"text\">Tweet<\/span><\/a><div class=\"onoffswitch2 mash-large mashsb-noshadow\" style=\"display:none\"><\/div><\/div>\n            <\/div>\n                <div style=\"clear:both\"><\/div><div class=\"mashsb-toggle-container\"><\/div><\/aside>\n            <!-- Share buttons by mashshare.net - Version: 4.0.47-->\n<ul class=\"wp-block-list\"><li>Son palabras escritas en lengua ind\u00edgena que dif\u00edcilmente pueden expresarse en una lengua distinta.<\/li><\/ul>\n\n\n\n<p><em>Por Redacci\u00f3n\/Zunoticia<\/em><\/p>\n\n\n\n<p><strong>Guadalajara, Jal. &#8211;<\/strong> Con el objetivo de difundir la diversidad ling\u00fc\u00edstica del pa\u00eds, a trav\u00e9s de un libro con palabras escritas en lengua ind\u00edgena que dif\u00edcilmente pueden ser expresadas en una lengua distinta, la Secretar\u00eda de Cultura del Gobierno de M\u00e9xico, a trav\u00e9s del Instituto Nacional de Lenguas Ind\u00edgenas (INALI), la oficina de UNESCO en M\u00e9xico, el Instituto Mexicano de Cultura en Houston y el Grupo Santillana, presentar\u00e1n el libro \u201cIntraducibles\u201d, en el marco de la 35 Feria Internacional del Libro de Guadalajara (FIL Guadalajara).<\/p>\n\n\n\n<p>El ejemplar, editado por el INALI, UNESCO y el Grupo Santillana, es un tributo a las y los hablantes de lenguas ind\u00edgenas que con las 68 palabras presentaron una muestra de la riqueza e ingenio de los idiomas de pueblos y comunidades; son palabras que exponen formas diferentes de ver y describir el mundo, que muestran el poder que tienen como parte de los conocimientos que hay en los idiomas.<\/p>\n\n\n\n<p>La obra consta de 160 p\u00e1ginas con las palabras que muestran conceptos \u00fanicos desde la cosmovisi\u00f3n de los pueblos ind\u00edgenas, recopiladas mediante una convocatoria emitida por el INALI en junio del 2020. El objetivo de esta convocatoria fue buscar en las lenguas ind\u00edgenas nacionales esas palabras intraducibles para compilarlas y conformar un libro. El libro incluye tambi\u00e9n ilustraciones con mucha creatividad y poder de s\u00edntesis visual.<\/p>\n\n\n\n<p>En este trabajo, participan hablantes, estudiantes de arte y dise\u00f1o de diversas universidades del pa\u00eds, acompa\u00f1ados de los ilustradores profesionales: Isela Xospa, Mitzy Ju\u00e1rez, Claudia Rueda, Adriana Ben\u00edtez, Maria Kuribrena, Juana Cuevas, Rosa Mar\u00eda Burino, Mauricio G\u00f3mez Morin, P\u00e1jaro Tooj, Rodrigo Morlesin, Alejandro Magallanes, Jennifer Yerkes, Gabriel Meave, Cuauht\u00e9moc Wetzka, Roger Icaza y \u00d3scar Reyes.<\/p>\n\n\n\n<p>La obra ser\u00e1 presentada por Irma Pineda, representante de los pueblos ind\u00edgenas en la Organizaci\u00f3n de las Naciones Unidas (ONU); Rosa Wolpert, Oficial de Educaci\u00f3n de la Oficina de UNESCO en M\u00e9xico; Gabriela Lavalle, Directora del Instituto Mexicano de Cultura en Houston; Alberto Polanco Blanco, Director del Grupo Santillana; Alberto Ruy S\u00e1nchez, escritor y Juan Gregorio Regino, director General INALI.<\/p>\n\n\n\n<p>Cabe precisar que alrededor del mundo existen vocablos que evocan ideas o conceptos propios de una lengua, los cuales son dif\u00edciles de traducir a otra en una sola palabra, por lo que requieren frases completas para transmitir su concepto a cabalidad.<\/p>\n\n\n\n<p>Conocer este tipo de palabras nos permite entender que cada lengua es una manera \u00fanica de interpretar y nombrar el mundo; y nos permite tambi\u00e9n asomarnos con curiosidad y asombro a una forma de ver el mundo que enriquece la propia experiencia de vida.<\/p>\n\n\n\n<p>Con estas acciones que se realizan en coordinaci\u00f3n con la oficina de UNESCO en M\u00e9xico, el Instituto Mexicano de Cultura en Houston y el Grupo Santillana, el INALI contribuye a lo establecido en la Ley General de Derechos Ling\u00fc\u00edsticos de los Pueblos Ind\u00edgenas (LGDLPI), de promover la preservaci\u00f3n, desarrollo y uso de las lenguas ind\u00edgenas nacionales.<\/p>\n","protected":false},"excerpt":{"rendered":"<p>Son palabras escritas en lengua ind\u00edgena que dif\u00edcilmente pueden expresarse en una lengua distinta. Por Redacci\u00f3n\/Zunoticia Guadalajara, Jal. &#8211; Con el objetivo de difundir la diversidad ling\u00fc\u00edstica del pa\u00eds, a trav\u00e9s de un libro con palabras escritas en lengua ind\u00edgena que dif\u00edcilmente pueden ser expresadas en una lengua distinta, la Secretar\u00eda de Cultura del Gobierno&hellip; <a class=\"more-link\" href=\"https:\/\/www.zunoticia.com\/noticias-de-hidalgo\/2021\/11\/26\/la-secretaria-de-cultura-a-traves-del-inali-presentara-el-libro-intraducibles-en-la-feria-internacional-del-libro\/\">Seguir leyendo <span class=\"screen-reader-text\">La Secretar\u00eda de Cultura, a trav\u00e9s del INALI, presentar\u00e1 el libro \u201cintraducibles\u201d, en la feria internacional del libro<\/span><\/a><\/p>\n","protected":false},"author":12,"featured_media":403430,"comment_status":"open","ping_status":"open","sticky":false,"template":"","format":"standard","meta":{"rop_custom_images_group":[],"rop_custom_messages_group":[],"rop_publish_now":"initial","rop_publish_now_accounts":{"facebook_10159540855086992_322828327761733":""},"rop_publish_now_history":[],"rop_publish_now_status":"pending","footnotes":""},"categories":[218],"tags":[217],"class_list":["post-403429","post","type-post","status-publish","format-standard","has-post-thumbnail","hentry","category-nacional","tag-nacional","entry"],"_links":{"self":[{"href":"https:\/\/www.zunoticia.com\/noticias-de-hidalgo\/wp-json\/wp\/v2\/posts\/403429","targetHints":{"allow":["GET"]}}],"collection":[{"href":"https:\/\/www.zunoticia.com\/noticias-de-hidalgo\/wp-json\/wp\/v2\/posts"}],"about":[{"href":"https:\/\/www.zunoticia.com\/noticias-de-hidalgo\/wp-json\/wp\/v2\/types\/post"}],"author":[{"embeddable":true,"href":"https:\/\/www.zunoticia.com\/noticias-de-hidalgo\/wp-json\/wp\/v2\/users\/12"}],"replies":[{"embeddable":true,"href":"https:\/\/www.zunoticia.com\/noticias-de-hidalgo\/wp-json\/wp\/v2\/comments?post=403429"}],"version-history":[{"count":1,"href":"https:\/\/www.zunoticia.com\/noticias-de-hidalgo\/wp-json\/wp\/v2\/posts\/403429\/revisions"}],"predecessor-version":[{"id":403431,"href":"https:\/\/www.zunoticia.com\/noticias-de-hidalgo\/wp-json\/wp\/v2\/posts\/403429\/revisions\/403431"}],"wp:featuredmedia":[{"embeddable":true,"href":"https:\/\/www.zunoticia.com\/noticias-de-hidalgo\/wp-json\/wp\/v2\/media\/403430"}],"wp:attachment":[{"href":"https:\/\/www.zunoticia.com\/noticias-de-hidalgo\/wp-json\/wp\/v2\/media?parent=403429"}],"wp:term":[{"taxonomy":"category","embeddable":true,"href":"https:\/\/www.zunoticia.com\/noticias-de-hidalgo\/wp-json\/wp\/v2\/categories?post=403429"},{"taxonomy":"post_tag","embeddable":true,"href":"https:\/\/www.zunoticia.com\/noticias-de-hidalgo\/wp-json\/wp\/v2\/tags?post=403429"}],"curies":[{"name":"wp","href":"https:\/\/api.w.org\/{rel}","templated":true}]}}