{"id":408063,"date":"2022-01-05T17:37:38","date_gmt":"2022-01-05T23:37:38","guid":{"rendered":"https:\/\/www.zunoticia.com\/noticias-de-hidalgo\/?p=408063"},"modified":"2022-01-05T17:37:39","modified_gmt":"2022-01-05T23:37:39","slug":"eligen-delegado-en-la-cabecera-municipal","status":"publish","type":"post","link":"https:\/\/www.zunoticia.com\/noticias-de-hidalgo\/2022\/01\/05\/eligen-delegado-en-la-cabecera-municipal\/","title":{"rendered":"Eligen delegado en la cabecera municipal"},"content":{"rendered":"<aside class=\"mashsb-container mashsb-main mashsb-stretched\"><div class=\"mashsb-box\"><div class=\"mashsb-count mash-large\" style=\"float:left\"><div class=\"counts mashsbcount\">15<\/div><span class=\"mashsb-sharetext\">SHARES<\/span><\/div><div class=\"mashsb-buttons\"><a class=\"mashicon-facebook mash-large mash-center mashsb-noshadow\" href=\"https:\/\/www.facebook.com\/sharer.php?u=https%3A%2F%2Fwww.zunoticia.com%2Fnoticias-de-hidalgo%2F2022%2F01%2F05%2Feligen-delegado-en-la-cabecera-municipal%2F\" target=\"_top\" rel=\"nofollow\"><span class=\"icon\"><\/span><span class=\"text\">Share<\/span><\/a><a class=\"mashicon-twitter mash-large mash-center mashsb-noshadow\" href=\"https:\/\/twitter.com\/intent\/tweet?text=&amp;url=https:\/\/www.zunoticia.com\/noticias-de-hidalgo\/2022\/01\/05\/eligen-delegado-en-la-cabecera-municipal\/\" target=\"_top\" rel=\"nofollow\"><span class=\"icon\"><\/span><span class=\"text\">Tweet<\/span><\/a><div class=\"onoffswitch2 mash-large mashsb-noshadow\" style=\"display:none\"><\/div><\/div>\n            <\/div>\n                <div style=\"clear:both\"><\/div><div class=\"mashsb-toggle-container\"><\/div><\/aside>\n            <!-- Share buttons by mashshare.net - Version: 4.0.47-->\n<p><em>Por Roberto Meza\/Zunoticia<\/em><\/p>\n\n\n\n<p><strong>Yahualica, Hgo. &#8211;<\/strong> En una asamblea general de vecinos que se llev\u00f3 a cabo en la galera de la cabecera municipal, se eligi\u00f3 al nuevo delegado, en donde por mayor\u00eda decidieron que la elecci\u00f3n fuera por voto directo y de esta manera decidieron.<\/p>\n\n\n\n<p>Estando presente el delegado Manuel Bernardino, se efect\u00fao una asamblea entre todos los vecinos, en donde se tuvieron varias propuestas de aspirantes y tras someterse a la votaci\u00f3n sali\u00f3 elegido el profesor Jos\u00e9 Ignacio Aguado Sanju\u00e1n.<\/p>\n\n\n\n<p>El delegado pidi\u00f3 la unidad de todos los vecinos al mismo tiempo inform\u00f3 que, en este a\u00f1o se tuvieron varios avances en diversos rubros y en este tenor seguir\u00e1n trabajando de la mano con el nuevo delegado, despu\u00e9s de que le entreguen su nombramiento y sello.<\/p>\n\n\n\n<p>El delegado electo pidi\u00f3 el apoyo de los habitantes de esta cabecera municipal, al manifestar que es necesario seguir trabajando para lograr los beneficios que todos requieren.<\/p>\n","protected":false},"excerpt":{"rendered":"<p>Por Roberto Meza\/Zunoticia Yahualica, Hgo. &#8211; En una asamblea general de vecinos que se llev\u00f3 a cabo en la galera de la cabecera municipal, se eligi\u00f3 al nuevo delegado, en donde por mayor\u00eda decidieron que la elecci\u00f3n fuera por voto directo y de esta manera decidieron. Estando presente el delegado Manuel Bernardino, se efect\u00fao una&hellip; <a class=\"more-link\" href=\"https:\/\/www.zunoticia.com\/noticias-de-hidalgo\/2022\/01\/05\/eligen-delegado-en-la-cabecera-municipal\/\">Seguir leyendo <span class=\"screen-reader-text\">Eligen delegado en la cabecera municipal<\/span><\/a><\/p>\n","protected":false},"author":12,"featured_media":408064,"comment_status":"open","ping_status":"open","sticky":false,"template":"","format":"standard","meta":{"rop_custom_images_group":[],"rop_custom_messages_group":[],"rop_publish_now":"initial","rop_publish_now_accounts":{"facebook_10159540855086992_322828327761733":""},"rop_publish_now_history":[],"rop_publish_now_status":"pending","footnotes":""},"categories":[179,203],"tags":[123],"class_list":["post-408063","post","type-post","status-publish","format-standard","has-post-thumbnail","hentry","category-huasteca","category-yahualica","tag-yahualica","entry"],"_links":{"self":[{"href":"https:\/\/www.zunoticia.com\/noticias-de-hidalgo\/wp-json\/wp\/v2\/posts\/408063","targetHints":{"allow":["GET"]}}],"collection":[{"href":"https:\/\/www.zunoticia.com\/noticias-de-hidalgo\/wp-json\/wp\/v2\/posts"}],"about":[{"href":"https:\/\/www.zunoticia.com\/noticias-de-hidalgo\/wp-json\/wp\/v2\/types\/post"}],"author":[{"embeddable":true,"href":"https:\/\/www.zunoticia.com\/noticias-de-hidalgo\/wp-json\/wp\/v2\/users\/12"}],"replies":[{"embeddable":true,"href":"https:\/\/www.zunoticia.com\/noticias-de-hidalgo\/wp-json\/wp\/v2\/comments?post=408063"}],"version-history":[{"count":1,"href":"https:\/\/www.zunoticia.com\/noticias-de-hidalgo\/wp-json\/wp\/v2\/posts\/408063\/revisions"}],"predecessor-version":[{"id":408065,"href":"https:\/\/www.zunoticia.com\/noticias-de-hidalgo\/wp-json\/wp\/v2\/posts\/408063\/revisions\/408065"}],"wp:featuredmedia":[{"embeddable":true,"href":"https:\/\/www.zunoticia.com\/noticias-de-hidalgo\/wp-json\/wp\/v2\/media\/408064"}],"wp:attachment":[{"href":"https:\/\/www.zunoticia.com\/noticias-de-hidalgo\/wp-json\/wp\/v2\/media?parent=408063"}],"wp:term":[{"taxonomy":"category","embeddable":true,"href":"https:\/\/www.zunoticia.com\/noticias-de-hidalgo\/wp-json\/wp\/v2\/categories?post=408063"},{"taxonomy":"post_tag","embeddable":true,"href":"https:\/\/www.zunoticia.com\/noticias-de-hidalgo\/wp-json\/wp\/v2\/tags?post=408063"}],"curies":[{"name":"wp","href":"https:\/\/api.w.org\/{rel}","templated":true}]}}