{"id":410382,"date":"2022-01-22T14:23:42","date_gmt":"2022-01-22T20:23:42","guid":{"rendered":"https:\/\/www.zunoticia.com\/noticias-de-hidalgo\/?p=410382"},"modified":"2022-01-22T14:23:45","modified_gmt":"2022-01-22T20:23:45","slug":"pide-movimiento-indigena-a-autoridades-respetar-la-designacion-de-delegados","status":"publish","type":"post","link":"https:\/\/www.zunoticia.com\/noticias-de-hidalgo\/2022\/01\/22\/pide-movimiento-indigena-a-autoridades-respetar-la-designacion-de-delegados\/","title":{"rendered":"Pide Movimiento Ind\u00edgena a autoridades respetar la designaci\u00f3n de delegados"},"content":{"rendered":"<aside class=\"mashsb-container mashsb-main mashsb-stretched\"><div class=\"mashsb-box\"><div class=\"mashsb-count mash-large\" style=\"float:left\"><div class=\"counts mashsbcount\">33<\/div><span class=\"mashsb-sharetext\">SHARES<\/span><\/div><div class=\"mashsb-buttons\"><a class=\"mashicon-facebook mash-large mash-center mashsb-noshadow\" href=\"https:\/\/www.facebook.com\/sharer.php?u=https%3A%2F%2Fwww.zunoticia.com%2Fnoticias-de-hidalgo%2F2022%2F01%2F22%2Fpide-movimiento-indigena-a-autoridades-respetar-la-designacion-de-delegados%2F\" target=\"_top\" rel=\"nofollow\"><span class=\"icon\"><\/span><span class=\"text\">Share<\/span><\/a><a class=\"mashicon-twitter mash-large mash-center mashsb-noshadow\" href=\"https:\/\/twitter.com\/intent\/tweet?text=&amp;url=https:\/\/www.zunoticia.com\/noticias-de-hidalgo\/2022\/01\/22\/pide-movimiento-indigena-a-autoridades-respetar-la-designacion-de-delegados\/\" target=\"_top\" rel=\"nofollow\"><span class=\"icon\"><\/span><span class=\"text\">Tweet<\/span><\/a><div class=\"onoffswitch2 mash-large mashsb-noshadow\" style=\"display:none\"><\/div><\/div>\n            <\/div>\n                <div style=\"clear:both\"><\/div><div class=\"mashsb-toggle-container\"><\/div><\/aside>\n            <!-- Share buttons by mashshare.net - Version: 4.0.47-->\n<p><em>Por Enedino Hern\u00e1ndez\/Zunoticia<\/em><\/p>\n\n\n\n<p><strong>Huejutla, Hgo. &#8211;<\/strong> El Movimiento Ind\u00edgena Unidos por la Huasteca Hidalguense, pide p\u00fablicamente a las autoridades municipales competentes, respetar la decisi\u00f3n mayoritaria de los vecinos de colonias y comunidades en cuanto a la designaci\u00f3n de los delegados.<\/p>\n\n\n\n<p>Camerino Hern\u00e1ndez, representante del citado movimiento en la regi\u00f3n, se\u00f1al\u00f3 que como ya es una costumbre en cada inicio del a\u00f1o, en pueblos y comunidades de esta regi\u00f3n huasteca hidalguense se lleva a cabo la renovaci\u00f3n de las autoridades delegaciones municipales.<\/p>\n\n\n\n<p>Indic\u00f3 que esta renovaci\u00f3n de las autoridades por colonias y comunidades se aplica generalmente mediante los usos y costumbres, en las asambleas generales de vecinos y autoridades salientes; as\u00ed como el voto directo de la mayor\u00eda de los habitantes.<\/p>\n\n\n\n<figure class=\"wp-block-image size-full\"><img fetchpriority=\"high\" decoding=\"async\" width=\"720\" height=\"540\" src=\"https:\/\/www.zunoticia.com\/noticias-de-hidalgo\/wp-content\/uploads\/2022\/01\/WhatsApp-Image-2022-01-22-at-2.16.36-PM-2.jpeg\" alt=\"\" class=\"wp-image-410384\" srcset=\"https:\/\/www.zunoticia.com\/noticias-de-hidalgo\/wp-content\/uploads\/2022\/01\/WhatsApp-Image-2022-01-22-at-2.16.36-PM-2.jpeg 720w, https:\/\/www.zunoticia.com\/noticias-de-hidalgo\/wp-content\/uploads\/2022\/01\/WhatsApp-Image-2022-01-22-at-2.16.36-PM-2-300x225.jpeg 300w\" sizes=\"(max-width: 720px) 100vw, 720px\" \/><\/figure>\n\n\n\n<p>Subray\u00f3 que una vez electos, estos fungir\u00e1n durante el presente a\u00f1o 2022 como los representantes en cada uno de sus n\u00facleos poblacionales, por todo ello, los integrantes del Comit\u00e9 del Movimiento Ind\u00edgena Unidos por la Huasteca Hidalguense, representados por Camerino Hern\u00e1ndez, hacen un llamado a los ayuntamientos y presidentes municipales de esta zona de Hidalgo, para que reconozcan y respeten la decisi\u00f3n mayoritaria de los vecinos en la elecci\u00f3n de sus autoridades.<\/p>\n\n\n\n<p>Concluy\u00f3, que mantener el respeto por la decisi\u00f3n de la mayor\u00eda de los vecinos har\u00e1 prevalecer la unidad, la tranquilidad y paz social en cada uno de los n\u00facleos poblacionales, colonias y comunidades; ya que de lo contrario si no reconocen la determinaci\u00f3n de las asambleas generales se provocan los conflictos y divisiones en los pueblos.<\/p>\n","protected":false},"excerpt":{"rendered":"<p>Por Enedino Hern\u00e1ndez\/Zunoticia Huejutla, Hgo. &#8211; El Movimiento Ind\u00edgena Unidos por la Huasteca Hidalguense, pide p\u00fablicamente a las autoridades municipales competentes, respetar la decisi\u00f3n mayoritaria de los vecinos de colonias y comunidades en cuanto a la designaci\u00f3n de los delegados. Camerino Hern\u00e1ndez, representante del citado movimiento en la regi\u00f3n, se\u00f1al\u00f3 que como ya es una&hellip; <a class=\"more-link\" href=\"https:\/\/www.zunoticia.com\/noticias-de-hidalgo\/2022\/01\/22\/pide-movimiento-indigena-a-autoridades-respetar-la-designacion-de-delegados\/\">Seguir leyendo <span class=\"screen-reader-text\">Pide Movimiento Ind\u00edgena a autoridades respetar la designaci\u00f3n de delegados<\/span><\/a><\/p>\n","protected":false},"author":12,"featured_media":410383,"comment_status":"open","ping_status":"open","sticky":false,"template":"","format":"standard","meta":{"rop_custom_images_group":[],"rop_custom_messages_group":[],"rop_publish_now":"initial","rop_publish_now_accounts":{"facebook_10159540855086992_322828327761733":""},"rop_publish_now_history":[],"rop_publish_now_status":"pending","footnotes":""},"categories":[181],"tags":[121],"class_list":["post-410382","post","type-post","status-publish","format-standard","has-post-thumbnail","hentry","category-huejutla","tag-huejutla","entry"],"_links":{"self":[{"href":"https:\/\/www.zunoticia.com\/noticias-de-hidalgo\/wp-json\/wp\/v2\/posts\/410382","targetHints":{"allow":["GET"]}}],"collection":[{"href":"https:\/\/www.zunoticia.com\/noticias-de-hidalgo\/wp-json\/wp\/v2\/posts"}],"about":[{"href":"https:\/\/www.zunoticia.com\/noticias-de-hidalgo\/wp-json\/wp\/v2\/types\/post"}],"author":[{"embeddable":true,"href":"https:\/\/www.zunoticia.com\/noticias-de-hidalgo\/wp-json\/wp\/v2\/users\/12"}],"replies":[{"embeddable":true,"href":"https:\/\/www.zunoticia.com\/noticias-de-hidalgo\/wp-json\/wp\/v2\/comments?post=410382"}],"version-history":[{"count":1,"href":"https:\/\/www.zunoticia.com\/noticias-de-hidalgo\/wp-json\/wp\/v2\/posts\/410382\/revisions"}],"predecessor-version":[{"id":410385,"href":"https:\/\/www.zunoticia.com\/noticias-de-hidalgo\/wp-json\/wp\/v2\/posts\/410382\/revisions\/410385"}],"wp:featuredmedia":[{"embeddable":true,"href":"https:\/\/www.zunoticia.com\/noticias-de-hidalgo\/wp-json\/wp\/v2\/media\/410383"}],"wp:attachment":[{"href":"https:\/\/www.zunoticia.com\/noticias-de-hidalgo\/wp-json\/wp\/v2\/media?parent=410382"}],"wp:term":[{"taxonomy":"category","embeddable":true,"href":"https:\/\/www.zunoticia.com\/noticias-de-hidalgo\/wp-json\/wp\/v2\/categories?post=410382"},{"taxonomy":"post_tag","embeddable":true,"href":"https:\/\/www.zunoticia.com\/noticias-de-hidalgo\/wp-json\/wp\/v2\/tags?post=410382"}],"curies":[{"name":"wp","href":"https:\/\/api.w.org\/{rel}","templated":true}]}}