{"id":410397,"date":"2022-01-22T17:25:43","date_gmt":"2022-01-22T23:25:43","guid":{"rendered":"https:\/\/www.zunoticia.com\/noticias-de-hidalgo\/?p=410397"},"modified":"2022-01-22T17:25:45","modified_gmt":"2022-01-22T23:25:45","slug":"concluyo-satisfactoriamente-la-semana-de-formacion-presbiteral-dimension-academica","status":"publish","type":"post","link":"https:\/\/www.zunoticia.com\/noticias-de-hidalgo\/2022\/01\/22\/concluyo-satisfactoriamente-la-semana-de-formacion-presbiteral-dimension-academica\/","title":{"rendered":"Concluy\u00f3 satisfactoriamente la Semana de formaci\u00f3n presbiteral \u201cDimensi\u00f3n acad\u00e9mica\u201d"},"content":{"rendered":"<aside class=\"mashsb-container mashsb-main mashsb-stretched\"><div class=\"mashsb-box\"><div class=\"mashsb-count mash-large\" style=\"float:left\"><div class=\"counts mashsbcount\">14<\/div><span class=\"mashsb-sharetext\">SHARES<\/span><\/div><div class=\"mashsb-buttons\"><a class=\"mashicon-facebook mash-large mash-center mashsb-noshadow\" href=\"https:\/\/www.facebook.com\/sharer.php?u=https%3A%2F%2Fwww.zunoticia.com%2Fnoticias-de-hidalgo%2F2022%2F01%2F22%2Fconcluyo-satisfactoriamente-la-semana-de-formacion-presbiteral-dimension-academica%2F\" target=\"_top\" rel=\"nofollow\"><span class=\"icon\"><\/span><span class=\"text\">Share<\/span><\/a><a class=\"mashicon-twitter mash-large mash-center mashsb-noshadow\" href=\"https:\/\/twitter.com\/intent\/tweet?text=&amp;url=https:\/\/www.zunoticia.com\/noticias-de-hidalgo\/2022\/01\/22\/concluyo-satisfactoriamente-la-semana-de-formacion-presbiteral-dimension-academica\/\" target=\"_top\" rel=\"nofollow\"><span class=\"icon\"><\/span><span class=\"text\">Tweet<\/span><\/a><div class=\"onoffswitch2 mash-large mashsb-noshadow\" style=\"display:none\"><\/div><\/div>\n            <\/div>\n                <div style=\"clear:both\"><\/div><div class=\"mashsb-toggle-container\"><\/div><\/aside>\n            <!-- Share buttons by mashshare.net - Version: 4.0.47-->\n<p><em>Por Enedino Hern\u00e1ndez\/Zunoticia<\/em><\/p>\n\n\n\n<p><strong>Huejutla, Hgo. &#8211;<\/strong> Con resultados positivos concluy\u00f3 la Semana de formaci\u00f3n permanente presbiteral \u201cDimensi\u00f3n acad\u00e9mica\u201d, la cual se realiz\u00f3 durante los d\u00edas comprendidos del 17 al 21 de enero.<\/p>\n\n\n\n<p>Las actividades fueron coordinadas por el Obispo de la Di\u00f3cesis de Huejutla, Jos\u00e9 Hir\u00e1is Acosta Beltr\u00e1n; y se llevaron a cabo en el Seminario Mayor ante la asistencia de m\u00e1s de 75 sacerdotes, presb\u00edteros y di\u00e1conos de las 44 parroquias.<\/p>\n\n\n\n<p>Es importante se\u00f1alar que la Semana de formaci\u00f3n permanente presbiteral \u201cDimensi\u00f3n acad\u00e9mica\u201d se realiz\u00f3 en los espacios del Seminario Mayor \u201cCristo Rey, as\u00ed como Santa Mar\u00eda de Guadalupe\u201d, ubicado en el municipio de Tlanchinol.<\/p>\n\n\n\n<p>Los cursos de Formaci\u00f3n permanente presbiteral, normalmente son conocidos como Cursos de Actualizaci\u00f3n y generalmente son dirigidos para los sacerdotes, que se celebran anualmente en lo que corresponde a la Di\u00f3cesis de Huejutla.<\/p>\n\n\n\n<figure class=\"wp-block-image size-large\"><img fetchpriority=\"high\" decoding=\"async\" width=\"1024\" height=\"681\" src=\"https:\/\/www.zunoticia.com\/noticias-de-hidalgo\/wp-content\/uploads\/2022\/01\/WhatsApp-Image-2022-01-22-at-5.10.03-PM-5-1024x681.jpeg\" alt=\"\" class=\"wp-image-410399\" srcset=\"https:\/\/www.zunoticia.com\/noticias-de-hidalgo\/wp-content\/uploads\/2022\/01\/WhatsApp-Image-2022-01-22-at-5.10.03-PM-5-1024x681.jpeg 1024w, https:\/\/www.zunoticia.com\/noticias-de-hidalgo\/wp-content\/uploads\/2022\/01\/WhatsApp-Image-2022-01-22-at-5.10.03-PM-5-300x199.jpeg 300w, https:\/\/www.zunoticia.com\/noticias-de-hidalgo\/wp-content\/uploads\/2022\/01\/WhatsApp-Image-2022-01-22-at-5.10.03-PM-5-768x511.jpeg 768w, https:\/\/www.zunoticia.com\/noticias-de-hidalgo\/wp-content\/uploads\/2022\/01\/WhatsApp-Image-2022-01-22-at-5.10.03-PM-5.jpeg 1280w\" sizes=\"(max-width: 1024px) 100vw, 1024px\" \/><\/figure>\n\n\n\n<p>Previo al primer Centenario de la Di\u00f3cesis de Huejutla, durante este 2022 en que se vive el a\u00f1o de la eucarist\u00eda, se decidi\u00f3 profundizar el tema de \u201cLa Eucarist\u00eda, Cristo en su cuerpo y su sangre\u201d, que es el centro y la vida de la Iglesia; adem\u00e1s de analizarse lo elemental del fundamento b\u00edblico, dogm\u00e1tico, can\u00f3nico, lit\u00fargico y pastoral.<\/p>\n","protected":false},"excerpt":{"rendered":"<p>Por Enedino Hern\u00e1ndez\/Zunoticia Huejutla, Hgo. &#8211; Con resultados positivos concluy\u00f3 la Semana de formaci\u00f3n permanente presbiteral \u201cDimensi\u00f3n acad\u00e9mica\u201d, la cual se realiz\u00f3 durante los d\u00edas comprendidos del 17 al 21 de enero. Las actividades fueron coordinadas por el Obispo de la Di\u00f3cesis de Huejutla, Jos\u00e9 Hir\u00e1is Acosta Beltr\u00e1n; y se llevaron a cabo en el&hellip; <a class=\"more-link\" href=\"https:\/\/www.zunoticia.com\/noticias-de-hidalgo\/2022\/01\/22\/concluyo-satisfactoriamente-la-semana-de-formacion-presbiteral-dimension-academica\/\">Seguir leyendo <span class=\"screen-reader-text\">Concluy\u00f3 satisfactoriamente la Semana de formaci\u00f3n presbiteral \u201cDimensi\u00f3n acad\u00e9mica\u201d<\/span><\/a><\/p>\n","protected":false},"author":12,"featured_media":410398,"comment_status":"open","ping_status":"open","sticky":false,"template":"","format":"standard","meta":{"rop_custom_images_group":[],"rop_custom_messages_group":[],"rop_publish_now":"initial","rop_publish_now_accounts":{"facebook_10159540855086992_322828327761733":""},"rop_publish_now_history":[],"rop_publish_now_status":"pending","footnotes":""},"categories":[181],"tags":[121],"class_list":["post-410397","post","type-post","status-publish","format-standard","has-post-thumbnail","hentry","category-huejutla","tag-huejutla","entry"],"_links":{"self":[{"href":"https:\/\/www.zunoticia.com\/noticias-de-hidalgo\/wp-json\/wp\/v2\/posts\/410397","targetHints":{"allow":["GET"]}}],"collection":[{"href":"https:\/\/www.zunoticia.com\/noticias-de-hidalgo\/wp-json\/wp\/v2\/posts"}],"about":[{"href":"https:\/\/www.zunoticia.com\/noticias-de-hidalgo\/wp-json\/wp\/v2\/types\/post"}],"author":[{"embeddable":true,"href":"https:\/\/www.zunoticia.com\/noticias-de-hidalgo\/wp-json\/wp\/v2\/users\/12"}],"replies":[{"embeddable":true,"href":"https:\/\/www.zunoticia.com\/noticias-de-hidalgo\/wp-json\/wp\/v2\/comments?post=410397"}],"version-history":[{"count":1,"href":"https:\/\/www.zunoticia.com\/noticias-de-hidalgo\/wp-json\/wp\/v2\/posts\/410397\/revisions"}],"predecessor-version":[{"id":410400,"href":"https:\/\/www.zunoticia.com\/noticias-de-hidalgo\/wp-json\/wp\/v2\/posts\/410397\/revisions\/410400"}],"wp:featuredmedia":[{"embeddable":true,"href":"https:\/\/www.zunoticia.com\/noticias-de-hidalgo\/wp-json\/wp\/v2\/media\/410398"}],"wp:attachment":[{"href":"https:\/\/www.zunoticia.com\/noticias-de-hidalgo\/wp-json\/wp\/v2\/media?parent=410397"}],"wp:term":[{"taxonomy":"category","embeddable":true,"href":"https:\/\/www.zunoticia.com\/noticias-de-hidalgo\/wp-json\/wp\/v2\/categories?post=410397"},{"taxonomy":"post_tag","embeddable":true,"href":"https:\/\/www.zunoticia.com\/noticias-de-hidalgo\/wp-json\/wp\/v2\/tags?post=410397"}],"curies":[{"name":"wp","href":"https:\/\/api.w.org\/{rel}","templated":true}]}}