{"id":410401,"date":"2022-01-22T17:36:59","date_gmt":"2022-01-22T23:36:59","guid":{"rendered":"https:\/\/www.zunoticia.com\/noticias-de-hidalgo\/?p=410401"},"modified":"2022-01-22T17:36:59","modified_gmt":"2022-01-22T23:36:59","slug":"solicitan-reparacion-de-bache-en-el-boulevard-central","status":"publish","type":"post","link":"https:\/\/www.zunoticia.com\/noticias-de-hidalgo\/2022\/01\/22\/solicitan-reparacion-de-bache-en-el-boulevard-central\/","title":{"rendered":"Solicitan reparaci\u00f3n de bache en el boulevard Central"},"content":{"rendered":"<aside class=\"mashsb-container mashsb-main mashsb-stretched\"><div class=\"mashsb-box\"><div class=\"mashsb-count mash-large\" style=\"float:left\"><div class=\"counts mashsbcount\">13<\/div><span class=\"mashsb-sharetext\">SHARES<\/span><\/div><div class=\"mashsb-buttons\"><a class=\"mashicon-facebook mash-large mash-center mashsb-noshadow\" href=\"https:\/\/www.facebook.com\/sharer.php?u=https%3A%2F%2Fwww.zunoticia.com%2Fnoticias-de-hidalgo%2F2022%2F01%2F22%2Fsolicitan-reparacion-de-bache-en-el-boulevard-central%2F\" target=\"_top\" rel=\"nofollow\"><span class=\"icon\"><\/span><span class=\"text\">Share<\/span><\/a><a class=\"mashicon-twitter mash-large mash-center mashsb-noshadow\" href=\"https:\/\/twitter.com\/intent\/tweet?text=&amp;url=https:\/\/www.zunoticia.com\/noticias-de-hidalgo\/2022\/01\/22\/solicitan-reparacion-de-bache-en-el-boulevard-central\/\" target=\"_top\" rel=\"nofollow\"><span class=\"icon\"><\/span><span class=\"text\">Tweet<\/span><\/a><div class=\"onoffswitch2 mash-large mashsb-noshadow\" style=\"display:none\"><\/div><\/div>\n            <\/div>\n                <div style=\"clear:both\"><\/div><div class=\"mashsb-toggle-container\"><\/div><\/aside>\n            <!-- Share buttons by mashshare.net - Version: 4.0.47-->\n<p><em>Por Salvador Altamirano\/Zunoticia<\/em><\/p>\n\n\n\n<p><strong>Huejutla, Hgo. &#8211;<\/strong> Conductores de la regi\u00f3n, manifestaron que, en el boulevard Central, en el inicio del puente de la carretera federal M\u00e9xico &#8211; Tampico, viniendo del rumbo de Veracruz, hay un bache de considerables proporciones el cual es un peligro latente.<\/p>\n\n\n\n<p>Agregaron que la precitada oquedad estuvo por mucho tiempo sin rehabilitarse, lo cual hicieron hace pocos meses, pero no se repar\u00f3 de manera adecuada, ya que en fecha reciente el hueco volvi\u00f3 a manifestarse por el traj\u00edn constante de unidades motoras.<\/p>\n\n\n\n<p>Quien se identific\u00f3 con el nombre de Diego Valent\u00edn de la Cruz, advirti\u00f3 que el bache cada d\u00eda se va agrandando, por lo que ya representa el riesgo de que alg\u00fan conductor al maniobrar para evitarlo, si es que lo ve de imprevisto, se precipite al barranco del r\u00edo<\/p>\n\n\n\n<p>Para finalizar, subray\u00f3 que &#8220;una advertencia a tiempo es preferible que lamentar un mortal accidente&#8221;, por lo que deben de repararlo de inmediato y no vayan -como se expresa coloquialmente-, a querer tapar el pozo despu\u00e9s de ahogado el ni\u00f1o&#8221;. \u00bfYa para qu\u00e9? -Sentenci\u00f3-<\/p>\n","protected":false},"excerpt":{"rendered":"<p>Por Salvador Altamirano\/Zunoticia Huejutla, Hgo. &#8211; Conductores de la regi\u00f3n, manifestaron que, en el boulevard Central, en el inicio del puente de la carretera federal M\u00e9xico &#8211; Tampico, viniendo del rumbo de Veracruz, hay un bache de considerables proporciones el cual es un peligro latente. Agregaron que la precitada oquedad estuvo por mucho tiempo sin&hellip; <a class=\"more-link\" href=\"https:\/\/www.zunoticia.com\/noticias-de-hidalgo\/2022\/01\/22\/solicitan-reparacion-de-bache-en-el-boulevard-central\/\">Seguir leyendo <span class=\"screen-reader-text\">Solicitan reparaci\u00f3n de bache en el boulevard Central<\/span><\/a><\/p>\n","protected":false},"author":12,"featured_media":410402,"comment_status":"open","ping_status":"open","sticky":false,"template":"","format":"standard","meta":{"rop_custom_images_group":[],"rop_custom_messages_group":[],"rop_publish_now":"initial","rop_publish_now_accounts":{"facebook_10159540855086992_322828327761733":""},"rop_publish_now_history":[],"rop_publish_now_status":"pending","footnotes":""},"categories":[181],"tags":[121],"class_list":["post-410401","post","type-post","status-publish","format-standard","has-post-thumbnail","hentry","category-huejutla","tag-huejutla","entry"],"_links":{"self":[{"href":"https:\/\/www.zunoticia.com\/noticias-de-hidalgo\/wp-json\/wp\/v2\/posts\/410401","targetHints":{"allow":["GET"]}}],"collection":[{"href":"https:\/\/www.zunoticia.com\/noticias-de-hidalgo\/wp-json\/wp\/v2\/posts"}],"about":[{"href":"https:\/\/www.zunoticia.com\/noticias-de-hidalgo\/wp-json\/wp\/v2\/types\/post"}],"author":[{"embeddable":true,"href":"https:\/\/www.zunoticia.com\/noticias-de-hidalgo\/wp-json\/wp\/v2\/users\/12"}],"replies":[{"embeddable":true,"href":"https:\/\/www.zunoticia.com\/noticias-de-hidalgo\/wp-json\/wp\/v2\/comments?post=410401"}],"version-history":[{"count":1,"href":"https:\/\/www.zunoticia.com\/noticias-de-hidalgo\/wp-json\/wp\/v2\/posts\/410401\/revisions"}],"predecessor-version":[{"id":410403,"href":"https:\/\/www.zunoticia.com\/noticias-de-hidalgo\/wp-json\/wp\/v2\/posts\/410401\/revisions\/410403"}],"wp:featuredmedia":[{"embeddable":true,"href":"https:\/\/www.zunoticia.com\/noticias-de-hidalgo\/wp-json\/wp\/v2\/media\/410402"}],"wp:attachment":[{"href":"https:\/\/www.zunoticia.com\/noticias-de-hidalgo\/wp-json\/wp\/v2\/media?parent=410401"}],"wp:term":[{"taxonomy":"category","embeddable":true,"href":"https:\/\/www.zunoticia.com\/noticias-de-hidalgo\/wp-json\/wp\/v2\/categories?post=410401"},{"taxonomy":"post_tag","embeddable":true,"href":"https:\/\/www.zunoticia.com\/noticias-de-hidalgo\/wp-json\/wp\/v2\/tags?post=410401"}],"curies":[{"name":"wp","href":"https:\/\/api.w.org\/{rel}","templated":true}]}}