{"id":410428,"date":"2022-01-22T19:44:07","date_gmt":"2022-01-23T01:44:07","guid":{"rendered":"https:\/\/www.zunoticia.com\/noticias-de-hidalgo\/?p=410428"},"modified":"2022-01-22T19:44:08","modified_gmt":"2022-01-23T01:44:08","slug":"efectuaran-matrimonios-colectivos-con-motivo-del-14-de-febrero","status":"publish","type":"post","link":"https:\/\/www.zunoticia.com\/noticias-de-hidalgo\/2022\/01\/22\/efectuaran-matrimonios-colectivos-con-motivo-del-14-de-febrero\/","title":{"rendered":"Efectuar\u00e1n matrimonios colectivos con motivo del 14 de febrero"},"content":{"rendered":"<aside class=\"mashsb-container mashsb-main mashsb-stretched\"><div class=\"mashsb-box\"><div class=\"mashsb-count mash-large\" style=\"float:left\"><div class=\"counts mashsbcount\">41<\/div><span class=\"mashsb-sharetext\">SHARES<\/span><\/div><div class=\"mashsb-buttons\"><a class=\"mashicon-facebook mash-large mash-center mashsb-noshadow\" href=\"https:\/\/www.facebook.com\/sharer.php?u=https%3A%2F%2Fwww.zunoticia.com%2Fnoticias-de-hidalgo%2F2022%2F01%2F22%2Fefectuaran-matrimonios-colectivos-con-motivo-del-14-de-febrero%2F\" target=\"_top\" rel=\"nofollow\"><span class=\"icon\"><\/span><span class=\"text\">Share<\/span><\/a><a class=\"mashicon-twitter mash-large mash-center mashsb-noshadow\" href=\"https:\/\/twitter.com\/intent\/tweet?text=&amp;url=https:\/\/www.zunoticia.com\/noticias-de-hidalgo\/2022\/01\/22\/efectuaran-matrimonios-colectivos-con-motivo-del-14-de-febrero\/\" target=\"_top\" rel=\"nofollow\"><span class=\"icon\"><\/span><span class=\"text\">Tweet<\/span><\/a><div class=\"onoffswitch2 mash-large mashsb-noshadow\" style=\"display:none\"><\/div><\/div>\n            <\/div>\n                <div style=\"clear:both\"><\/div><div class=\"mashsb-toggle-container\"><\/div><\/aside>\n            <!-- Share buttons by mashshare.net - Version: 4.0.47-->\n<p><em>Por Pedro Luciano\/Zunoticia<\/em><\/p>\n\n\n\n<p><strong>Tlanchinol, Hgo. &#8211;<\/strong> Derivado de la importancia jur\u00eddica que resguarda la instituci\u00f3n del matrimonio en el n\u00facleo familiar, la administraci\u00f3n de Tlanchinol, Hidalgo a trav\u00e9s del Sistema Municipal DIF encabezado por la Lic. Alicia Castro Hern\u00e1ndez en coordinaci\u00f3n con el Registro del estado familiar, coordinar\u00e1n las acciones para llevar a cabo bodas colectivas el lunes 14 de febrero, en conmemoraci\u00f3n del d\u00eda de amor y la amistad.<\/p>\n\n\n\n<p>Esta acci\u00f3n coment\u00f3 el Lic. Juan Carlos Mel\u00e9ndez Butr\u00f3n, subdirector del Sistema Municipal DIF, se efect\u00faa con el principal objetivo de que las parejas que deseen participar, formalicen jur\u00eddicamente su relaci\u00f3n en la institucionalidad del matrimonio para que sean cubiertos con los derechos y obligaciones que de dicha instituci\u00f3n emanen.<\/p>\n\n\n\n<p>De igual forma, coment\u00f3 que las personas que tengan la intenci\u00f3n de participar en las bodas colectivas deber\u00e1n presentar una solicitud por escrito, la cual ser\u00e1 entregada ya sea en las oficinas del Sistema Municipal DIF o en su caso, en el \u00e1rea del Registro familiar del municipio.<\/p>\n\n\n\n<p>Lo anterior, derivado de la existencia de un n\u00famero limitado de parejas participantes; La recepci\u00f3n de documentos requerido se estar\u00e1 efectuando los d\u00edas h\u00e1biles que comprende hasta el 02 de febrero, en un horario de 9:00 am a 4:00 pm.<\/p>\n","protected":false},"excerpt":{"rendered":"<p>Por Pedro Luciano\/Zunoticia Tlanchinol, Hgo. &#8211; Derivado de la importancia jur\u00eddica que resguarda la instituci\u00f3n del matrimonio en el n\u00facleo familiar, la administraci\u00f3n de Tlanchinol, Hidalgo a trav\u00e9s del Sistema Municipal DIF encabezado por la Lic. Alicia Castro Hern\u00e1ndez en coordinaci\u00f3n con el Registro del estado familiar, coordinar\u00e1n las acciones para llevar a cabo bodas&hellip; <a class=\"more-link\" href=\"https:\/\/www.zunoticia.com\/noticias-de-hidalgo\/2022\/01\/22\/efectuaran-matrimonios-colectivos-con-motivo-del-14-de-febrero\/\">Seguir leyendo <span class=\"screen-reader-text\">Efectuar\u00e1n matrimonios colectivos con motivo del 14 de febrero<\/span><\/a><\/p>\n","protected":false},"author":12,"featured_media":410429,"comment_status":"open","ping_status":"open","sticky":false,"template":"","format":"standard","meta":{"rop_custom_images_group":[],"rop_custom_messages_group":[],"rop_publish_now":"initial","rop_publish_now_accounts":{"facebook_10159540855086992_322828327761733":""},"rop_publish_now_history":[],"rop_publish_now_status":"pending","footnotes":""},"categories":[219,201],"tags":[127],"class_list":["post-410428","post","type-post","status-publish","format-standard","has-post-thumbnail","hentry","category-sierra","category-tlanchinol","tag-tlanchinol","entry"],"_links":{"self":[{"href":"https:\/\/www.zunoticia.com\/noticias-de-hidalgo\/wp-json\/wp\/v2\/posts\/410428","targetHints":{"allow":["GET"]}}],"collection":[{"href":"https:\/\/www.zunoticia.com\/noticias-de-hidalgo\/wp-json\/wp\/v2\/posts"}],"about":[{"href":"https:\/\/www.zunoticia.com\/noticias-de-hidalgo\/wp-json\/wp\/v2\/types\/post"}],"author":[{"embeddable":true,"href":"https:\/\/www.zunoticia.com\/noticias-de-hidalgo\/wp-json\/wp\/v2\/users\/12"}],"replies":[{"embeddable":true,"href":"https:\/\/www.zunoticia.com\/noticias-de-hidalgo\/wp-json\/wp\/v2\/comments?post=410428"}],"version-history":[{"count":1,"href":"https:\/\/www.zunoticia.com\/noticias-de-hidalgo\/wp-json\/wp\/v2\/posts\/410428\/revisions"}],"predecessor-version":[{"id":410430,"href":"https:\/\/www.zunoticia.com\/noticias-de-hidalgo\/wp-json\/wp\/v2\/posts\/410428\/revisions\/410430"}],"wp:featuredmedia":[{"embeddable":true,"href":"https:\/\/www.zunoticia.com\/noticias-de-hidalgo\/wp-json\/wp\/v2\/media\/410429"}],"wp:attachment":[{"href":"https:\/\/www.zunoticia.com\/noticias-de-hidalgo\/wp-json\/wp\/v2\/media?parent=410428"}],"wp:term":[{"taxonomy":"category","embeddable":true,"href":"https:\/\/www.zunoticia.com\/noticias-de-hidalgo\/wp-json\/wp\/v2\/categories?post=410428"},{"taxonomy":"post_tag","embeddable":true,"href":"https:\/\/www.zunoticia.com\/noticias-de-hidalgo\/wp-json\/wp\/v2\/tags?post=410428"}],"curies":[{"name":"wp","href":"https:\/\/api.w.org\/{rel}","templated":true}]}}