{"id":410432,"date":"2022-01-22T19:53:35","date_gmt":"2022-01-23T01:53:35","guid":{"rendered":"https:\/\/www.zunoticia.com\/noticias-de-hidalgo\/?p=410432"},"modified":"2022-01-22T19:53:36","modified_gmt":"2022-01-23T01:53:36","slug":"presencia-de-fuertes-lluvias-y-neblina","status":"publish","type":"post","link":"https:\/\/www.zunoticia.com\/noticias-de-hidalgo\/2022\/01\/22\/presencia-de-fuertes-lluvias-y-neblina\/","title":{"rendered":"Presencia de fuertes lluvias y neblina"},"content":{"rendered":"<aside class=\"mashsb-container mashsb-main mashsb-stretched\"><div class=\"mashsb-box\"><div class=\"mashsb-count mash-large\" style=\"float:left\"><div class=\"counts mashsbcount\">29<\/div><span class=\"mashsb-sharetext\">SHARES<\/span><\/div><div class=\"mashsb-buttons\"><a class=\"mashicon-facebook mash-large mash-center mashsb-noshadow\" href=\"https:\/\/www.facebook.com\/sharer.php?u=https%3A%2F%2Fwww.zunoticia.com%2Fnoticias-de-hidalgo%2F2022%2F01%2F22%2Fpresencia-de-fuertes-lluvias-y-neblina%2F\" target=\"_top\" rel=\"nofollow\"><span class=\"icon\"><\/span><span class=\"text\">Share<\/span><\/a><a class=\"mashicon-twitter mash-large mash-center mashsb-noshadow\" href=\"https:\/\/twitter.com\/intent\/tweet?text=&amp;url=https:\/\/www.zunoticia.com\/noticias-de-hidalgo\/2022\/01\/22\/presencia-de-fuertes-lluvias-y-neblina\/\" target=\"_top\" rel=\"nofollow\"><span class=\"icon\"><\/span><span class=\"text\">Tweet<\/span><\/a><div class=\"onoffswitch2 mash-large mashsb-noshadow\" style=\"display:none\"><\/div><\/div>\n            <\/div>\n                <div style=\"clear:both\"><\/div><div class=\"mashsb-toggle-container\"><\/div><\/aside>\n            <!-- Share buttons by mashshare.net - Version: 4.0.47-->\n<p><em>Por Pedro Luciano\/Zunoticia<\/em><\/p>\n\n\n\n<p><strong>Tlanchinol, Hgo. &#8211; <\/strong>Derivado de la entrada del frente fr\u00edo n\u00famero 23 y la masa de aire polar a la huasteca hidalguense, se han presenciado en la zona fuertes lluvias y espesa neblina tanto en las zonas urbanas, as\u00ed como en rurales; de igual forma encontr\u00e1ndose en los diversos caminos y sobre la carretera M\u00e9xico -Tampico, por lo cual autoridades del \u00e1rea de Protecci\u00f3n Civil del municipio de Tlanchinol, aconseja a la poblaci\u00f3n tomar precauciones con respecto a las bajas temperaturas y la dificultad para transitar.<\/p>\n\n\n\n<p>Lo anterior, derivado de la zona monta\u00f1osa en que se ubica el municipio, en donde la presencia de lluvias y neblina representa un peligro para aquellas personas que se trasladan con sus unidades vehiculares sobre las diversas v\u00edas de comunicaci\u00f3n que conectan a Tlanchinol, ya que la falta de visibilidad causada por la neblina, la cinta asf\u00e1ltica mojada y resbalosa ocasionado por las lluvias, son una de las principales causas de accidentes sobre carretera.<\/p>\n\n\n\n<p>Personal de Protecci\u00f3n civil del municipio aconseja a la poblaci\u00f3n en general que no salga a carreteras si no es necesarios y si lo hace tome precauciones al conducir; de igual forma es importante abrigarse, pues se han presentado con dicho frente fr\u00edo y la masa de aire polar, descenso de la temperatura, las cuales pueden llegar a causar complicaciones a la salud.<\/p>\n\n\n\n<p>Concluyeron mencionando que se encontrar\u00e1n alerta y preparados por si se llegar\u00e1n a necesitar sus servicios, por cualquier eventualidad.<\/p>\n","protected":false},"excerpt":{"rendered":"<p>Por Pedro Luciano\/Zunoticia Tlanchinol, Hgo. &#8211; Derivado de la entrada del frente fr\u00edo n\u00famero 23 y la masa de aire polar a la huasteca hidalguense, se han presenciado en la zona fuertes lluvias y espesa neblina tanto en las zonas urbanas, as\u00ed como en rurales; de igual forma encontr\u00e1ndose en los diversos caminos y sobre&hellip; <a class=\"more-link\" href=\"https:\/\/www.zunoticia.com\/noticias-de-hidalgo\/2022\/01\/22\/presencia-de-fuertes-lluvias-y-neblina\/\">Seguir leyendo <span class=\"screen-reader-text\">Presencia de fuertes lluvias y neblina<\/span><\/a><\/p>\n","protected":false},"author":12,"featured_media":410433,"comment_status":"open","ping_status":"open","sticky":false,"template":"","format":"standard","meta":{"rop_custom_images_group":[],"rop_custom_messages_group":[],"rop_publish_now":"initial","rop_publish_now_accounts":{"facebook_10159540855086992_322828327761733":""},"rop_publish_now_history":[],"rop_publish_now_status":"pending","footnotes":""},"categories":[219,201],"tags":[127],"class_list":["post-410432","post","type-post","status-publish","format-standard","has-post-thumbnail","hentry","category-sierra","category-tlanchinol","tag-tlanchinol","entry"],"_links":{"self":[{"href":"https:\/\/www.zunoticia.com\/noticias-de-hidalgo\/wp-json\/wp\/v2\/posts\/410432","targetHints":{"allow":["GET"]}}],"collection":[{"href":"https:\/\/www.zunoticia.com\/noticias-de-hidalgo\/wp-json\/wp\/v2\/posts"}],"about":[{"href":"https:\/\/www.zunoticia.com\/noticias-de-hidalgo\/wp-json\/wp\/v2\/types\/post"}],"author":[{"embeddable":true,"href":"https:\/\/www.zunoticia.com\/noticias-de-hidalgo\/wp-json\/wp\/v2\/users\/12"}],"replies":[{"embeddable":true,"href":"https:\/\/www.zunoticia.com\/noticias-de-hidalgo\/wp-json\/wp\/v2\/comments?post=410432"}],"version-history":[{"count":1,"href":"https:\/\/www.zunoticia.com\/noticias-de-hidalgo\/wp-json\/wp\/v2\/posts\/410432\/revisions"}],"predecessor-version":[{"id":410434,"href":"https:\/\/www.zunoticia.com\/noticias-de-hidalgo\/wp-json\/wp\/v2\/posts\/410432\/revisions\/410434"}],"wp:featuredmedia":[{"embeddable":true,"href":"https:\/\/www.zunoticia.com\/noticias-de-hidalgo\/wp-json\/wp\/v2\/media\/410433"}],"wp:attachment":[{"href":"https:\/\/www.zunoticia.com\/noticias-de-hidalgo\/wp-json\/wp\/v2\/media?parent=410432"}],"wp:term":[{"taxonomy":"category","embeddable":true,"href":"https:\/\/www.zunoticia.com\/noticias-de-hidalgo\/wp-json\/wp\/v2\/categories?post=410432"},{"taxonomy":"post_tag","embeddable":true,"href":"https:\/\/www.zunoticia.com\/noticias-de-hidalgo\/wp-json\/wp\/v2\/tags?post=410432"}],"curies":[{"name":"wp","href":"https:\/\/api.w.org\/{rel}","templated":true}]}}