{"id":412080,"date":"2022-02-03T12:51:49","date_gmt":"2022-02-03T18:51:49","guid":{"rendered":"https:\/\/www.zunoticia.com\/noticias-de-hidalgo\/?p=412080"},"modified":"2022-02-03T13:03:08","modified_gmt":"2022-02-03T19:03:08","slug":"alcalde-y-fundacion-efecios-llevan-jornada-medica-de-especialidades","status":"publish","type":"post","link":"https:\/\/www.zunoticia.com\/noticias-de-hidalgo\/2022\/02\/03\/alcalde-y-fundacion-efecios-llevan-jornada-medica-de-especialidades\/","title":{"rendered":"Alcalde y fundaci\u00f3n Efesios llevan Jornada m\u00e9dica de especialidades"},"content":{"rendered":"<aside class=\"mashsb-container mashsb-main mashsb-stretched\"><div class=\"mashsb-box\"><div class=\"mashsb-count mash-large\" style=\"float:left\"><div class=\"counts mashsbcount\">62<\/div><span class=\"mashsb-sharetext\">SHARES<\/span><\/div><div class=\"mashsb-buttons\"><a class=\"mashicon-facebook mash-large mash-center mashsb-noshadow\" href=\"https:\/\/www.facebook.com\/sharer.php?u=https%3A%2F%2Fwww.zunoticia.com%2Fnoticias-de-hidalgo%2F2022%2F02%2F03%2Falcalde-y-fundacion-efecios-llevan-jornada-medica-de-especialidades%2F\" target=\"_top\" rel=\"nofollow\"><span class=\"icon\"><\/span><span class=\"text\">Share<\/span><\/a><a class=\"mashicon-twitter mash-large mash-center mashsb-noshadow\" href=\"https:\/\/twitter.com\/intent\/tweet?text=&amp;url=https:\/\/www.zunoticia.com\/noticias-de-hidalgo\/2022\/02\/03\/alcalde-y-fundacion-efecios-llevan-jornada-medica-de-especialidades\/\" target=\"_top\" rel=\"nofollow\"><span class=\"icon\"><\/span><span class=\"text\">Tweet<\/span><\/a><div class=\"onoffswitch2 mash-large mashsb-noshadow\" style=\"display:none\"><\/div><\/div>\n            <\/div>\n                <div style=\"clear:both\"><\/div><div class=\"mashsb-toggle-container\"><\/div><\/aside>\n            <!-- Share buttons by mashshare.net - Version: 4.0.47-->\n<p><em>Por Roberto Meza\/Zunoticia<\/em><\/p>\n\n\n\n<p><strong>Yahualica, Hgo. &#8211;<\/strong> El presidente municipal El\u00edas Sanju\u00e1n S\u00e1nchez, teniendo como prioridad la salud de la gente, en coordinaci\u00f3n con la asociaci\u00f3n Efesios llevan a cabo la jornada m\u00e9dica de especialidades en la comunidad de Mecatl\u00e1n, hasta donde llegaron los especialistas para atender a toda la gente de los diversos pueblos.<br>La inauguraci\u00f3n de esta jornada m\u00e9dica fue este jueves, en la galera del COBAEH de la localidad de Mecatl\u00e1n, en donde estuvo el presidente municipal El\u00edas Sanju\u00e1n S\u00e1nchez, el pastor Diego Gracia, responsable de los especialistas, integrantes de la asamblea municipal y autoridades ejidales delegacionales.<\/p>\n\n\n\n<figure class=\"wp-block-image size-large\"><img fetchpriority=\"high\" decoding=\"async\" width=\"1024\" height=\"576\" src=\"https:\/\/www.zunoticia.com\/noticias-de-hidalgo\/wp-content\/uploads\/2022\/02\/IMG-20220203-WA0027-1024x576.jpg\" alt=\"\" class=\"wp-image-412082\" srcset=\"https:\/\/www.zunoticia.com\/noticias-de-hidalgo\/wp-content\/uploads\/2022\/02\/IMG-20220203-WA0027-1024x576.jpg 1024w, https:\/\/www.zunoticia.com\/noticias-de-hidalgo\/wp-content\/uploads\/2022\/02\/IMG-20220203-WA0027-300x169.jpg 300w, https:\/\/www.zunoticia.com\/noticias-de-hidalgo\/wp-content\/uploads\/2022\/02\/IMG-20220203-WA0027-768x432.jpg 768w, https:\/\/www.zunoticia.com\/noticias-de-hidalgo\/wp-content\/uploads\/2022\/02\/IMG-20220203-WA0027.jpg 1032w\" sizes=\"(max-width: 1024px) 100vw, 1024px\" \/><\/figure>\n\n\n\n<p>El edil al enviar su mensaje a los presentes dijo que, la salud de la gente es una prioridad para su gobierno y por eso es que llevan estas jornadas m\u00e9dicas; en esta ocasi\u00f3n se prestar\u00e1n los servicios de ginecolog\u00eda, fisioterapia, odontolog\u00eda, oftalmolog\u00eda y medicina general durante los d\u00eda 3, 4 y 5 de febrero, en un horario de 8:00 de la ma\u00f1ana a 4:00 de la tarde.<\/p>\n","protected":false},"excerpt":{"rendered":"<p>Por Roberto Meza\/Zunoticia Yahualica, Hgo. &#8211; El presidente municipal El\u00edas Sanju\u00e1n S\u00e1nchez, teniendo como prioridad la salud de la gente, en coordinaci\u00f3n con la asociaci\u00f3n Efesios llevan a cabo la jornada m\u00e9dica de especialidades en la comunidad de Mecatl\u00e1n, hasta donde llegaron los especialistas para atender a toda la gente de los diversos pueblos.La inauguraci\u00f3n&hellip; <a class=\"more-link\" href=\"https:\/\/www.zunoticia.com\/noticias-de-hidalgo\/2022\/02\/03\/alcalde-y-fundacion-efecios-llevan-jornada-medica-de-especialidades\/\">Seguir leyendo <span class=\"screen-reader-text\">Alcalde y fundaci\u00f3n Efesios llevan Jornada m\u00e9dica de especialidades<\/span><\/a><\/p>\n","protected":false},"author":12,"featured_media":412081,"comment_status":"open","ping_status":"open","sticky":false,"template":"","format":"standard","meta":{"rop_custom_images_group":[],"rop_custom_messages_group":[],"rop_publish_now":"initial","rop_publish_now_accounts":{"facebook_10159540855086992_322828327761733":""},"rop_publish_now_history":[],"rop_publish_now_status":"pending","footnotes":""},"categories":[179,203],"tags":[123],"class_list":["post-412080","post","type-post","status-publish","format-standard","has-post-thumbnail","hentry","category-huasteca","category-yahualica","tag-yahualica","entry"],"_links":{"self":[{"href":"https:\/\/www.zunoticia.com\/noticias-de-hidalgo\/wp-json\/wp\/v2\/posts\/412080","targetHints":{"allow":["GET"]}}],"collection":[{"href":"https:\/\/www.zunoticia.com\/noticias-de-hidalgo\/wp-json\/wp\/v2\/posts"}],"about":[{"href":"https:\/\/www.zunoticia.com\/noticias-de-hidalgo\/wp-json\/wp\/v2\/types\/post"}],"author":[{"embeddable":true,"href":"https:\/\/www.zunoticia.com\/noticias-de-hidalgo\/wp-json\/wp\/v2\/users\/12"}],"replies":[{"embeddable":true,"href":"https:\/\/www.zunoticia.com\/noticias-de-hidalgo\/wp-json\/wp\/v2\/comments?post=412080"}],"version-history":[{"count":2,"href":"https:\/\/www.zunoticia.com\/noticias-de-hidalgo\/wp-json\/wp\/v2\/posts\/412080\/revisions"}],"predecessor-version":[{"id":412086,"href":"https:\/\/www.zunoticia.com\/noticias-de-hidalgo\/wp-json\/wp\/v2\/posts\/412080\/revisions\/412086"}],"wp:featuredmedia":[{"embeddable":true,"href":"https:\/\/www.zunoticia.com\/noticias-de-hidalgo\/wp-json\/wp\/v2\/media\/412081"}],"wp:attachment":[{"href":"https:\/\/www.zunoticia.com\/noticias-de-hidalgo\/wp-json\/wp\/v2\/media?parent=412080"}],"wp:term":[{"taxonomy":"category","embeddable":true,"href":"https:\/\/www.zunoticia.com\/noticias-de-hidalgo\/wp-json\/wp\/v2\/categories?post=412080"},{"taxonomy":"post_tag","embeddable":true,"href":"https:\/\/www.zunoticia.com\/noticias-de-hidalgo\/wp-json\/wp\/v2\/tags?post=412080"}],"curies":[{"name":"wp","href":"https:\/\/api.w.org\/{rel}","templated":true}]}}