{"id":413071,"date":"2022-02-10T22:45:03","date_gmt":"2022-02-11T04:45:03","guid":{"rendered":"https:\/\/www.zunoticia.com\/noticias-de-hidalgo\/?p=413071"},"modified":"2022-02-10T22:45:04","modified_gmt":"2022-02-11T04:45:04","slug":"carolina-viggiano-se-reunio-con-los-priistas-de-yahualica","status":"publish","type":"post","link":"https:\/\/www.zunoticia.com\/noticias-de-hidalgo\/2022\/02\/10\/carolina-viggiano-se-reunio-con-los-priistas-de-yahualica\/","title":{"rendered":"Carolina Viggiano, se reuni\u00f3 con los pri\u00edstas de Yahualica"},"content":{"rendered":"<aside class=\"mashsb-container mashsb-main mashsb-stretched\"><div class=\"mashsb-box\"><div class=\"mashsb-count mash-large\" style=\"float:left\"><div class=\"counts mashsbcount\">60<\/div><span class=\"mashsb-sharetext\">SHARES<\/span><\/div><div class=\"mashsb-buttons\"><a class=\"mashicon-facebook mash-large mash-center mashsb-noshadow\" href=\"https:\/\/www.facebook.com\/sharer.php?u=https%3A%2F%2Fwww.zunoticia.com%2Fnoticias-de-hidalgo%2F2022%2F02%2F10%2Fcarolina-viggiano-se-reunio-con-los-priistas-de-yahualica%2F\" target=\"_top\" rel=\"nofollow\"><span class=\"icon\"><\/span><span class=\"text\">Share<\/span><\/a><a class=\"mashicon-twitter mash-large mash-center mashsb-noshadow\" href=\"https:\/\/twitter.com\/intent\/tweet?text=&amp;url=https:\/\/www.zunoticia.com\/noticias-de-hidalgo\/2022\/02\/10\/carolina-viggiano-se-reunio-con-los-priistas-de-yahualica\/\" target=\"_top\" rel=\"nofollow\"><span class=\"icon\"><\/span><span class=\"text\">Tweet<\/span><\/a><div class=\"onoffswitch2 mash-large mashsb-noshadow\" style=\"display:none\"><\/div><\/div>\n            <\/div>\n                <div style=\"clear:both\"><\/div><div class=\"mashsb-toggle-container\"><\/div><\/aside>\n            <!-- Share buttons by mashshare.net - Version: 4.0.47-->\n<p><em>Por Roberto Meza\/Zunoticia<\/em><\/p>\n\n\n\n<p><strong>Yahualica, Hgo.-<\/strong> La precandidata de la alianza Va por Hidalgo a la Gubernatura, Carolina Viggiano Austria, este jueves se reuni\u00f3 con los pri\u00edstas de Yahualica para enviarles su mensaje en esta precampa\u00f1a que lleva en las diversas regiones de estado; el evento fue en la galera p\u00fablica de la comunidad de Hueyatetl.<\/p>\n\n\n\n<p>En el acto la acompa\u00f1aron distinguidos pri\u00edstas de este municipio como Abelino Bautista Hern\u00e1ndez, dirigente del PRI en Yahualica; Marcelo Torres, entre otras personalidades de este instituto pol\u00edtico. La precandidata de la alianza PRI, PAN y PRD, dijo que son momentos importantes para decidir en el pr\u00f3ximo proceso electoral, sobre todo cuando se trata de defender los intereses del pueblo y en ese sentido se est\u00e1 trabajando.<\/p>\n\n\n\n<figure class=\"wp-block-image size-large\"><img fetchpriority=\"high\" decoding=\"async\" width=\"1024\" height=\"768\" src=\"https:\/\/www.zunoticia.com\/noticias-de-hidalgo\/wp-content\/uploads\/2022\/02\/eZy-Watermark-10-02-2022-10-21-02p.m.-1024x768.jpg\" alt=\"\" class=\"wp-image-413072\" srcset=\"https:\/\/www.zunoticia.com\/noticias-de-hidalgo\/wp-content\/uploads\/2022\/02\/eZy-Watermark-10-02-2022-10-21-02p.m.-1024x768.jpg 1024w, https:\/\/www.zunoticia.com\/noticias-de-hidalgo\/wp-content\/uploads\/2022\/02\/eZy-Watermark-10-02-2022-10-21-02p.m.-300x225.jpg 300w, https:\/\/www.zunoticia.com\/noticias-de-hidalgo\/wp-content\/uploads\/2022\/02\/eZy-Watermark-10-02-2022-10-21-02p.m.-768x576.jpg 768w, https:\/\/www.zunoticia.com\/noticias-de-hidalgo\/wp-content\/uploads\/2022\/02\/eZy-Watermark-10-02-2022-10-21-02p.m.-1536x1152.jpg 1536w, https:\/\/www.zunoticia.com\/noticias-de-hidalgo\/wp-content\/uploads\/2022\/02\/eZy-Watermark-10-02-2022-10-21-02p.m.-1568x1176.jpg 1568w, https:\/\/www.zunoticia.com\/noticias-de-hidalgo\/wp-content\/uploads\/2022\/02\/eZy-Watermark-10-02-2022-10-21-02p.m..jpg 1600w\" sizes=\"(max-width: 1024px) 100vw, 1024px\" \/><\/figure>\n\n\n\n<p>Viggiano Austria, dijo estar muy agradecida con todos los priistas de este municipio, sobre todo por su c\u00e1lido recibimiento, por lo que llam\u00f3 a estar unidos para salir avante en este proceso electoral.<\/p>\n\n\n\n<p>Mientras tanto el dirigente municipal del PRI llam\u00f3 a todos los pri\u00edstas a trabajar en equipo para hacer frente en estas elecciones.<\/p>\n","protected":false},"excerpt":{"rendered":"<p>Por Roberto Meza\/Zunoticia Yahualica, Hgo.- La precandidata de la alianza Va por Hidalgo a la Gubernatura, Carolina Viggiano Austria, este jueves se reuni\u00f3 con los pri\u00edstas de Yahualica para enviarles su mensaje en esta precampa\u00f1a que lleva en las diversas regiones de estado; el evento fue en la galera p\u00fablica de la comunidad de Hueyatetl.&hellip; <a class=\"more-link\" href=\"https:\/\/www.zunoticia.com\/noticias-de-hidalgo\/2022\/02\/10\/carolina-viggiano-se-reunio-con-los-priistas-de-yahualica\/\">Seguir leyendo <span class=\"screen-reader-text\">Carolina Viggiano, se reuni\u00f3 con los pri\u00edstas de Yahualica<\/span><\/a><\/p>\n","protected":false},"author":12,"featured_media":413073,"comment_status":"open","ping_status":"open","sticky":false,"template":"","format":"standard","meta":{"rop_custom_images_group":[],"rop_custom_messages_group":[],"rop_publish_now":"initial","rop_publish_now_accounts":{"facebook_10159540855086992_322828327761733":""},"rop_publish_now_history":[],"rop_publish_now_status":"pending","footnotes":""},"categories":[179,203],"tags":[123],"class_list":["post-413071","post","type-post","status-publish","format-standard","has-post-thumbnail","hentry","category-huasteca","category-yahualica","tag-yahualica","entry"],"_links":{"self":[{"href":"https:\/\/www.zunoticia.com\/noticias-de-hidalgo\/wp-json\/wp\/v2\/posts\/413071","targetHints":{"allow":["GET"]}}],"collection":[{"href":"https:\/\/www.zunoticia.com\/noticias-de-hidalgo\/wp-json\/wp\/v2\/posts"}],"about":[{"href":"https:\/\/www.zunoticia.com\/noticias-de-hidalgo\/wp-json\/wp\/v2\/types\/post"}],"author":[{"embeddable":true,"href":"https:\/\/www.zunoticia.com\/noticias-de-hidalgo\/wp-json\/wp\/v2\/users\/12"}],"replies":[{"embeddable":true,"href":"https:\/\/www.zunoticia.com\/noticias-de-hidalgo\/wp-json\/wp\/v2\/comments?post=413071"}],"version-history":[{"count":1,"href":"https:\/\/www.zunoticia.com\/noticias-de-hidalgo\/wp-json\/wp\/v2\/posts\/413071\/revisions"}],"predecessor-version":[{"id":413074,"href":"https:\/\/www.zunoticia.com\/noticias-de-hidalgo\/wp-json\/wp\/v2\/posts\/413071\/revisions\/413074"}],"wp:featuredmedia":[{"embeddable":true,"href":"https:\/\/www.zunoticia.com\/noticias-de-hidalgo\/wp-json\/wp\/v2\/media\/413073"}],"wp:attachment":[{"href":"https:\/\/www.zunoticia.com\/noticias-de-hidalgo\/wp-json\/wp\/v2\/media?parent=413071"}],"wp:term":[{"taxonomy":"category","embeddable":true,"href":"https:\/\/www.zunoticia.com\/noticias-de-hidalgo\/wp-json\/wp\/v2\/categories?post=413071"},{"taxonomy":"post_tag","embeddable":true,"href":"https:\/\/www.zunoticia.com\/noticias-de-hidalgo\/wp-json\/wp\/v2\/tags?post=413071"}],"curies":[{"name":"wp","href":"https:\/\/api.w.org\/{rel}","templated":true}]}}