{"id":414747,"date":"2022-02-24T15:05:54","date_gmt":"2022-02-24T21:05:54","guid":{"rendered":"https:\/\/www.zunoticia.com\/noticias-de-hidalgo\/?p=414747"},"modified":"2022-02-24T15:05:55","modified_gmt":"2022-02-24T21:05:55","slug":"ayuntamiento-conmemoro-el-dia-de-la-bandera","status":"publish","type":"post","link":"https:\/\/www.zunoticia.com\/noticias-de-hidalgo\/2022\/02\/24\/ayuntamiento-conmemoro-el-dia-de-la-bandera\/","title":{"rendered":"Ayuntamiento conmemor\u00f3 el d\u00eda de La Bandera"},"content":{"rendered":"<aside class=\"mashsb-container mashsb-main mashsb-stretched\"><div class=\"mashsb-box\"><div class=\"mashsb-count mash-large\" style=\"float:left\"><div class=\"counts mashsbcount\">11<\/div><span class=\"mashsb-sharetext\">SHARES<\/span><\/div><div class=\"mashsb-buttons\"><a class=\"mashicon-facebook mash-large mash-center mashsb-noshadow\" href=\"https:\/\/www.facebook.com\/sharer.php?u=https%3A%2F%2Fwww.zunoticia.com%2Fnoticias-de-hidalgo%2F2022%2F02%2F24%2Fayuntamiento-conmemoro-el-dia-de-la-bandera%2F\" target=\"_top\" rel=\"nofollow\"><span class=\"icon\"><\/span><span class=\"text\">Share<\/span><\/a><a class=\"mashicon-twitter mash-large mash-center mashsb-noshadow\" href=\"https:\/\/twitter.com\/intent\/tweet?text=&amp;url=https:\/\/www.zunoticia.com\/noticias-de-hidalgo\/2022\/02\/24\/ayuntamiento-conmemoro-el-dia-de-la-bandera\/\" target=\"_top\" rel=\"nofollow\"><span class=\"icon\"><\/span><span class=\"text\">Tweet<\/span><\/a><div class=\"onoffswitch2 mash-large mashsb-noshadow\" style=\"display:none\"><\/div><\/div>\n            <\/div>\n                <div style=\"clear:both\"><\/div><div class=\"mashsb-toggle-container\"><\/div><\/aside>\n            <!-- Share buttons by mashshare.net - Version: 4.0.47-->\n<p><em>Por Roberto Meza\/Zunoticia<\/em><\/p>\n\n\n\n<p><strong>Yahualica, Hgo. &#8211;<\/strong> Este jueves el ayuntamiento conmemor\u00f3 el 201 aniversario de La Bandera Nacional; el acto c\u00edvico se llev\u00f3 a cabo en el patio trasero del palacio municipal, festejando esta fecha que se celebra a nivel nacional, recordando los or\u00edgenes hist\u00f3ricos del Emblema Nacional, as\u00ed como su importancia para la ciudadan\u00eda.<\/p>\n\n\n\n<p>A trav\u00e9s del \u00e1rea de Educaci\u00f3n, coordinaron estas actividades en donde estuvieron presentes funcionarios municipales e integrantes de la asamblea; fue el secretario, Yocundo P\u00e9rez Herrera, quien encabez\u00f3 dichas actividades.<\/p>\n\n\n\n<p>P\u00e9rez Herrera refiri\u00f3 que esta fecha representa la lucha, el valor, los principios y el origen de todos los mexicanos, como un verdadero s\u00edmbolo patrio que brinda identidad; mencion\u00f3 que la primera Bandera de M\u00e9xico con los colores verde, blanco y rojo, se onde\u00f3 en 1821 despu\u00e9s de que Agust\u00edn de Iturbide y Vicente Guerrero promulgaran el Plan de Iguala y le juraran lealtad.<\/p>\n\n\n\n<figure class=\"wp-block-image size-full\"><img fetchpriority=\"high\" decoding=\"async\" width=\"720\" height=\"480\" src=\"https:\/\/www.zunoticia.com\/noticias-de-hidalgo\/wp-content\/uploads\/2022\/02\/WhatsApp-Image-2022-02-24-at-2.58.04-PM-4.jpeg\" alt=\"\" class=\"wp-image-414749\" srcset=\"https:\/\/www.zunoticia.com\/noticias-de-hidalgo\/wp-content\/uploads\/2022\/02\/WhatsApp-Image-2022-02-24-at-2.58.04-PM-4.jpeg 720w, https:\/\/www.zunoticia.com\/noticias-de-hidalgo\/wp-content\/uploads\/2022\/02\/WhatsApp-Image-2022-02-24-at-2.58.04-PM-4-300x200.jpeg 300w\" sizes=\"(max-width: 720px) 100vw, 720px\" \/><\/figure>\n\n\n\n<p>Agreg\u00f3 que la \u00faltima modificaci\u00f3n se hizo en 1968, cuando el artista Francisco Eppen a\u00f1adiera elementos de origen prehisp\u00e1nico como el nopal con las tunas rojas, dej\u00e1ndola tal y como la conocemos el d\u00eda de hoy. Sin embargo, fue hasta 1940 cuando L\u00e1zaro C\u00e1rdenas oficializa el 24 de febrero como el D\u00eda de la Bandera.<\/p>\n\n\n\n<p>En el acto protocolario se cont\u00f3 con la presencia del cuerpo de polic\u00edas municipales.<\/p>\n","protected":false},"excerpt":{"rendered":"<p>Por Roberto Meza\/Zunoticia Yahualica, Hgo. &#8211; Este jueves el ayuntamiento conmemor\u00f3 el 201 aniversario de La Bandera Nacional; el acto c\u00edvico se llev\u00f3 a cabo en el patio trasero del palacio municipal, festejando esta fecha que se celebra a nivel nacional, recordando los or\u00edgenes hist\u00f3ricos del Emblema Nacional, as\u00ed como su importancia para la ciudadan\u00eda.&hellip; <a class=\"more-link\" href=\"https:\/\/www.zunoticia.com\/noticias-de-hidalgo\/2022\/02\/24\/ayuntamiento-conmemoro-el-dia-de-la-bandera\/\">Seguir leyendo <span class=\"screen-reader-text\">Ayuntamiento conmemor\u00f3 el d\u00eda de La Bandera<\/span><\/a><\/p>\n","protected":false},"author":12,"featured_media":414748,"comment_status":"open","ping_status":"open","sticky":false,"template":"","format":"standard","meta":{"rop_custom_images_group":[],"rop_custom_messages_group":[],"rop_publish_now":"initial","rop_publish_now_accounts":{"facebook_10159540855086992_322828327761733":""},"rop_publish_now_history":[],"rop_publish_now_status":"pending","footnotes":""},"categories":[179,203],"tags":[123],"class_list":["post-414747","post","type-post","status-publish","format-standard","has-post-thumbnail","hentry","category-huasteca","category-yahualica","tag-yahualica","entry"],"_links":{"self":[{"href":"https:\/\/www.zunoticia.com\/noticias-de-hidalgo\/wp-json\/wp\/v2\/posts\/414747","targetHints":{"allow":["GET"]}}],"collection":[{"href":"https:\/\/www.zunoticia.com\/noticias-de-hidalgo\/wp-json\/wp\/v2\/posts"}],"about":[{"href":"https:\/\/www.zunoticia.com\/noticias-de-hidalgo\/wp-json\/wp\/v2\/types\/post"}],"author":[{"embeddable":true,"href":"https:\/\/www.zunoticia.com\/noticias-de-hidalgo\/wp-json\/wp\/v2\/users\/12"}],"replies":[{"embeddable":true,"href":"https:\/\/www.zunoticia.com\/noticias-de-hidalgo\/wp-json\/wp\/v2\/comments?post=414747"}],"version-history":[{"count":1,"href":"https:\/\/www.zunoticia.com\/noticias-de-hidalgo\/wp-json\/wp\/v2\/posts\/414747\/revisions"}],"predecessor-version":[{"id":414750,"href":"https:\/\/www.zunoticia.com\/noticias-de-hidalgo\/wp-json\/wp\/v2\/posts\/414747\/revisions\/414750"}],"wp:featuredmedia":[{"embeddable":true,"href":"https:\/\/www.zunoticia.com\/noticias-de-hidalgo\/wp-json\/wp\/v2\/media\/414748"}],"wp:attachment":[{"href":"https:\/\/www.zunoticia.com\/noticias-de-hidalgo\/wp-json\/wp\/v2\/media?parent=414747"}],"wp:term":[{"taxonomy":"category","embeddable":true,"href":"https:\/\/www.zunoticia.com\/noticias-de-hidalgo\/wp-json\/wp\/v2\/categories?post=414747"},{"taxonomy":"post_tag","embeddable":true,"href":"https:\/\/www.zunoticia.com\/noticias-de-hidalgo\/wp-json\/wp\/v2\/tags?post=414747"}],"curies":[{"name":"wp","href":"https:\/\/api.w.org\/{rel}","templated":true}]}}