{"id":414751,"date":"2022-02-24T15:09:05","date_gmt":"2022-02-24T21:09:05","guid":{"rendered":"https:\/\/www.zunoticia.com\/noticias-de-hidalgo\/?p=414751"},"modified":"2022-02-24T17:08:05","modified_gmt":"2022-02-24T23:08:05","slug":"conmemoraron-el-dia-internacional-de-la-legua-materna","status":"publish","type":"post","link":"https:\/\/www.zunoticia.com\/noticias-de-hidalgo\/2022\/02\/24\/conmemoraron-el-dia-internacional-de-la-legua-materna\/","title":{"rendered":"Conmemoraron el d\u00eda internacional de la lengua materna"},"content":{"rendered":"<aside class=\"mashsb-container mashsb-main mashsb-stretched\"><div class=\"mashsb-box\"><div class=\"mashsb-count mash-large\" style=\"float:left\"><div class=\"counts mashsbcount\">15<\/div><span class=\"mashsb-sharetext\">SHARES<\/span><\/div><div class=\"mashsb-buttons\"><a class=\"mashicon-facebook mash-large mash-center mashsb-noshadow\" href=\"https:\/\/www.facebook.com\/sharer.php?u=https%3A%2F%2Fwww.zunoticia.com%2Fnoticias-de-hidalgo%2F2022%2F02%2F24%2Fconmemoraron-el-dia-internacional-de-la-legua-materna%2F\" target=\"_top\" rel=\"nofollow\"><span class=\"icon\"><\/span><span class=\"text\">Share<\/span><\/a><a class=\"mashicon-twitter mash-large mash-center mashsb-noshadow\" href=\"https:\/\/twitter.com\/intent\/tweet?text=&amp;url=https:\/\/www.zunoticia.com\/noticias-de-hidalgo\/2022\/02\/24\/conmemoraron-el-dia-internacional-de-la-legua-materna\/\" target=\"_top\" rel=\"nofollow\"><span class=\"icon\"><\/span><span class=\"text\">Tweet<\/span><\/a><div class=\"onoffswitch2 mash-large mashsb-noshadow\" style=\"display:none\"><\/div><\/div>\n            <\/div>\n                <div style=\"clear:both\"><\/div><div class=\"mashsb-toggle-container\"><\/div><\/aside>\n            <!-- Share buttons by mashshare.net - Version: 4.0.47-->\n<p><em>Por Roberto Meza\/Zunoticia<\/em><\/p>\n\n\n\n<p><strong>Huazalingo, Hgo. &#8211;<\/strong> Maestros, alumnos y padres de familia de educaci\u00f3n ind\u00edgena, en coordinaci\u00f3n con las autoridades municipales, tuvieron a bien festejar el d\u00eda internacional de la lengua materna; el evento se desarroll\u00f3 en el auditorio de la zona centro, en el acto participaron instituciones de las diversas comunidades.<\/p>\n\n\n\n<p>En la mesa de honor estuvo el secretario municipal Homero S\u00e1nchez, el director de Cultura Apolinar Cort\u00e9s, el supervisor de prescolares ind\u00edgenas Gaudencio Hern\u00e1ndez Bautista, los maestros y alumnos llevaron un encuentro de danzas, exposiciones de libros en n\u00e1huatl entre otras actividades que cautivaron a los presentes.<\/p>\n\n\n\n<figure class=\"wp-block-image size-large\"><img fetchpriority=\"high\" decoding=\"async\" width=\"1024\" height=\"576\" src=\"https:\/\/www.zunoticia.com\/noticias-de-hidalgo\/wp-content\/uploads\/2022\/02\/WhatsApp-Image-2022-02-24-at-2.58.04-PM-3-1024x576.jpeg\" alt=\"\" class=\"wp-image-414753\" srcset=\"https:\/\/www.zunoticia.com\/noticias-de-hidalgo\/wp-content\/uploads\/2022\/02\/WhatsApp-Image-2022-02-24-at-2.58.04-PM-3-1024x576.jpeg 1024w, https:\/\/www.zunoticia.com\/noticias-de-hidalgo\/wp-content\/uploads\/2022\/02\/WhatsApp-Image-2022-02-24-at-2.58.04-PM-3-300x169.jpeg 300w, https:\/\/www.zunoticia.com\/noticias-de-hidalgo\/wp-content\/uploads\/2022\/02\/WhatsApp-Image-2022-02-24-at-2.58.04-PM-3-768x432.jpeg 768w, https:\/\/www.zunoticia.com\/noticias-de-hidalgo\/wp-content\/uploads\/2022\/02\/WhatsApp-Image-2022-02-24-at-2.58.04-PM-3.jpeg 1032w\" sizes=\"(max-width: 1024px) 100vw, 1024px\" \/><\/figure>\n\n\n\n<p>El secretario municipal al hacer uso de la palabra en este evento, primeramente, felicit\u00f3 y reconoci\u00f3 a los maestros nahuatlhablantes que d\u00eda a d\u00eda proyectan la lengua ind\u00edgena en sus clases; as\u00ed mismo destac\u00f3 que es necesario seguir trabajando en estos aspectos para poder preservar la lengua ind\u00edgena, dijo que a trav\u00e9s del \u00e1rea de Cultura y Educaci\u00f3n est\u00e1n trabajando para proyectar este tipo de actividades para preservar la cultura.<\/p>\n\n\n\n<p>Es la primera vez que se lleva a cabo un evento de esta magnitud y es muy importante porque a trav\u00e9s de esto los alumnos, maestros y padres de familia proyectan la lengua ind\u00edgena.<\/p>\n","protected":false},"excerpt":{"rendered":"<p>Por Roberto Meza\/Zunoticia Huazalingo, Hgo. &#8211; Maestros, alumnos y padres de familia de educaci\u00f3n ind\u00edgena, en coordinaci\u00f3n con las autoridades municipales, tuvieron a bien festejar el d\u00eda internacional de la lengua materna; el evento se desarroll\u00f3 en el auditorio de la zona centro, en el acto participaron instituciones de las diversas comunidades. En la mesa&hellip; <a class=\"more-link\" href=\"https:\/\/www.zunoticia.com\/noticias-de-hidalgo\/2022\/02\/24\/conmemoraron-el-dia-internacional-de-la-legua-materna\/\">Seguir leyendo <span class=\"screen-reader-text\">Conmemoraron el d\u00eda internacional de la lengua materna<\/span><\/a><\/p>\n","protected":false},"author":12,"featured_media":414752,"comment_status":"open","ping_status":"open","sticky":false,"template":"","format":"standard","meta":{"rop_custom_images_group":[],"rop_custom_messages_group":[],"rop_publish_now":"initial","rop_publish_now_accounts":{"facebook_10159540855086992_322828327761733":""},"rop_publish_now_history":[],"rop_publish_now_status":"pending","footnotes":""},"categories":[179,212],"tags":[138],"class_list":["post-414751","post","type-post","status-publish","format-standard","has-post-thumbnail","hentry","category-huasteca","category-huazalingo","tag-huazalingo","entry"],"_links":{"self":[{"href":"https:\/\/www.zunoticia.com\/noticias-de-hidalgo\/wp-json\/wp\/v2\/posts\/414751","targetHints":{"allow":["GET"]}}],"collection":[{"href":"https:\/\/www.zunoticia.com\/noticias-de-hidalgo\/wp-json\/wp\/v2\/posts"}],"about":[{"href":"https:\/\/www.zunoticia.com\/noticias-de-hidalgo\/wp-json\/wp\/v2\/types\/post"}],"author":[{"embeddable":true,"href":"https:\/\/www.zunoticia.com\/noticias-de-hidalgo\/wp-json\/wp\/v2\/users\/12"}],"replies":[{"embeddable":true,"href":"https:\/\/www.zunoticia.com\/noticias-de-hidalgo\/wp-json\/wp\/v2\/comments?post=414751"}],"version-history":[{"count":2,"href":"https:\/\/www.zunoticia.com\/noticias-de-hidalgo\/wp-json\/wp\/v2\/posts\/414751\/revisions"}],"predecessor-version":[{"id":414761,"href":"https:\/\/www.zunoticia.com\/noticias-de-hidalgo\/wp-json\/wp\/v2\/posts\/414751\/revisions\/414761"}],"wp:featuredmedia":[{"embeddable":true,"href":"https:\/\/www.zunoticia.com\/noticias-de-hidalgo\/wp-json\/wp\/v2\/media\/414752"}],"wp:attachment":[{"href":"https:\/\/www.zunoticia.com\/noticias-de-hidalgo\/wp-json\/wp\/v2\/media?parent=414751"}],"wp:term":[{"taxonomy":"category","embeddable":true,"href":"https:\/\/www.zunoticia.com\/noticias-de-hidalgo\/wp-json\/wp\/v2\/categories?post=414751"},{"taxonomy":"post_tag","embeddable":true,"href":"https:\/\/www.zunoticia.com\/noticias-de-hidalgo\/wp-json\/wp\/v2\/tags?post=414751"}],"curies":[{"name":"wp","href":"https:\/\/api.w.org\/{rel}","templated":true}]}}