{"id":415761,"date":"2022-03-03T17:51:10","date_gmt":"2022-03-03T23:51:10","guid":{"rendered":"https:\/\/www.zunoticia.com\/noticias-de-hidalgo\/?p=415761"},"modified":"2022-03-03T17:51:11","modified_gmt":"2022-03-03T23:51:11","slug":"se-inmunizan-jovenes-de-14-a-17-anos-contra-covid-19","status":"publish","type":"post","link":"https:\/\/www.zunoticia.com\/noticias-de-hidalgo\/2022\/03\/03\/se-inmunizan-jovenes-de-14-a-17-anos-contra-covid-19\/","title":{"rendered":"Se inmunizan j\u00f3venes de 14 a 17 a\u00f1os contra covid 19"},"content":{"rendered":"<aside class=\"mashsb-container mashsb-main mashsb-stretched\"><div class=\"mashsb-box\"><div class=\"mashsb-count mash-large\" style=\"float:left\"><div class=\"counts mashsbcount\">18<\/div><span class=\"mashsb-sharetext\">SHARES<\/span><\/div><div class=\"mashsb-buttons\"><a class=\"mashicon-facebook mash-large mash-center mashsb-noshadow\" href=\"https:\/\/www.facebook.com\/sharer.php?u=https%3A%2F%2Fwww.zunoticia.com%2Fnoticias-de-hidalgo%2F2022%2F03%2F03%2Fse-inmunizan-jovenes-de-14-a-17-anos-contra-covid-19%2F\" target=\"_top\" rel=\"nofollow\"><span class=\"icon\"><\/span><span class=\"text\">Share<\/span><\/a><a class=\"mashicon-twitter mash-large mash-center mashsb-noshadow\" href=\"https:\/\/twitter.com\/intent\/tweet?text=&amp;url=https:\/\/www.zunoticia.com\/noticias-de-hidalgo\/2022\/03\/03\/se-inmunizan-jovenes-de-14-a-17-anos-contra-covid-19\/\" target=\"_top\" rel=\"nofollow\"><span class=\"icon\"><\/span><span class=\"text\">Tweet<\/span><\/a><div class=\"onoffswitch2 mash-large mashsb-noshadow\" style=\"display:none\"><\/div><\/div>\n            <\/div>\n                <div style=\"clear:both\"><\/div><div class=\"mashsb-toggle-container\"><\/div><\/aside>\n            <!-- Share buttons by mashshare.net - Version: 4.0.47-->\n<p><em>Por Roberto Meza\/Zunoticia<\/em><\/p>\n\n\n\n<p><strong>Huazalingo, Hgo. &#8211; <\/strong>J\u00f3venes de 14 a 17 a\u00f1os de edad, este jueves acudieron a recibir la vacuna contra el covid-19, en la sede del auditorio municipal, en el primer d\u00eda de la jornada para los adolescentes; en dicha jornada participa personal m\u00e9dico del Centro de salud, Protecci\u00f3n civil y polic\u00edas municipales en los filtros sanitizantes.<\/p>\n\n\n\n<p>Con una asistencia numerosa de j\u00f3venes que se dieron cita desde muy temprano, inici\u00f3 el registro en la sede ya citada para este grupo de edad, que con toda la confianza y la actitud formaron largas filas esperando ser inmunizados, pues consideran que es muy importante protegerse y proteger a sus seres queridos.<\/p>\n\n\n\n<figure class=\"wp-block-image size-full\"><img fetchpriority=\"high\" decoding=\"async\" width=\"712\" height=\"350\" src=\"https:\/\/www.zunoticia.com\/noticias-de-hidalgo\/wp-content\/uploads\/2022\/03\/WhatsApp-Image-2022-03-03-at-5.27.36-PM-3.jpeg\" alt=\"\" class=\"wp-image-415763\" srcset=\"https:\/\/www.zunoticia.com\/noticias-de-hidalgo\/wp-content\/uploads\/2022\/03\/WhatsApp-Image-2022-03-03-at-5.27.36-PM-3.jpeg 712w, https:\/\/www.zunoticia.com\/noticias-de-hidalgo\/wp-content\/uploads\/2022\/03\/WhatsApp-Image-2022-03-03-at-5.27.36-PM-3-300x147.jpeg 300w\" sizes=\"(max-width: 712px) 100vw, 712px\" \/><\/figure>\n\n\n\n<p>El personal m\u00e9dico y encargados de la Secretar\u00eda de programas sociales Bienestar se\u00f1alan que es de suma importancia la asistencia y participaci\u00f3n de los j\u00f3venes, no solo por el bienestar de ellos sino de toda la ciudadan\u00eda. Este viernes habr\u00e1n de continuar con la aplicaci\u00f3n de la vacuna, por lo que hacen un llamado a todos los adolescentes para que acudan a aplicarse esta dosis.<\/p>\n","protected":false},"excerpt":{"rendered":"<p>Por Roberto Meza\/Zunoticia Huazalingo, Hgo. &#8211; J\u00f3venes de 14 a 17 a\u00f1os de edad, este jueves acudieron a recibir la vacuna contra el covid-19, en la sede del auditorio municipal, en el primer d\u00eda de la jornada para los adolescentes; en dicha jornada participa personal m\u00e9dico del Centro de salud, Protecci\u00f3n civil y polic\u00edas municipales&hellip; <a class=\"more-link\" href=\"https:\/\/www.zunoticia.com\/noticias-de-hidalgo\/2022\/03\/03\/se-inmunizan-jovenes-de-14-a-17-anos-contra-covid-19\/\">Seguir leyendo <span class=\"screen-reader-text\">Se inmunizan j\u00f3venes de 14 a 17 a\u00f1os contra covid 19<\/span><\/a><\/p>\n","protected":false},"author":12,"featured_media":415762,"comment_status":"open","ping_status":"open","sticky":false,"template":"","format":"standard","meta":{"rop_custom_images_group":[],"rop_custom_messages_group":[],"rop_publish_now":"initial","rop_publish_now_accounts":{"facebook_10159540855086992_322828327761733":""},"rop_publish_now_history":[],"rop_publish_now_status":"pending","footnotes":""},"categories":[179,212],"tags":[138],"class_list":["post-415761","post","type-post","status-publish","format-standard","has-post-thumbnail","hentry","category-huasteca","category-huazalingo","tag-huazalingo","entry"],"_links":{"self":[{"href":"https:\/\/www.zunoticia.com\/noticias-de-hidalgo\/wp-json\/wp\/v2\/posts\/415761","targetHints":{"allow":["GET"]}}],"collection":[{"href":"https:\/\/www.zunoticia.com\/noticias-de-hidalgo\/wp-json\/wp\/v2\/posts"}],"about":[{"href":"https:\/\/www.zunoticia.com\/noticias-de-hidalgo\/wp-json\/wp\/v2\/types\/post"}],"author":[{"embeddable":true,"href":"https:\/\/www.zunoticia.com\/noticias-de-hidalgo\/wp-json\/wp\/v2\/users\/12"}],"replies":[{"embeddable":true,"href":"https:\/\/www.zunoticia.com\/noticias-de-hidalgo\/wp-json\/wp\/v2\/comments?post=415761"}],"version-history":[{"count":1,"href":"https:\/\/www.zunoticia.com\/noticias-de-hidalgo\/wp-json\/wp\/v2\/posts\/415761\/revisions"}],"predecessor-version":[{"id":415764,"href":"https:\/\/www.zunoticia.com\/noticias-de-hidalgo\/wp-json\/wp\/v2\/posts\/415761\/revisions\/415764"}],"wp:featuredmedia":[{"embeddable":true,"href":"https:\/\/www.zunoticia.com\/noticias-de-hidalgo\/wp-json\/wp\/v2\/media\/415762"}],"wp:attachment":[{"href":"https:\/\/www.zunoticia.com\/noticias-de-hidalgo\/wp-json\/wp\/v2\/media?parent=415761"}],"wp:term":[{"taxonomy":"category","embeddable":true,"href":"https:\/\/www.zunoticia.com\/noticias-de-hidalgo\/wp-json\/wp\/v2\/categories?post=415761"},{"taxonomy":"post_tag","embeddable":true,"href":"https:\/\/www.zunoticia.com\/noticias-de-hidalgo\/wp-json\/wp\/v2\/tags?post=415761"}],"curies":[{"name":"wp","href":"https:\/\/api.w.org\/{rel}","templated":true}]}}