{"id":420549,"date":"2022-04-09T13:03:46","date_gmt":"2022-04-09T18:03:46","guid":{"rendered":"https:\/\/www.zunoticia.com\/noticias-de-hidalgo\/?p=420549"},"modified":"2022-04-09T13:03:46","modified_gmt":"2022-04-09T18:03:46","slug":"despues-de-junio-viene-julio-claman-pobladores-de-tula-de-allende","status":"publish","type":"post","link":"https:\/\/www.zunoticia.com\/noticias-de-hidalgo\/2022\/04\/09\/despues-de-junio-viene-julio-claman-pobladores-de-tula-de-allende\/","title":{"rendered":"\u201cDespu\u00e9s de junio viene Julio\u201d, claman pobladores de Tula de Allende"},"content":{"rendered":"<aside class=\"mashsb-container mashsb-main mashsb-stretched\"><div class=\"mashsb-box\"><div class=\"mashsb-count mash-large\" style=\"float:left\"><div class=\"counts mashsbcount\">24<\/div><span class=\"mashsb-sharetext\">SHARES<\/span><\/div><div class=\"mashsb-buttons\"><a class=\"mashicon-facebook mash-large mash-center mashsb-noshadow\" href=\"https:\/\/www.facebook.com\/sharer.php?u=https%3A%2F%2Fwww.zunoticia.com%2Fnoticias-de-hidalgo%2F2022%2F04%2F09%2Fdespues-de-junio-viene-julio-claman-pobladores-de-tula-de-allende%2F\" target=\"_top\" rel=\"nofollow\"><span class=\"icon\"><\/span><span class=\"text\">Share<\/span><\/a><a class=\"mashicon-twitter mash-large mash-center mashsb-noshadow\" href=\"https:\/\/twitter.com\/intent\/tweet?text=&amp;url=https:\/\/www.zunoticia.com\/noticias-de-hidalgo\/2022\/04\/09\/despues-de-junio-viene-julio-claman-pobladores-de-tula-de-allende\/\" target=\"_top\" rel=\"nofollow\"><span class=\"icon\"><\/span><span class=\"text\">Tweet<\/span><\/a><div class=\"onoffswitch2 mash-large mashsb-noshadow\" style=\"display:none\"><\/div><\/div>\n            <\/div>\n                <div style=\"clear:both\"><\/div><div class=\"mashsb-toggle-container\"><\/div><\/aside>\n            <!-- Share buttons by mashshare.net - Version: 4.0.47-->\n<p><em>Por Redacci\u00f3n\/Zunoticia<\/em><\/p>\n\n\n\n<p><strong>Tula, de Allende, Hgo. &#8211; <\/strong>Julio Menchaca Salazar, candidato com\u00fan de Morena y de los partidos Nueva Alianza y del Trabajo a la gubernatura del estado de Hidalgo, recibi\u00f3 el respaldo de las y los habitantes de Tula de Allende, donde, \u201ccomo en el resto de las 4 mil 692 comunidades del estado, el reclamo es por las necesidades m\u00e1s b\u00e1sicas, y eso hay que detenerlo y revertirlo\u201d, afirm\u00f3 el aspirante.<\/p>\n\n\n\n<p>&nbsp;Menchaca enumer\u00f3 parte de las calamidades que afectan al estado: caminos intransitables, escuelas cay\u00e9ndose y centros de salud sin m\u00e9dicos ni medicinas, habiendo 7 mil millones de presupuesto.<\/p>\n\n\n\n<p>&nbsp;\u201cSe va diluyendo el dinero al bolsillo de muy pocos y la gente sigue en el reclamo de sus necesidades m\u00e1s b\u00e1sicas\u201d, lament\u00f3 el aspirante al gobierno del estado de Hidalgo.<\/p>\n\n\n\n<p>&nbsp;En Tula, cuna de una de las culturas m\u00e1s importantes de Mesoam\u00e9rica, Julio Menchaca celebr\u00f3 la emoci\u00f3n, fuerza y dignidad de un pueblo que, asegur\u00f3, tiene valor y dignidad.<\/p>\n\n\n\n<p>&nbsp;Y lo aclar\u00f3, aludiendo a las inundaciones del 6 y 7 de septiembre pasado en la regi\u00f3n: \u201cNo tenemos que venir en la madrugada para evadir el reclamo de la poblaci\u00f3n. Aqu\u00ed est\u00e1 el dolor, por eso les digo mir\u00e1ndonos a los ojos: no les voy a fallar, no tengo derecho a equivocarme\u201d.<\/p>\n\n\n\n<p>&nbsp;Ratific\u00f3 que su apuesta es atender las necesidades m\u00e1s apremiantes, hacer de Hidalgo una potencia y, a partir de ah\u00ed, generar bienestar en favor de los m\u00e1s pobres. Esa es la premisa de la transformaci\u00f3n que impulsa el presidente Andr\u00e9s Manuel L\u00f3pez Obrador, asegur\u00f3.<\/p>\n\n\n\n<p>&nbsp;Y, en medio del recibimiento de un fuerte contingente que lleg\u00f3 al mitin realizado en la explanada del Teatro al Aire Libre, en el centro de Tula, alert\u00f3: \u201cNo nos confiemos y dejemos de ir a votar en junio\u201d. En respuesta, las y los asistentes clamaron que \u00a1despu\u00e9s de junio viene Julio!<\/p>\n\n\n\n<p>El candidato de \u201cJuntos Hacemos Historia\u201d destac\u00f3 la importancia de, en esta campa\u00f1a, tocar puertas y corazones. \u201cEl reto es trasladar la esperanza a la realidad\u201d, subray\u00f3 Julio Menchaca, quien dijo que en Tula hay experiencia de trabajadores petroleros, campesinos, electricistas, mujeres, j\u00f3venes y hombres. Lo importante, dijo, es trabajar y, juntos, sacar adelante a Hidalgo.<\/p>\n\n\n\n<p>&nbsp;Tras reiterar que la sociedad tiene en Julio Menchaca a un aliado, insisti\u00f3 en la correcta utilizaci\u00f3n del presupuesto. \u201cBienvenida la austeridad y el uso adecuado de los recursos, y lo vamos a hacer con ustedes\u201d.<\/p>\n\n\n\n<p>&nbsp;Antes de la participaci\u00f3n del aspirante a gobernador, los tulenses advirtieron que ya no quieren despensas podridas ni que prosiga la insensibilidad de las autoridades estatales y municipales porque, se destacaron, el municipio es un pueblo de guerreros provenientes de los atlantes y de ah\u00ed que hoy abracen la esperanza.<\/p>\n\n\n\n<p>\u00a0Sandra Ordo\u00f1ez, presidenta de Morena en Hidalgo, asegur\u00f3 que el cambio lleg\u00f3 a Hidalgo con la apertura e inclusi\u00f3n de las mujeres y adultos mayores. Coment\u00f3 que en Morena caben todas y todos y, \u201cunidos, vamos por la esperanza porque somos los protagonistas del cambio verdadero\u201d.<\/p>\n\n\n\n<p>\u00a0Antes, la diputada federal Simey Olvera consider\u00f3 que los adversarios pol\u00edticos no tienen cara para pedir el voto. \u201cNos han saqueado y a\u00fan a aquellos a los que en alg\u00fan momento Morena acogi\u00f3 hoy denostan. Hacen un triste papel\u201d, asegur\u00f3.<\/p>\n","protected":false},"excerpt":{"rendered":"<p>Por Redacci\u00f3n\/Zunoticia Tula, de Allende, Hgo. &#8211; Julio Menchaca Salazar, candidato com\u00fan de Morena y de los partidos Nueva Alianza y del Trabajo a la gubernatura del estado de Hidalgo, recibi\u00f3 el respaldo de las y los habitantes de Tula de Allende, donde, \u201ccomo en el resto de las 4 mil 692 comunidades del estado,&hellip; <a class=\"more-link\" href=\"https:\/\/www.zunoticia.com\/noticias-de-hidalgo\/2022\/04\/09\/despues-de-junio-viene-julio-claman-pobladores-de-tula-de-allende\/\">Seguir leyendo <span class=\"screen-reader-text\">\u201cDespu\u00e9s de junio viene Julio\u201d, claman pobladores de Tula de Allende<\/span><\/a><\/p>\n","protected":false},"author":12,"featured_media":420550,"comment_status":"open","ping_status":"open","sticky":false,"template":"","format":"standard","meta":{"rop_custom_images_group":[],"rop_custom_messages_group":[],"rop_publish_now":"initial","rop_publish_now_accounts":{"facebook_10159540855086992_322828327761733":""},"rop_publish_now_history":[],"rop_publish_now_status":"pending","footnotes":""},"categories":[208],"tags":[214],"class_list":["post-420549","post","type-post","status-publish","format-standard","has-post-thumbnail","hentry","category-estado","tag-estado","entry"],"_links":{"self":[{"href":"https:\/\/www.zunoticia.com\/noticias-de-hidalgo\/wp-json\/wp\/v2\/posts\/420549","targetHints":{"allow":["GET"]}}],"collection":[{"href":"https:\/\/www.zunoticia.com\/noticias-de-hidalgo\/wp-json\/wp\/v2\/posts"}],"about":[{"href":"https:\/\/www.zunoticia.com\/noticias-de-hidalgo\/wp-json\/wp\/v2\/types\/post"}],"author":[{"embeddable":true,"href":"https:\/\/www.zunoticia.com\/noticias-de-hidalgo\/wp-json\/wp\/v2\/users\/12"}],"replies":[{"embeddable":true,"href":"https:\/\/www.zunoticia.com\/noticias-de-hidalgo\/wp-json\/wp\/v2\/comments?post=420549"}],"version-history":[{"count":1,"href":"https:\/\/www.zunoticia.com\/noticias-de-hidalgo\/wp-json\/wp\/v2\/posts\/420549\/revisions"}],"predecessor-version":[{"id":420551,"href":"https:\/\/www.zunoticia.com\/noticias-de-hidalgo\/wp-json\/wp\/v2\/posts\/420549\/revisions\/420551"}],"wp:featuredmedia":[{"embeddable":true,"href":"https:\/\/www.zunoticia.com\/noticias-de-hidalgo\/wp-json\/wp\/v2\/media\/420550"}],"wp:attachment":[{"href":"https:\/\/www.zunoticia.com\/noticias-de-hidalgo\/wp-json\/wp\/v2\/media?parent=420549"}],"wp:term":[{"taxonomy":"category","embeddable":true,"href":"https:\/\/www.zunoticia.com\/noticias-de-hidalgo\/wp-json\/wp\/v2\/categories?post=420549"},{"taxonomy":"post_tag","embeddable":true,"href":"https:\/\/www.zunoticia.com\/noticias-de-hidalgo\/wp-json\/wp\/v2\/tags?post=420549"}],"curies":[{"name":"wp","href":"https:\/\/api.w.org\/{rel}","templated":true}]}}