{"id":420565,"date":"2022-04-09T16:43:27","date_gmt":"2022-04-09T21:43:27","guid":{"rendered":"https:\/\/www.zunoticia.com\/noticias-de-hidalgo\/?p=420565"},"modified":"2022-04-09T16:43:30","modified_gmt":"2022-04-09T21:43:30","slug":"revocacion-de-mandato-es-inedito-en-mexico-jm","status":"publish","type":"post","link":"https:\/\/www.zunoticia.com\/noticias-de-hidalgo\/2022\/04\/09\/revocacion-de-mandato-es-inedito-en-mexico-jm\/","title":{"rendered":"Revocaci\u00f3n de mandato, es in\u00e9dito en M\u00e9xico: JM"},"content":{"rendered":"<aside class=\"mashsb-container mashsb-main mashsb-stretched\"><div class=\"mashsb-box\"><div class=\"mashsb-count mash-large\" style=\"float:left\"><div class=\"counts mashsbcount\">13<\/div><span class=\"mashsb-sharetext\">SHARES<\/span><\/div><div class=\"mashsb-buttons\"><a class=\"mashicon-facebook mash-large mash-center mashsb-noshadow\" href=\"https:\/\/www.facebook.com\/sharer.php?u=https%3A%2F%2Fwww.zunoticia.com%2Fnoticias-de-hidalgo%2F2022%2F04%2F09%2Frevocacion-de-mandato-es-inedito-en-mexico-jm%2F\" target=\"_top\" rel=\"nofollow\"><span class=\"icon\"><\/span><span class=\"text\">Share<\/span><\/a><a class=\"mashicon-twitter mash-large mash-center mashsb-noshadow\" href=\"https:\/\/twitter.com\/intent\/tweet?text=&amp;url=https:\/\/www.zunoticia.com\/noticias-de-hidalgo\/2022\/04\/09\/revocacion-de-mandato-es-inedito-en-mexico-jm\/\" target=\"_top\" rel=\"nofollow\"><span class=\"icon\"><\/span><span class=\"text\">Tweet<\/span><\/a><div class=\"onoffswitch2 mash-large mashsb-noshadow\" style=\"display:none\"><\/div><\/div>\n            <\/div>\n                <div style=\"clear:both\"><\/div><div class=\"mashsb-toggle-container\"><\/div><\/aside>\n            <!-- Share buttons by mashshare.net - Version: 4.0.47-->\n<p><em>Por Enedino Hern\u00e1ndez\/Zunoticia<\/em><\/p>\n\n\n\n<p><strong>Huejutla, Hgo. &#8211;<\/strong> &#8220;El ejercicio de revocaci\u00f3n de mandato es una cosa in\u00e9dita, que por primera vez en la historia se llevar\u00e1 a cabo en M\u00e9xico este domingo 10 de abril; que bueno que se van integrando cosas nuevas, pues el presidente actual ha pedido desde un principio que la ciudadan\u00eda vote para que diga si es que est\u00e1 trabajando bien o no&#8221; as\u00ed lo expuso el sacerdote cat\u00f3lico, Jes\u00fas Morf\u00edn Cartagena.<\/p>\n\n\n\n<p>A\u00f1adi\u00f3 que esta situaci\u00f3n ya est\u00e1 estipulada en la Constituci\u00f3n, en donde se invita a participar en la revocaci\u00f3n de mandato, por lo que ser\u00e1 con este presidente y con quienes sigan cuando se aplicar\u00e1 este ejercicio \u201cla gente que trabaja bien no tiene por qu\u00e9 tener miedo, y la gente tramposa que no trabaja bien tiene que tener cierto miedo, porque los electores y ciudadanos est\u00e1n viendo el desarrollo y el desempe\u00f1o correspondiente\u201d.<\/p>\n\n\n\n<p>Se\u00f1al\u00f3 que muchas veces, cuando alguien llega al gobierno, ya sea federal, estatal o municipal, pone solo a sus amigos, aunque no sean capaces en el trabajo \u201cesto definitivamente tiene que acabarse, pues se tiene que poner a personas que realmente sepan desempe\u00f1ar el trabajo correspondiente y aptas para atender en cualquier secretar\u00eda de los diversos niveles de gobierno.<\/p>\n\n\n\n<p>La consulta de revocaci\u00f3n de mandato es una manera de poder decirle al gobernante en turno si es que hace bien las cosas o no, ya sea decirle mejor vete por donde viniste, o que bueno que est\u00e1 haciendo las cosas bien, pero te falta todav\u00eda, \u00e9chale ganas\u201d.<\/p>\n\n\n\n<p>A\u00f1adi\u00f3 que la poblaci\u00f3n en general est\u00e1 de acuerdo en que se haga este ejercicio \u201cno s\u00e9 porque los partidos pol\u00edticos no est\u00e1n de acuerdo, no s\u00e9 qu\u00e9 pasa, pero alg\u00fan temor tienen&#8230;<\/p>\n\n\n\n<p>Concluy\u00f3 que los ciudadanos est\u00e1n en la mejor libertad de acudir a emitir su voto, los que no est\u00e9n de acuerdo pues simplemente que no acudan \u201clo que se busca es un mejor desarrollo para el pa\u00eds, ojal\u00e1 y que este tipo de ejercicios tambi\u00e9n sean aplicados para los gobernadores y los presidentes municipales, para que a medio periodo si es que est\u00e1n trabajando bien pues s\u00edganle, y si no pues d\u00e9jenle el espacio para otro\u201d.<\/p>\n","protected":false},"excerpt":{"rendered":"<p>Por Enedino Hern\u00e1ndez\/Zunoticia Huejutla, Hgo. &#8211; &#8220;El ejercicio de revocaci\u00f3n de mandato es una cosa in\u00e9dita, que por primera vez en la historia se llevar\u00e1 a cabo en M\u00e9xico este domingo 10 de abril; que bueno que se van integrando cosas nuevas, pues el presidente actual ha pedido desde un principio que la ciudadan\u00eda vote&hellip; <a class=\"more-link\" href=\"https:\/\/www.zunoticia.com\/noticias-de-hidalgo\/2022\/04\/09\/revocacion-de-mandato-es-inedito-en-mexico-jm\/\">Seguir leyendo <span class=\"screen-reader-text\">Revocaci\u00f3n de mandato, es in\u00e9dito en M\u00e9xico: JM<\/span><\/a><\/p>\n","protected":false},"author":12,"featured_media":420566,"comment_status":"open","ping_status":"open","sticky":false,"template":"","format":"standard","meta":{"rop_custom_images_group":[],"rop_custom_messages_group":[],"rop_publish_now":"initial","rop_publish_now_accounts":{"facebook_10159540855086992_322828327761733":""},"rop_publish_now_history":[],"rop_publish_now_status":"pending","footnotes":""},"categories":[181],"tags":[121],"class_list":["post-420565","post","type-post","status-publish","format-standard","has-post-thumbnail","hentry","category-huejutla","tag-huejutla","entry"],"_links":{"self":[{"href":"https:\/\/www.zunoticia.com\/noticias-de-hidalgo\/wp-json\/wp\/v2\/posts\/420565","targetHints":{"allow":["GET"]}}],"collection":[{"href":"https:\/\/www.zunoticia.com\/noticias-de-hidalgo\/wp-json\/wp\/v2\/posts"}],"about":[{"href":"https:\/\/www.zunoticia.com\/noticias-de-hidalgo\/wp-json\/wp\/v2\/types\/post"}],"author":[{"embeddable":true,"href":"https:\/\/www.zunoticia.com\/noticias-de-hidalgo\/wp-json\/wp\/v2\/users\/12"}],"replies":[{"embeddable":true,"href":"https:\/\/www.zunoticia.com\/noticias-de-hidalgo\/wp-json\/wp\/v2\/comments?post=420565"}],"version-history":[{"count":1,"href":"https:\/\/www.zunoticia.com\/noticias-de-hidalgo\/wp-json\/wp\/v2\/posts\/420565\/revisions"}],"predecessor-version":[{"id":420567,"href":"https:\/\/www.zunoticia.com\/noticias-de-hidalgo\/wp-json\/wp\/v2\/posts\/420565\/revisions\/420567"}],"wp:featuredmedia":[{"embeddable":true,"href":"https:\/\/www.zunoticia.com\/noticias-de-hidalgo\/wp-json\/wp\/v2\/media\/420566"}],"wp:attachment":[{"href":"https:\/\/www.zunoticia.com\/noticias-de-hidalgo\/wp-json\/wp\/v2\/media?parent=420565"}],"wp:term":[{"taxonomy":"category","embeddable":true,"href":"https:\/\/www.zunoticia.com\/noticias-de-hidalgo\/wp-json\/wp\/v2\/categories?post=420565"},{"taxonomy":"post_tag","embeddable":true,"href":"https:\/\/www.zunoticia.com\/noticias-de-hidalgo\/wp-json\/wp\/v2\/tags?post=420565"}],"curies":[{"name":"wp","href":"https:\/\/api.w.org\/{rel}","templated":true}]}}